{"id":27203,"date":"2003-01-12T00:00:00","date_gmt":"2003-01-12T00:00:00","guid":{"rendered":"https:\/\/www.deberes.net\/tesis\/sin-categoria\/la-represion-franquista-de-postguerra-en-cadiz-1936-1945\/"},"modified":"2003-01-12T00:00:00","modified_gmt":"2003-01-12T00:00:00","slug":"la-represion-franquista-de-postguerra-en-cadiz-1936-1945","status":"publish","type":"post","link":"https:\/\/www.deberes.net\/tesis\/cadiz\/la-represion-franquista-de-postguerra-en-cadiz-1936-1945\/","title":{"rendered":"La represi\u00f3n franquista de postguerra en cadiz (1936-1945)"},"content":{"rendered":"<h2>Tesis doctoral de <strong> Alicia Dom\u00ednguez P\u00e9rez <\/strong><\/h2>\n<p>Estudio sobre la represi\u00f3n desencadenada en c\u00e1diz por el regimen franquista contra los defensores del gobierno legal de la segunda rep\u00fablica entre los a\u00f1os 1936 y 1945 y concretado en:  destrucci\u00f3n de las bases rep\u00fablicanas (detecci\u00f3n y fusilamiento de las autoridades locales rep\u00fablicanas y de los afectos al frente popular), incautaci\u00f3n de sus bienes, encarcelamientos, depuraci\u00f3n en el seno de los organismos p\u00fablicos y especialmente en la ense\u00f1anza, inicio de un proceso de recogida exhaustiva de informaci\u00f3n sobre desafectos (\u00abfichados\u00bb) e investigaci\u00f3n social a trav\u00e9s de los informes de conducta pol\u00edtico social, celebraci\u00f3n de juicios sumarios y apertura de expedientes militares y por \u00faltimo instrumentaci\u00f3n de procedimientos al amparo de la ley de responsabilidades pol\u00edticas de febrero de 1939 y de la represi\u00f3n de la masoner\u00eda y el comunismo de marzo de 1940.  se aporta base de datos con un total de 13632 afectados por el sistema represivo.<\/p>\n<p>&nbsp;<\/p>\n<h3>Datos acad\u00e9micos de la tesis doctoral \u00ab<strong>La represi\u00f3n franquista de postguerra en cadiz (1936-1945)<\/strong>\u00ab<\/h3>\n<ul>\n<li><strong>T\u00edtulo de la tesis:<\/strong>\u00a0 La represi\u00f3n franquista de postguerra en cadiz (1936-1945) <\/li>\n<li><strong>Autor:<\/strong>\u00a0 Alicia Dom\u00ednguez P\u00e9rez <\/li>\n<li><strong>Universidad:<\/strong>\u00a0 C\u00e1diz<\/li>\n<li><strong>Fecha de lectura de la tesis:<\/strong>\u00a0 01\/12\/2003<\/li>\n<\/ul>\n<p>&nbsp;<\/p>\n<h3>Direcci\u00f3n y tribunal<\/h3>\n<ul>\n<li><strong>Director de la tesis<\/strong>\n<ul>\n<li>Alberto Ramos Santana<\/li>\n<\/ul>\n<\/li>\n<li><strong>Tribunal<\/strong>\n<ul>\n<li>Presidente del tribunal: julio Arostegui sanchez <\/li>\n<li>diego Caro cancela (vocal)<\/li>\n<li>Juli\u00e1n Casanovas ruiz (vocal)<\/li>\n<li>Rafael Gil bracero (vocal)<\/li>\n<\/ul>\n<\/li>\n<\/ul>\n<p>&nbsp;<\/p>\n","protected":false},"excerpt":{"rendered":"<p>Tesis doctoral de Alicia Dom\u00ednguez P\u00e9rez Estudio sobre la represi\u00f3n desencadenada en c\u00e1diz por el regimen franquista contra los defensores [&hellip;]<\/p>\n","protected":false},"author":1,"featured_media":0,"comment_status":"open","ping_status":"open","sticky":false,"template":"","format":"standard","meta":{"site-sidebar-layout":"default","site-content-layout":"","ast-site-content-layout":"","site-content-style":"default","site-sidebar-style":"default","ast-global-header-display":"","ast-banner-title-visibility":"","ast-main-header-display":"","ast-hfb-above-header-display":"","ast-hfb-below-header-display":"","ast-hfb-mobile-header-display":"","site-post-title":"","ast-breadcrumbs-content":"","ast-featured-img":"","footer-sml-layout":"","theme-transparent-header-meta":"","adv-header-id-meta":"","stick-header-meta":"","header-above-stick-meta":"","header-main-stick-meta":"","header-below-stick-meta":"","astra-migrate-meta-layouts":"default","ast-page-background-enabled":"default","ast-page-background-meta":{"desktop":{"background-color":"var(--ast-global-color-4)","background-image":"","background-repeat":"repeat","background-position":"center center","background-size":"auto","background-attachment":"scroll","background-type":"","background-media":"","overlay-type":"","overlay-color":"","overlay-gradient":""},"tablet":{"background-color":"","background-image":"","background-repeat":"repeat","background-position":"center center","background-size":"auto","background-attachment":"scroll","background-type":"","background-media":"","overlay-type":"","overlay-color":"","overlay-gradient":""},"mobile":{"background-color":"","background-image":"","background-repeat":"repeat","background-position":"center center","background-size":"auto","background-attachment":"scroll","background-type":"","background-media":"","overlay-type":"","overlay-color":"","overlay-gradient":""}},"ast-content-background-meta":{"desktop":{"background-color":"var(--ast-global-color-5)","background-image":"","background-repeat":"repeat","background-position":"center center","background-size":"auto","background-attachment":"scroll","background-type":"","background-media":"","overlay-type":"","overlay-color":"","overlay-gradient":""},"tablet":{"background-color":"var(--ast-global-color-5)","background-image":"","background-repeat":"repeat","background-position":"center center","background-size":"auto","background-attachment":"scroll","background-type":"","background-media":"","overlay-type":"","overlay-color":"","overlay-gradient":""},"mobile":{"background-color":"var(--ast-global-color-5)","background-image":"","background-repeat":"repeat","background-position":"center center","background-size":"auto","background-attachment":"scroll","background-type":"","background-media":"","overlay-type":"","overlay-color":"","overlay-gradient":""}},"footnotes":""},"categories":[1506],"tags":[20534,78235,51091,78236,4198,21986],"class_list":["post-27203","post","type-post","status-publish","format-standard","hentry","category-cadiz","tag-alberto-ramos-santana","tag-alicia-dominguez-perez","tag-diego-caro-cancela","tag-julian-casanovas-ruiz","tag-julio-arostegui-sanchez","tag-rafael-gil-bracero"],"_links":{"self":[{"href":"https:\/\/www.deberes.net\/tesis\/wp-json\/wp\/v2\/posts\/27203","targetHints":{"allow":["GET"]}}],"collection":[{"href":"https:\/\/www.deberes.net\/tesis\/wp-json\/wp\/v2\/posts"}],"about":[{"href":"https:\/\/www.deberes.net\/tesis\/wp-json\/wp\/v2\/types\/post"}],"author":[{"embeddable":true,"href":"https:\/\/www.deberes.net\/tesis\/wp-json\/wp\/v2\/users\/1"}],"replies":[{"embeddable":true,"href":"https:\/\/www.deberes.net\/tesis\/wp-json\/wp\/v2\/comments?post=27203"}],"version-history":[{"count":0,"href":"https:\/\/www.deberes.net\/tesis\/wp-json\/wp\/v2\/posts\/27203\/revisions"}],"wp:attachment":[{"href":"https:\/\/www.deberes.net\/tesis\/wp-json\/wp\/v2\/media?parent=27203"}],"wp:term":[{"taxonomy":"category","embeddable":true,"href":"https:\/\/www.deberes.net\/tesis\/wp-json\/wp\/v2\/categories?post=27203"},{"taxonomy":"post_tag","embeddable":true,"href":"https:\/\/www.deberes.net\/tesis\/wp-json\/wp\/v2\/tags?post=27203"}],"curies":[{"name":"wp","href":"https:\/\/api.w.org\/{rel}","templated":true}]}}