{"id":27237,"date":"2003-02-12T00:00:00","date_gmt":"2003-02-12T00:00:00","guid":{"rendered":"https:\/\/www.deberes.net\/tesis\/sin-categoria\/libre-circulacion-del-abogado-en-la-union-europea-trabajador-por-cuenta-propia-trabajador-por-cuenta-ajena\/"},"modified":"2003-02-12T00:00:00","modified_gmt":"2003-02-12T00:00:00","slug":"libre-circulacion-del-abogado-en-la-union-europea-trabajador-por-cuenta-propia-trabajador-por-cuenta-ajena","status":"publish","type":"post","link":"https:\/\/www.deberes.net\/tesis\/extremadura\/libre-circulacion-del-abogado-en-la-union-europea-trabajador-por-cuenta-propia-trabajador-por-cuenta-ajena\/","title":{"rendered":"Libre circulaci\u00f3n del abogado en la uni\u00f3n europea: trabajador por cuenta propia, trabajador por cuenta ajena"},"content":{"rendered":"<h2>Tesis doctoral de <strong>  Vi\u00f1uelas Zahinos M. Teresa <\/strong><\/h2>\n<p>En una primera parte del trabajo se analizan las libertades comunitarias que utiliza el alegado para circular, a saber, libertad de establecimiento, libre prestaci\u00f3n de servicios y libre circulaci\u00f3n de trabajadores. Se estudia la evoluci\u00f3n hist\u00f3rica, sus diferencias, los elementos objetivos y subjetivos que la configuraci\u00f3n, as\u00ed como sus derechos instrumentales y excepciones.  en la segunda parte del trabajo se analiza de forma pormenorizada y pr\u00e1ctica la circulaci\u00f3n del abogado comunitario, con el estudio del sistema general de reconocimiento de t\u00edtulos, junto con el espec\u00edfico de abogados, y apuntes de derecho comparado &#8212;- la formaci\u00f3n universitaria y profesional, regulaci\u00f3n de la publicidad cooperaci\u00f3n interprofesional, pacto de \u00abcuota litis\u00bb, seguro de responsabilidad profesional en los distintos estados miembros.<\/p>\n<p>&nbsp;<\/p>\n<h3>Datos acad\u00e9micos de la tesis doctoral \u00ab<strong>Libre circulaci\u00f3n del abogado en la uni\u00f3n europea: trabajador por cuenta propia, trabajador por cuenta ajena<\/strong>\u00ab<\/h3>\n<ul>\n<li><strong>T\u00edtulo de la tesis:<\/strong>\u00a0 Libre circulaci\u00f3n del abogado en la uni\u00f3n europea: trabajador por cuenta propia, trabajador por cuenta ajena <\/li>\n<li><strong>Autor:<\/strong>\u00a0  Vi\u00f1uelas Zahinos M. Teresa <\/li>\n<li><strong>Universidad:<\/strong>\u00a0 Extremadura<\/li>\n<li><strong>Fecha de lectura de la tesis:<\/strong>\u00a0 02\/12\/2003<\/li>\n<\/ul>\n<p>&nbsp;<\/p>\n<h3>Direcci\u00f3n y tribunal<\/h3>\n<ul>\n<li><strong>Director de la tesis<\/strong>\n<ul>\n<li>Francisco Rubio Sanchez<\/li>\n<\/ul>\n<\/li>\n<li><strong>Tribunal<\/strong>\n<ul>\n<li>Presidente del tribunal: alfonso Luis Calvo caravaca <\/li>\n<li>pilar Blanco morales (vocal)<\/li>\n<li>Antonio  vicente Sempere navarro (vocal)<\/li>\n<li>Miguel Cardenal carro (vocal)<\/li>\n<\/ul>\n<\/li>\n<\/ul>\n<p>&nbsp;<\/p>\n","protected":false},"excerpt":{"rendered":"<p>Tesis doctoral de Vi\u00f1uelas Zahinos M. Teresa En una primera parte del trabajo se analizan las libertades comunitarias que utiliza [&hellip;]<\/p>\n","protected":false},"author":1,"featured_media":0,"comment_status":"open","ping_status":"open","sticky":false,"template":"","format":"standard","meta":{"site-sidebar-layout":"default","site-content-layout":"","ast-site-content-layout":"","site-content-style":"default","site-sidebar-style":"default","ast-global-header-display":"","ast-banner-title-visibility":"","ast-main-header-display":"","ast-hfb-above-header-display":"","ast-hfb-below-header-display":"","ast-hfb-mobile-header-display":"","site-post-title":"","ast-breadcrumbs-content":"","ast-featured-img":"","footer-sml-layout":"","theme-transparent-header-meta":"","adv-header-id-meta":"","stick-header-meta":"","header-above-stick-meta":"","header-main-stick-meta":"","header-below-stick-meta":"","astra-migrate-meta-layouts":"default","ast-page-background-enabled":"default","ast-page-background-meta":{"desktop":{"background-color":"var(--ast-global-color-4)","background-image":"","background-repeat":"repeat","background-position":"center center","background-size":"auto","background-attachment":"scroll","background-type":"","background-media":"","overlay-type":"","overlay-color":"","overlay-gradient":""},"tablet":{"background-color":"","background-image":"","background-repeat":"repeat","background-position":"center center","background-size":"auto","background-attachment":"scroll","background-type":"","background-media":"","overlay-type":"","overlay-color":"","overlay-gradient":""},"mobile":{"background-color":"","background-image":"","background-repeat":"repeat","background-position":"center center","background-size":"auto","background-attachment":"scroll","background-type":"","background-media":"","overlay-type":"","overlay-color":"","overlay-gradient":""}},"ast-content-background-meta":{"desktop":{"background-color":"var(--ast-global-color-5)","background-image":"","background-repeat":"repeat","background-position":"center center","background-size":"auto","background-attachment":"scroll","background-type":"","background-media":"","overlay-type":"","overlay-color":"","overlay-gradient":""},"tablet":{"background-color":"var(--ast-global-color-5)","background-image":"","background-repeat":"repeat","background-position":"center center","background-size":"auto","background-attachment":"scroll","background-type":"","background-media":"","overlay-type":"","overlay-color":"","overlay-gradient":""},"mobile":{"background-color":"var(--ast-global-color-5)","background-image":"","background-repeat":"repeat","background-position":"center center","background-size":"auto","background-attachment":"scroll","background-type":"","background-media":"","overlay-type":"","overlay-color":"","overlay-gradient":""}},"footnotes":""},"categories":[949],"tags":[6579,24532,46217,32067,78318,78317],"class_list":["post-27237","post","type-post","status-publish","format-standard","hentry","category-extremadura","tag-alfonso-luis-calvo-caravaca","tag-antonio-vicente-sempere-navarro","tag-francisco-rubio-sanchez","tag-miguel-cardenal-carro","tag-pilar-blanco-morales","tag-vinuelas-zahinos-m-teresa"],"_links":{"self":[{"href":"https:\/\/www.deberes.net\/tesis\/wp-json\/wp\/v2\/posts\/27237","targetHints":{"allow":["GET"]}}],"collection":[{"href":"https:\/\/www.deberes.net\/tesis\/wp-json\/wp\/v2\/posts"}],"about":[{"href":"https:\/\/www.deberes.net\/tesis\/wp-json\/wp\/v2\/types\/post"}],"author":[{"embeddable":true,"href":"https:\/\/www.deberes.net\/tesis\/wp-json\/wp\/v2\/users\/1"}],"replies":[{"embeddable":true,"href":"https:\/\/www.deberes.net\/tesis\/wp-json\/wp\/v2\/comments?post=27237"}],"version-history":[{"count":0,"href":"https:\/\/www.deberes.net\/tesis\/wp-json\/wp\/v2\/posts\/27237\/revisions"}],"wp:attachment":[{"href":"https:\/\/www.deberes.net\/tesis\/wp-json\/wp\/v2\/media?parent=27237"}],"wp:term":[{"taxonomy":"category","embeddable":true,"href":"https:\/\/www.deberes.net\/tesis\/wp-json\/wp\/v2\/categories?post=27237"},{"taxonomy":"post_tag","embeddable":true,"href":"https:\/\/www.deberes.net\/tesis\/wp-json\/wp\/v2\/tags?post=27237"}],"curies":[{"name":"wp","href":"https:\/\/api.w.org\/{rel}","templated":true}]}}