{"id":27244,"date":"2003-02-12T00:00:00","date_gmt":"2003-02-12T00:00:00","guid":{"rendered":"https:\/\/www.deberes.net\/tesis\/sin-categoria\/la-adquisicion-del-lenguaje-infantil-en-un-contexto-bilinga%c2%bce\/"},"modified":"2003-02-12T00:00:00","modified_gmt":"2003-02-12T00:00:00","slug":"la-adquisicion-del-lenguaje-infantil-en-un-contexto-bilinga%c2%bce","status":"publish","type":"post","link":"https:\/\/www.deberes.net\/tesis\/sin-categoria\/la-adquisicion-del-lenguaje-infantil-en-un-contexto-bilinga%c2%bce\/","title":{"rendered":"La adquisici\u00f3n del lenguaje infantil en un contexto bilingue"},"content":{"rendered":"<h2>Tesis doctoral de <strong>  Jalles De Oliveira Antonia Fernanda <\/strong><\/h2>\n<p>Este estudio pretende analizar el proceso de adquisici\u00f3n del lenguaje infantil en un contexto biling\u00ed\u00bce. Observa como se desarrolla el lenguaje infantil tanto como relaci\u00f3n a la lengua materna, en el caso el portugu\u00e9s, como de la segunda lengua, en el caso espa\u00f1ol, buscando implicaciones educacionales para la enze\u00f1anza del espa\u00f1ol como segundo idioma.  a partir de un estudio longitudinal, analizamos la interlengua de dos sujetos en edades tempranas, en contexto natural. Buscamos los \u00aberrores\u00bb cometidos por los ni\u00f1os, con el objetivo de identificar las regularidades en la adquisici\u00f3n de su l2.  defendemos la idea de la importancia de la adquisici\u00f3n de una l2 durante la infancia, que es donde da el \u00abper\u00edodo cr\u00edtico\u00bb para la adquisici\u00f3n del lenguaje.  estructuralmente la tesis est\u00e1 dividida en tres grandes partes: en la primera, utilizamos un enfoque m\u00e1s general sobre el lenguaje y su adquisici\u00f3n, mientras que en la segunda parte nos detuvimos en los aspectos relacionados espec\u00edficamente con la adquisici\u00f3n del lenguaje biling\u00ed\u00bce, y por \u00faltimo, detallamos la metodolog\u00eda y el estudio emp\u00edrico.<\/p>\n<p>&nbsp;<\/p>\n<h3>Datos acad\u00e9micos de la tesis doctoral \u00ab<strong>La adquisici\u00f3n del lenguaje infantil en un contexto bilingue<\/strong>\u00ab<\/h3>\n<ul>\n<li><strong>T\u00edtulo de la tesis:<\/strong>\u00a0 La adquisici\u00f3n del lenguaje infantil en un contexto bilingue <\/li>\n<li><strong>Autor:<\/strong>\u00a0  Jalles De Oliveira Antonia Fernanda <\/li>\n<li><strong>Universidad:<\/strong>\u00a0 Complutense de Madrid<\/li>\n<li><strong>Fecha de lectura de la tesis:<\/strong>\u00a0 02\/12\/2003<\/li>\n<\/ul>\n<p>&nbsp;<\/p>\n<h3>Direcci\u00f3n y tribunal<\/h3>\n<ul>\n<li><strong>Director de la tesis<\/strong>\n<ul>\n<li>Victor Satiuste Bermejo<\/li>\n<\/ul>\n<\/li>\n<li><strong>Tribunal<\/strong>\n<ul>\n<li>Presidente del tribunal: Jes\u00fas Beltran llera <\/li>\n<li>Francisco Miras mart\u00ednez (vocal)<\/li>\n<li>Emilio Garcia garcia (vocal)<\/li>\n<li>nazario Yuste rossell (vocal)<\/li>\n<\/ul>\n<\/li>\n<\/ul>\n<p>&nbsp;<\/p>\n","protected":false},"excerpt":{"rendered":"<p>Tesis doctoral de Jalles De Oliveira Antonia Fernanda Este estudio pretende analizar el proceso de adquisici\u00f3n del lenguaje infantil en [&hellip;]<\/p>\n","protected":false},"author":1,"featured_media":0,"comment_status":"open","ping_status":"open","sticky":false,"template":"","format":"standard","meta":{"site-sidebar-layout":"default","site-content-layout":"","ast-site-content-layout":"","site-content-style":"default","site-sidebar-style":"default","ast-global-header-display":"","ast-banner-title-visibility":"","ast-main-header-display":"","ast-hfb-above-header-display":"","ast-hfb-below-header-display":"","ast-hfb-mobile-header-display":"","site-post-title":"","ast-breadcrumbs-content":"","ast-featured-img":"","footer-sml-layout":"","theme-transparent-header-meta":"","adv-header-id-meta":"","stick-header-meta":"","header-above-stick-meta":"","header-main-stick-meta":"","header-below-stick-meta":"","astra-migrate-meta-layouts":"default","ast-page-background-enabled":"default","ast-page-background-meta":{"desktop":{"background-color":"var(--ast-global-color-4)","background-image":"","background-repeat":"repeat","background-position":"center center","background-size":"auto","background-attachment":"scroll","background-type":"","background-media":"","overlay-type":"","overlay-color":"","overlay-gradient":""},"tablet":{"background-color":"","background-image":"","background-repeat":"repeat","background-position":"center center","background-size":"auto","background-attachment":"scroll","background-type":"","background-media":"","overlay-type":"","overlay-color":"","overlay-gradient":""},"mobile":{"background-color":"","background-image":"","background-repeat":"repeat","background-position":"center center","background-size":"auto","background-attachment":"scroll","background-type":"","background-media":"","overlay-type":"","overlay-color":"","overlay-gradient":""}},"ast-content-background-meta":{"desktop":{"background-color":"var(--ast-global-color-5)","background-image":"","background-repeat":"repeat","background-position":"center center","background-size":"auto","background-attachment":"scroll","background-type":"","background-media":"","overlay-type":"","overlay-color":"","overlay-gradient":""},"tablet":{"background-color":"var(--ast-global-color-5)","background-image":"","background-repeat":"repeat","background-position":"center center","background-size":"auto","background-attachment":"scroll","background-type":"","background-media":"","overlay-type":"","overlay-color":"","overlay-gradient":""},"mobile":{"background-color":"var(--ast-global-color-5)","background-image":"","background-repeat":"repeat","background-position":"center center","background-size":"auto","background-attachment":"scroll","background-type":"","background-media":"","overlay-type":"","overlay-color":"","overlay-gradient":""}},"footnotes":""},"categories":[1],"tags":[5137,21713,78333,5136,46233,78334],"class_list":["post-27244","post","type-post","status-publish","format-standard","hentry","category-sin-categoria","tag-emilio-garcia-garcia","tag-francisco-miras-Martinez","tag-jalles-de-oliveira-antonia-fernanda","tag-jesus-beltran-llera","tag-nazario-yuste-rossell","tag-victor-satiuste-bermejo"],"_links":{"self":[{"href":"https:\/\/www.deberes.net\/tesis\/wp-json\/wp\/v2\/posts\/27244","targetHints":{"allow":["GET"]}}],"collection":[{"href":"https:\/\/www.deberes.net\/tesis\/wp-json\/wp\/v2\/posts"}],"about":[{"href":"https:\/\/www.deberes.net\/tesis\/wp-json\/wp\/v2\/types\/post"}],"author":[{"embeddable":true,"href":"https:\/\/www.deberes.net\/tesis\/wp-json\/wp\/v2\/users\/1"}],"replies":[{"embeddable":true,"href":"https:\/\/www.deberes.net\/tesis\/wp-json\/wp\/v2\/comments?post=27244"}],"version-history":[{"count":0,"href":"https:\/\/www.deberes.net\/tesis\/wp-json\/wp\/v2\/posts\/27244\/revisions"}],"wp:attachment":[{"href":"https:\/\/www.deberes.net\/tesis\/wp-json\/wp\/v2\/media?parent=27244"}],"wp:term":[{"taxonomy":"category","embeddable":true,"href":"https:\/\/www.deberes.net\/tesis\/wp-json\/wp\/v2\/categories?post=27244"},{"taxonomy":"post_tag","embeddable":true,"href":"https:\/\/www.deberes.net\/tesis\/wp-json\/wp\/v2\/tags?post=27244"}],"curies":[{"name":"wp","href":"https:\/\/api.w.org\/{rel}","templated":true}]}}