{"id":27332,"date":"2003-05-12T00:00:00","date_gmt":"2003-05-12T00:00:00","guid":{"rendered":"https:\/\/www.deberes.net\/tesis\/sin-categoria\/agricultura-ecologica-y-postroproductivismo-un-estudio-comparado-de-cataluna-y-galicia\/"},"modified":"2003-05-12T00:00:00","modified_gmt":"2003-05-12T00:00:00","slug":"agricultura-ecologica-y-postroproductivismo-un-estudio-comparado-de-cataluna-y-galicia","status":"publish","type":"post","link":"https:\/\/www.deberes.net\/tesis\/barcelona\/agricultura-ecologica-y-postroproductivismo-un-estudio-comparado-de-cataluna-y-galicia\/","title":{"rendered":"Agricultura ecol\u00f3gica y postroproductivismo: un estudio comparado de catalu\u00f1a y galicia"},"content":{"rendered":"<h2>Tesis doctoral de <strong> Xos\u00e9 Ant\u00f3n Armesto L\u00f3pez <\/strong><\/h2>\n<p>En la tesis doctoral se analizan las situaciones de los sectores agrarios de las dos regiones estudiadas, catalu\u00f1a y galicia y la incidencia de las pol\u00edticas comunitarias en materia de medio ambiente dentro de esos sectores. a partir de este an\u00e1lisis se centra el desarrollo de la investigaci\u00f3n en una teorizaci\u00f3n sobre el dominio modelo postproductivista del medio rural y de las actividades agrarias en partircular. Se acotan los conceptos relacionados con estas nuevas formas de entender la agricultura en las que el respeto por el medio ambiente, la recuperaci\u00f3n de la tradici\u00f3n, el protagonismo de la calidad y la idea de desarrollo territorial sostenibel se convierten en los ejes en torno a los que gira la idea del postproductivismo agrario.  a partir de la definici\u00f3n de postproductivismo agrario se identifica a la agricultura ecol\u00f3gica como el m\u00e1ximo exponente de esta redefinici\u00f3n funcional del mundo rural europeo. Esta modalidad agraria ha experimentado un crecimiento considerable no solo en las dos regiones de estudio, ya que se puede afirmar que en todo el territorio espa\u00f1ol, europeo e incluso mundial, su crecimiento ha sido exponencial en los \u00faltimos diez a\u00f1os. As\u00ed desde 1991, a\u00f1o de aprobaci\u00f3n del reglamento comunitario sobre la producci\u00f3n agraria ecol\u00f3gica las superficies y n\u00famero de operadores inscritos en los consejos reguladores de catalu\u00f1a y galicia no han cesado de crecer. Fruto de esta importancia, en el censo agrario de 1999 apareci\u00f3 por primera vez un apartado dedicado a estas nuevas pr\u00e1cticas. Las diferencias que aparecen entre las cifras proporcionadas por los citados consejos y las cifras oficiales del censo agrario se deben fundamentalmente a las orientaciones en la pr\u00e1ctica de la agricultura ecol\u00f3gica. De este modo en los datos del censo las cifras aparecen sobredimensionadas respecto a las restantes fuentes por la inclusi\u00f3n dentro de esta categor\u00eda de explotaciones ecol\u00f3gicas que habr\u00eda que i<\/p>\n<p>&nbsp;<\/p>\n<h3>Datos acad\u00e9micos de la tesis doctoral \u00ab<strong>Agricultura ecol\u00f3gica y postroproductivismo: un estudio comparado de catalu\u00f1a y galicia<\/strong>\u00ab<\/h3>\n<ul>\n<li><strong>T\u00edtulo de la tesis:<\/strong>\u00a0 Agricultura ecol\u00f3gica y postroproductivismo: un estudio comparado de catalu\u00f1a y galicia <\/li>\n<li><strong>Autor:<\/strong>\u00a0 Xos\u00e9 Ant\u00f3n Armesto L\u00f3pez <\/li>\n<li><strong>Universidad:<\/strong>\u00a0 Barcelona<\/li>\n<li><strong>Fecha de lectura de la tesis:<\/strong>\u00a0 05\/12\/2003<\/li>\n<\/ul>\n<p>&nbsp;<\/p>\n<h3>Direcci\u00f3n y tribunal<\/h3>\n<ul>\n<li><strong>Director de la tesis<\/strong>\n<ul>\n<li>Roser Majoral Molin\u00e9<\/li>\n<\/ul>\n<\/li>\n<li><strong>Tribunal<\/strong>\n<ul>\n<li>Presidente del tribunal: eugenio Ruiz urrestarazu <\/li>\n<li>pascual Rubio terrado (vocal)<\/li>\n<li>Fernando Molinero hernando (vocal)<\/li>\n<li>rom\u00e1n Rodr\u00edguez gonz\u00e1lez (vocal)<\/li>\n<\/ul>\n<\/li>\n<\/ul>\n<p>&nbsp;<\/p>\n","protected":false},"excerpt":{"rendered":"<p>Tesis doctoral de Xos\u00e9 Ant\u00f3n Armesto L\u00f3pez En la tesis doctoral se analizan las situaciones de los sectores agrarios de [&hellip;]<\/p>\n","protected":false},"author":1,"featured_media":0,"comment_status":"open","ping_status":"open","sticky":false,"template":"","format":"standard","meta":{"site-sidebar-layout":"default","site-content-layout":"","ast-site-content-layout":"","site-content-style":"default","site-sidebar-style":"default","ast-global-header-display":"","ast-banner-title-visibility":"","ast-main-header-display":"","ast-hfb-above-header-display":"","ast-hfb-below-header-display":"","ast-hfb-mobile-header-display":"","site-post-title":"","ast-breadcrumbs-content":"","ast-featured-img":"","footer-sml-layout":"","theme-transparent-header-meta":"","adv-header-id-meta":"","stick-header-meta":"","header-above-stick-meta":"","header-main-stick-meta":"","header-below-stick-meta":"","astra-migrate-meta-layouts":"default","ast-page-background-enabled":"default","ast-page-background-meta":{"desktop":{"background-color":"var(--ast-global-color-4)","background-image":"","background-repeat":"repeat","background-position":"center center","background-size":"auto","background-attachment":"scroll","background-type":"","background-media":"","overlay-type":"","overlay-color":"","overlay-gradient":""},"tablet":{"background-color":"","background-image":"","background-repeat":"repeat","background-position":"center center","background-size":"auto","background-attachment":"scroll","background-type":"","background-media":"","overlay-type":"","overlay-color":"","overlay-gradient":""},"mobile":{"background-color":"","background-image":"","background-repeat":"repeat","background-position":"center center","background-size":"auto","background-attachment":"scroll","background-type":"","background-media":"","overlay-type":"","overlay-color":"","overlay-gradient":""}},"ast-content-background-meta":{"desktop":{"background-color":"var(--ast-global-color-5)","background-image":"","background-repeat":"repeat","background-position":"center center","background-size":"auto","background-attachment":"scroll","background-type":"","background-media":"","overlay-type":"","overlay-color":"","overlay-gradient":""},"tablet":{"background-color":"var(--ast-global-color-5)","background-image":"","background-repeat":"repeat","background-position":"center center","background-size":"auto","background-attachment":"scroll","background-type":"","background-media":"","overlay-type":"","overlay-color":"","overlay-gradient":""},"mobile":{"background-color":"var(--ast-global-color-5)","background-image":"","background-repeat":"repeat","background-position":"center center","background-size":"auto","background-attachment":"scroll","background-type":"","background-media":"","overlay-type":"","overlay-color":"","overlay-gradient":""}},"footnotes":""},"categories":[951],"tags":[28374,32796,78513,78514,28993,78512],"class_list":["post-27332","post","type-post","status-publish","format-standard","hentry","category-barcelona","tag-eugenio-ruiz-urrestarazu","tag-fernando-molinero-hernando","tag-pascual-rubio-terrado","tag-roman-rodriguez-gonzalez","tag-roser-majoral-moline","tag-xose-anton-armesto-lopez"],"_links":{"self":[{"href":"https:\/\/www.deberes.net\/tesis\/wp-json\/wp\/v2\/posts\/27332","targetHints":{"allow":["GET"]}}],"collection":[{"href":"https:\/\/www.deberes.net\/tesis\/wp-json\/wp\/v2\/posts"}],"about":[{"href":"https:\/\/www.deberes.net\/tesis\/wp-json\/wp\/v2\/types\/post"}],"author":[{"embeddable":true,"href":"https:\/\/www.deberes.net\/tesis\/wp-json\/wp\/v2\/users\/1"}],"replies":[{"embeddable":true,"href":"https:\/\/www.deberes.net\/tesis\/wp-json\/wp\/v2\/comments?post=27332"}],"version-history":[{"count":0,"href":"https:\/\/www.deberes.net\/tesis\/wp-json\/wp\/v2\/posts\/27332\/revisions"}],"wp:attachment":[{"href":"https:\/\/www.deberes.net\/tesis\/wp-json\/wp\/v2\/media?parent=27332"}],"wp:term":[{"taxonomy":"category","embeddable":true,"href":"https:\/\/www.deberes.net\/tesis\/wp-json\/wp\/v2\/categories?post=27332"},{"taxonomy":"post_tag","embeddable":true,"href":"https:\/\/www.deberes.net\/tesis\/wp-json\/wp\/v2\/tags?post=27332"}],"curies":[{"name":"wp","href":"https:\/\/api.w.org\/{rel}","templated":true}]}}