{"id":27337,"date":"2003-05-12T00:00:00","date_gmt":"2003-05-12T00:00:00","guid":{"rendered":"https:\/\/www.deberes.net\/tesis\/sin-categoria\/utilizacion-de-niveles-de-citoquinas-il-6-il-8-y-tnf-a-como-posibles-marcadores-de-cardiopata%c2%ada-isquemica\/"},"modified":"2003-05-12T00:00:00","modified_gmt":"2003-05-12T00:00:00","slug":"utilizacion-de-niveles-de-citoquinas-il-6-il-8-y-tnf-a-como-posibles-marcadores-de-cardiopata%c2%ada-isquemica","status":"publish","type":"post","link":"https:\/\/www.deberes.net\/tesis\/cadiz\/utilizacion-de-niveles-de-citoquinas-il-6-il-8-y-tnf-a-como-posibles-marcadores-de-cardiopata%c2%ada-isquemica\/","title":{"rendered":"Utilizaci\u00f3n de niveles de citoquinas (il-6. il-8) y tnf-a como posibles marcadores de cardiopat\u00edaisqu\u00e9mica"},"content":{"rendered":"<h2>Tesis doctoral de <strong> Gloria Bermejo Fern\u00e1ndez <\/strong><\/h2>\n<p>&nbsp;<\/p>\n<h3>Datos acad\u00e9micos de la tesis doctoral \u00ab<strong>Utilizaci\u00f3n de niveles de citoquinas (il-6. il-8) y tnf-a como posibles marcadores de cardiopat\u00edaisqu\u00e9mica<\/strong>\u00ab<\/h3>\n<ul>\n<li><strong>T\u00edtulo de la tesis:<\/strong>\u00a0 Utilizaci\u00f3n de niveles de citoquinas (il-6. il-8) y tnf-a como posibles marcadores de cardiopat\u00edaisqu\u00e9mica <\/li>\n<li><strong>Autor:<\/strong>\u00a0 Gloria Bermejo Fern\u00e1ndez <\/li>\n<li><strong>Universidad:<\/strong>\u00a0 C\u00e1diz<\/li>\n<li><strong>Fecha de lectura de la tesis:<\/strong>\u00a0 05\/12\/2003<\/li>\n<\/ul>\n<p>&nbsp;<\/p>\n<h3>Direcci\u00f3n y tribunal<\/h3>\n<ul>\n<li><strong>Director de la tesis<\/strong>\n<ul>\n<li>Antonio Lorenzo Pe\u00f1uelas<\/li>\n<\/ul>\n<\/li>\n<li><strong>Tribunal<\/strong>\n<ul>\n<li>Presidente del tribunal: Francisco Gomez rodriguez <\/li>\n<li>Antonio Grilo reina (vocal)<\/li>\n<li>Juan  Antonio Zafra mezcua (vocal)<\/li>\n<li> Torre prados Mar\u00eda  victoria de la (vocal)<\/li>\n<\/ul>\n<\/li>\n<\/ul>\n<p>&nbsp;<\/p>\n","protected":false},"excerpt":{"rendered":"<p>Tesis doctoral de Gloria Bermejo Fern\u00e1ndez &nbsp; Datos acad\u00e9micos de la tesis doctoral \u00abUtilizaci\u00f3n de niveles de citoquinas (il-6. il-8) [&hellip;]<\/p>\n","protected":false},"author":1,"featured_media":0,"comment_status":"open","ping_status":"open","sticky":false,"template":"","format":"standard","meta":{"site-sidebar-layout":"default","site-content-layout":"","ast-site-content-layout":"","site-content-style":"default","site-sidebar-style":"default","ast-global-header-display":"","ast-banner-title-visibility":"","ast-main-header-display":"","ast-hfb-above-header-display":"","ast-hfb-below-header-display":"","ast-hfb-mobile-header-display":"","site-post-title":"","ast-breadcrumbs-content":"","ast-featured-img":"","footer-sml-layout":"","theme-transparent-header-meta":"","adv-header-id-meta":"","stick-header-meta":"","header-above-stick-meta":"","header-main-stick-meta":"","header-below-stick-meta":"","astra-migrate-meta-layouts":"default","ast-page-background-enabled":"default","ast-page-background-meta":{"desktop":{"background-color":"var(--ast-global-color-4)","background-image":"","background-repeat":"repeat","background-position":"center center","background-size":"auto","background-attachment":"scroll","background-type":"","background-media":"","overlay-type":"","overlay-color":"","overlay-gradient":""},"tablet":{"background-color":"","background-image":"","background-repeat":"repeat","background-position":"center center","background-size":"auto","background-attachment":"scroll","background-type":"","background-media":"","overlay-type":"","overlay-color":"","overlay-gradient":""},"mobile":{"background-color":"","background-image":"","background-repeat":"repeat","background-position":"center center","background-size":"auto","background-attachment":"scroll","background-type":"","background-media":"","overlay-type":"","overlay-color":"","overlay-gradient":""}},"ast-content-background-meta":{"desktop":{"background-color":"var(--ast-global-color-5)","background-image":"","background-repeat":"repeat","background-position":"center center","background-size":"auto","background-attachment":"scroll","background-type":"","background-media":"","overlay-type":"","overlay-color":"","overlay-gradient":""},"tablet":{"background-color":"var(--ast-global-color-5)","background-image":"","background-repeat":"repeat","background-position":"center center","background-size":"auto","background-attachment":"scroll","background-type":"","background-media":"","overlay-type":"","overlay-color":"","overlay-gradient":""},"mobile":{"background-color":"var(--ast-global-color-5)","background-image":"","background-repeat":"repeat","background-position":"center center","background-size":"auto","background-attachment":"scroll","background-type":"","background-media":"","overlay-type":"","overlay-color":"","overlay-gradient":""}},"footnotes":""},"categories":[1506],"tags":[34604,1615,1508,78523,1688,75028],"class_list":["post-27337","post","type-post","status-publish","format-standard","hentry","category-cadiz","tag-antonio-grilo-reina","tag-antonio-lorenzo-penuelas","tag-francisco-gomez-rodriguez","tag-gloria-bermejo-fernandez","tag-juan-antonio-zafra-mezcua","tag-torre-prados-maria-victoria-de-la"],"_links":{"self":[{"href":"https:\/\/www.deberes.net\/tesis\/wp-json\/wp\/v2\/posts\/27337","targetHints":{"allow":["GET"]}}],"collection":[{"href":"https:\/\/www.deberes.net\/tesis\/wp-json\/wp\/v2\/posts"}],"about":[{"href":"https:\/\/www.deberes.net\/tesis\/wp-json\/wp\/v2\/types\/post"}],"author":[{"embeddable":true,"href":"https:\/\/www.deberes.net\/tesis\/wp-json\/wp\/v2\/users\/1"}],"replies":[{"embeddable":true,"href":"https:\/\/www.deberes.net\/tesis\/wp-json\/wp\/v2\/comments?post=27337"}],"version-history":[{"count":0,"href":"https:\/\/www.deberes.net\/tesis\/wp-json\/wp\/v2\/posts\/27337\/revisions"}],"wp:attachment":[{"href":"https:\/\/www.deberes.net\/tesis\/wp-json\/wp\/v2\/media?parent=27337"}],"wp:term":[{"taxonomy":"category","embeddable":true,"href":"https:\/\/www.deberes.net\/tesis\/wp-json\/wp\/v2\/categories?post=27337"},{"taxonomy":"post_tag","embeddable":true,"href":"https:\/\/www.deberes.net\/tesis\/wp-json\/wp\/v2\/tags?post=27337"}],"curies":[{"name":"wp","href":"https:\/\/api.w.org\/{rel}","templated":true}]}}