{"id":27360,"date":"2003-05-12T00:00:00","date_gmt":"2003-05-12T00:00:00","guid":{"rendered":"https:\/\/www.deberes.net\/tesis\/sin-categoria\/estudio-de-las-estructuras-anatomicas-relacionadas-con-la-formacion-de-las-hernias-inguinales\/"},"modified":"2003-05-12T00:00:00","modified_gmt":"2003-05-12T00:00:00","slug":"estudio-de-las-estructuras-anatomicas-relacionadas-con-la-formacion-de-las-hernias-inguinales","status":"publish","type":"post","link":"https:\/\/www.deberes.net\/tesis\/sin-categoria\/estudio-de-las-estructuras-anatomicas-relacionadas-con-la-formacion-de-las-hernias-inguinales\/","title":{"rendered":"Estudio de las estructuras anat\u00f3micas relacionadas con la formaci\u00f3n de las hernias inguinales"},"content":{"rendered":"<h2>Tesis doctoral de <strong> Gaspar Munhequete Eduardo <\/strong><\/h2>\n<p>La disposici\u00f3n anat\u00f3mica de las estructuras que conforman al regi\u00f3n inguinal es uno de los factores etiol\u00f3gicos en la formaci\u00f3n d elas hernias inguinales.  es un estudio de 63 regiones inguinales, hemos identificado una zona d\u00e9bil de la pared inguinal susceptible a la formaci\u00f3n de las hernias inguinales a que hemos propuesto la denominaci\u00f3n de \u00abespacio inguinal\u00bb. Su extensi\u00f3n no variaba en funci\u00f3n del sexo o de la raza blanca y negra.  en ella se localizaba la abertura del anillo inguinal superficial que fue m\u00e1s vertical en la raza negroide que en la raza blanca. Comparando por los sexos, se present\u00f3 con una longitud de su eje transversal m\u00e1ximo mayor y una disposici\u00f3n m\u00e1s vertical en el sexo masculino.  el par\u00e1metro arco p\u00fablico se mostr\u00f3 como el m\u00e1s fiable de la pelvimetr\u00eda externa. Cuando ese bajo (mayor 75 mm) el \u00e1rea d\u00e9bil fue mayor y el eje transversal del anillo inguinal profundo tambi\u00e9n mayor.<\/p>\n<p>&nbsp;<\/p>\n<h3>Datos acad\u00e9micos de la tesis doctoral \u00ab<strong>Estudio de las estructuras anat\u00f3micas relacionadas con la formaci\u00f3n de las hernias inguinales<\/strong>\u00ab<\/h3>\n<ul>\n<li><strong>T\u00edtulo de la tesis:<\/strong>\u00a0 Estudio de las estructuras anat\u00f3micas relacionadas con la formaci\u00f3n de las hernias inguinales <\/li>\n<li><strong>Autor:<\/strong>\u00a0 Gaspar Munhequete Eduardo <\/li>\n<li><strong>Universidad:<\/strong>\u00a0 Aut\u00f3noma de barcelona<\/li>\n<li><strong>Fecha de lectura de la tesis:<\/strong>\u00a0 05\/12\/2003<\/li>\n<\/ul>\n<p>&nbsp;<\/p>\n<h3>Direcci\u00f3n y tribunal<\/h3>\n<ul>\n<li><strong>Director de la tesis<\/strong>\n<ul>\n<li>Alfonso Rodriguez Baeza<\/li>\n<\/ul>\n<\/li>\n<li><strong>Tribunal<\/strong>\n<ul>\n<li>Presidente del tribunal: Jos\u00e9 Mar\u00eda Domenech mateu <\/li>\n<li>Jos\u00e9 Branco neves (vocal)<\/li>\n<li>Manuel Armengol carrasco (vocal)<\/li>\n<li>roma Sola marti (vocal)<\/li>\n<\/ul>\n<\/li>\n<\/ul>\n<p>&nbsp;<\/p>\n","protected":false},"excerpt":{"rendered":"<p>Tesis doctoral de Gaspar Munhequete Eduardo La disposici\u00f3n anat\u00f3mica de las estructuras que conforman al regi\u00f3n inguinal es uno de [&hellip;]<\/p>\n","protected":false},"author":1,"featured_media":0,"comment_status":"open","ping_status":"open","sticky":false,"template":"","format":"standard","meta":{"site-sidebar-layout":"default","site-content-layout":"","ast-site-content-layout":"","site-content-style":"default","site-sidebar-style":"default","ast-global-header-display":"","ast-banner-title-visibility":"","ast-main-header-display":"","ast-hfb-above-header-display":"","ast-hfb-below-header-display":"","ast-hfb-mobile-header-display":"","site-post-title":"","ast-breadcrumbs-content":"","ast-featured-img":"","footer-sml-layout":"","theme-transparent-header-meta":"","adv-header-id-meta":"","stick-header-meta":"","header-above-stick-meta":"","header-main-stick-meta":"","header-below-stick-meta":"","astra-migrate-meta-layouts":"default","ast-page-background-enabled":"default","ast-page-background-meta":{"desktop":{"background-color":"var(--ast-global-color-4)","background-image":"","background-repeat":"repeat","background-position":"center center","background-size":"auto","background-attachment":"scroll","background-type":"","background-media":"","overlay-type":"","overlay-color":"","overlay-gradient":""},"tablet":{"background-color":"","background-image":"","background-repeat":"repeat","background-position":"center center","background-size":"auto","background-attachment":"scroll","background-type":"","background-media":"","overlay-type":"","overlay-color":"","overlay-gradient":""},"mobile":{"background-color":"","background-image":"","background-repeat":"repeat","background-position":"center center","background-size":"auto","background-attachment":"scroll","background-type":"","background-media":"","overlay-type":"","overlay-color":"","overlay-gradient":""}},"ast-content-background-meta":{"desktop":{"background-color":"var(--ast-global-color-5)","background-image":"","background-repeat":"repeat","background-position":"center center","background-size":"auto","background-attachment":"scroll","background-type":"","background-media":"","overlay-type":"","overlay-color":"","overlay-gradient":""},"tablet":{"background-color":"var(--ast-global-color-5)","background-image":"","background-repeat":"repeat","background-position":"center center","background-size":"auto","background-attachment":"scroll","background-type":"","background-media":"","overlay-type":"","overlay-color":"","overlay-gradient":""},"mobile":{"background-color":"var(--ast-global-color-5)","background-image":"","background-repeat":"repeat","background-position":"center center","background-size":"auto","background-attachment":"scroll","background-type":"","background-media":"","overlay-type":"","overlay-color":"","overlay-gradient":""}},"footnotes":""},"categories":[1],"tags":[78580,78579,78581,13918,13950,454],"class_list":["post-27360","post","type-post","status-publish","format-standard","hentry","category-sin-categoria","tag-alfonso-rodriguez-baeza","tag-gaspar-munhequete-eduardo","tag-jose-branco-neves","tag-jose-maria-domenech-mateu","tag-manuel-armengol-carrasco","tag-roma-sola-marti"],"_links":{"self":[{"href":"https:\/\/www.deberes.net\/tesis\/wp-json\/wp\/v2\/posts\/27360","targetHints":{"allow":["GET"]}}],"collection":[{"href":"https:\/\/www.deberes.net\/tesis\/wp-json\/wp\/v2\/posts"}],"about":[{"href":"https:\/\/www.deberes.net\/tesis\/wp-json\/wp\/v2\/types\/post"}],"author":[{"embeddable":true,"href":"https:\/\/www.deberes.net\/tesis\/wp-json\/wp\/v2\/users\/1"}],"replies":[{"embeddable":true,"href":"https:\/\/www.deberes.net\/tesis\/wp-json\/wp\/v2\/comments?post=27360"}],"version-history":[{"count":0,"href":"https:\/\/www.deberes.net\/tesis\/wp-json\/wp\/v2\/posts\/27360\/revisions"}],"wp:attachment":[{"href":"https:\/\/www.deberes.net\/tesis\/wp-json\/wp\/v2\/media?parent=27360"}],"wp:term":[{"taxonomy":"category","embeddable":true,"href":"https:\/\/www.deberes.net\/tesis\/wp-json\/wp\/v2\/categories?post=27360"},{"taxonomy":"post_tag","embeddable":true,"href":"https:\/\/www.deberes.net\/tesis\/wp-json\/wp\/v2\/tags?post=27360"}],"curies":[{"name":"wp","href":"https:\/\/api.w.org\/{rel}","templated":true}]}}