{"id":27470,"date":"2003-11-12T00:00:00","date_gmt":"2003-11-12T00:00:00","guid":{"rendered":"https:\/\/www.deberes.net\/tesis\/sin-categoria\/regimen-juridico-privado-del-capitan-del-buque\/"},"modified":"2003-11-12T00:00:00","modified_gmt":"2003-11-12T00:00:00","slug":"regimen-juridico-privado-del-capitan-del-buque","status":"publish","type":"post","link":"https:\/\/www.deberes.net\/tesis\/carlos-iii-de-madrid\/regimen-juridico-privado-del-capitan-del-buque\/","title":{"rendered":"Regimen juridico privado del capitan del buque"},"content":{"rendered":"<h2>Tesis doctoral de <strong> Manuel Alba Fernandez <\/strong><\/h2>\n<p>El actual r\u00e9gimen del capit\u00e1n del buque en lo que al derecho privado se refiere, se halla b\u00e1sicamente albergado en la actualidad en el libro iii del c\u00f3digo de comercio, el cual contiene asimismo la pr\u00e1ctica totalidad del derecho mar\u00edtimo privado vigente. Si bien la antig\u00ed\u00bcedad de sus normas ha ido relativizando su verdadera utilidad, el estudio de la figura del capit\u00e1n, aunque abordado a peque\u00f1a escala, carente todav\u00eda de un an\u00e1lisis profundo, presenta un elevado inter\u00e9s, por cuanto la clarificaci\u00f3n del confuso r\u00e9gimen dispuesto por el c\u00f3digo   trasciende a la figura objeto de an\u00e1lisis para afectar a otras cuestiones relacionadas con la empresa en la que presta sus servicios, la empresa naviera, y con el r\u00e9gimen del transporte mar\u00edtimo.  el elevado componente hist\u00f3rico de los preceptos del c\u00f3digo de comercio en esta materia ha hecho necesario un inicial an\u00e1lisis de los precedentes hist\u00f3ricos de sus normas. Las cuestiones que en materia de derecho privado han merecido mayor atenci\u00f3n son las relacionadas con la actividad representativa del capit\u00e1n de buque y sus efectos para la empresa naviera, as\u00ed como para los sujetos involucrados en las operaciones de transporte de mercanc\u00edas por mar, y los aspectos relacionados con la responsabilidad civil patrimonial que puede derivarse de su actuaci\u00f3n en el desarrollo de su labor profesional, cuestiones \u00e9stas que han generado frecuentes debates doctrinales y a las que se han dedicado los dos \u00faltimos bloques del trabajo.<\/p>\n<p>&nbsp;<\/p>\n<h3>Datos acad\u00e9micos de la tesis doctoral \u00ab<strong>Regimen juridico privado del capitan del buque<\/strong>\u00ab<\/h3>\n<ul>\n<li><strong>T\u00edtulo de la tesis:<\/strong>\u00a0 Regimen juridico privado del capitan del buque <\/li>\n<li><strong>Autor:<\/strong>\u00a0 Manuel Alba Fernandez <\/li>\n<li><strong>Universidad:<\/strong>\u00a0 Carlos III de Madrid<\/li>\n<li><strong>Fecha de lectura de la tesis:<\/strong>\u00a0 11\/12\/2003<\/li>\n<\/ul>\n<p>&nbsp;<\/p>\n<h3>Direcci\u00f3n y tribunal<\/h3>\n<ul>\n<li><strong>Director de la tesis<\/strong>\n<ul>\n<li> Gabaldon Garcia  Jos\u00e9 Luis<\/li>\n<\/ul>\n<\/li>\n<li><strong>Tribunal<\/strong>\n<ul>\n<li>Presidente del tribunal: fernando S\u00e1nchez calero <\/li>\n<li> Morillas jarillo Mar\u00eda  Jos\u00e9 (vocal)<\/li>\n<li>Juan  Luis Iglesias prada (vocal)<\/li>\n<li>Rafael Padilla gonzalez (vocal)<\/li>\n<\/ul>\n<\/li>\n<\/ul>\n<p>&nbsp;<\/p>\n","protected":false},"excerpt":{"rendered":"<p>Tesis doctoral de Manuel Alba Fernandez El actual r\u00e9gimen del capit\u00e1n del buque en lo que al derecho privado se [&hellip;]<\/p>\n","protected":false},"author":1,"featured_media":0,"comment_status":"open","ping_status":"open","sticky":false,"template":"","format":"standard","meta":{"site-sidebar-layout":"default","site-content-layout":"","ast-site-content-layout":"","site-content-style":"default","site-sidebar-style":"default","ast-global-header-display":"","ast-banner-title-visibility":"","ast-main-header-display":"","ast-hfb-above-header-display":"","ast-hfb-below-header-display":"","ast-hfb-mobile-header-display":"","site-post-title":"","ast-breadcrumbs-content":"","ast-featured-img":"","footer-sml-layout":"","theme-transparent-header-meta":"","adv-header-id-meta":"","stick-header-meta":"","header-above-stick-meta":"","header-main-stick-meta":"","header-below-stick-meta":"","astra-migrate-meta-layouts":"default","ast-page-background-enabled":"default","ast-page-background-meta":{"desktop":{"background-color":"var(--ast-global-color-4)","background-image":"","background-repeat":"repeat","background-position":"center center","background-size":"auto","background-attachment":"scroll","background-type":"","background-media":"","overlay-type":"","overlay-color":"","overlay-gradient":""},"tablet":{"background-color":"","background-image":"","background-repeat":"repeat","background-position":"center center","background-size":"auto","background-attachment":"scroll","background-type":"","background-media":"","overlay-type":"","overlay-color":"","overlay-gradient":""},"mobile":{"background-color":"","background-image":"","background-repeat":"repeat","background-position":"center center","background-size":"auto","background-attachment":"scroll","background-type":"","background-media":"","overlay-type":"","overlay-color":"","overlay-gradient":""}},"ast-content-background-meta":{"desktop":{"background-color":"var(--ast-global-color-5)","background-image":"","background-repeat":"repeat","background-position":"center center","background-size":"auto","background-attachment":"scroll","background-type":"","background-media":"","overlay-type":"","overlay-color":"","overlay-gradient":""},"tablet":{"background-color":"var(--ast-global-color-5)","background-image":"","background-repeat":"repeat","background-position":"center center","background-size":"auto","background-attachment":"scroll","background-type":"","background-media":"","overlay-type":"","overlay-color":"","overlay-gradient":""},"mobile":{"background-color":"var(--ast-global-color-5)","background-image":"","background-repeat":"repeat","background-position":"center center","background-size":"auto","background-attachment":"scroll","background-type":"","background-media":"","overlay-type":"","overlay-color":"","overlay-gradient":""}},"footnotes":""},"categories":[18550],"tags":[20664,55212,18441,78837,78838,20665],"class_list":["post-27470","post","type-post","status-publish","format-standard","hentry","category-carlos-iii-de-madrid","tag-fernando-sanchez-calero","tag-gabaldon-garcia-jose-luis","tag-juan-luis-iglesias-prada","tag-manuel-alba-fernandez","tag-morillas-jarillo-maria-jose","tag-rafael-padilla-gonzalez"],"_links":{"self":[{"href":"https:\/\/www.deberes.net\/tesis\/wp-json\/wp\/v2\/posts\/27470","targetHints":{"allow":["GET"]}}],"collection":[{"href":"https:\/\/www.deberes.net\/tesis\/wp-json\/wp\/v2\/posts"}],"about":[{"href":"https:\/\/www.deberes.net\/tesis\/wp-json\/wp\/v2\/types\/post"}],"author":[{"embeddable":true,"href":"https:\/\/www.deberes.net\/tesis\/wp-json\/wp\/v2\/users\/1"}],"replies":[{"embeddable":true,"href":"https:\/\/www.deberes.net\/tesis\/wp-json\/wp\/v2\/comments?post=27470"}],"version-history":[{"count":0,"href":"https:\/\/www.deberes.net\/tesis\/wp-json\/wp\/v2\/posts\/27470\/revisions"}],"wp:attachment":[{"href":"https:\/\/www.deberes.net\/tesis\/wp-json\/wp\/v2\/media?parent=27470"}],"wp:term":[{"taxonomy":"category","embeddable":true,"href":"https:\/\/www.deberes.net\/tesis\/wp-json\/wp\/v2\/categories?post=27470"},{"taxonomy":"post_tag","embeddable":true,"href":"https:\/\/www.deberes.net\/tesis\/wp-json\/wp\/v2\/tags?post=27470"}],"curies":[{"name":"wp","href":"https:\/\/api.w.org\/{rel}","templated":true}]}}