{"id":27497,"date":"2003-12-12T00:00:00","date_gmt":"2003-12-12T00:00:00","guid":{"rendered":"https:\/\/www.deberes.net\/tesis\/sin-categoria\/concentracion-de-poder-en-el-mapa-mediatico-espanol-el-factor-pola%c2%adtico-determinante-en-el-siglo-xx\/"},"modified":"2003-12-12T00:00:00","modified_gmt":"2003-12-12T00:00:00","slug":"concentracion-de-poder-en-el-mapa-mediatico-espanol-el-factor-pola%c2%adtico-determinante-en-el-siglo-xx","status":"publish","type":"post","link":"https:\/\/www.deberes.net\/tesis\/sin-categoria\/concentracion-de-poder-en-el-mapa-mediatico-espanol-el-factor-pola%c2%adtico-determinante-en-el-siglo-xx\/","title":{"rendered":"Concentraci\u00f3n de poder en el mapa mediatico espa\u00f1ol. el factor pol\u00edtico, determinante en el siglo xx"},"content":{"rendered":"<h2>Tesis doctoral de <strong> Manuel Campo Vidal <\/strong><\/h2>\n<p>El objetivo central de este trabajo es analizar los efectos del se\u00edsmo accionarial en espa\u00f1a que conduce a la conformaci\u00f3n de grupos multimedia.  se identifcan y analizan los factores que determinan la remodelaci\u00f3n del mapa de la comunicaci\u00f3n: el tecnol\u00f3gico, el econ\u00f3mico y el pol\u00edtico situandolos en el contexto internacional. La acci\u00f3n acelerada de esos factores de cambio ha generado en la historia reciente enfrentamientos empresariales con intervenci\u00f3n del poder pol\u00edtico. Se estudian esas batallas: la del cable, la del f\u00fatbol y las de las plataformas digitales por sat\u00e9lite.  el estudio presta atenci\u00f3n a la irrupci\u00f3n en el escenario empresarial medi\u00e1tico de grupos econ\u00f3micos anteriormente ajenos al sector prestandose gran atenci\u00f3n a la construcci\u00f3n de los mapas de prioridad de los distintos grupos de comunicaci\u00f3n.  la tesis estudia la intervenci\u00f3n del poder pol\u00edtico en la conformaci\u00f3n de esos grupos y en general del mapa espa\u00f1ol de la comunicaci\u00f3n a lo largo del siglo xx. De forma especial se analizan las alteraciones del mapa comunicacional y de la propiedad de los medios en la entrada y la salida de la dictadura y en la \u00faltima d\u00e9cada en la que se concentr\u00f3 la llegada de la televisi\u00f3n privada, la autorizaci\u00f3n del cable ly la aparici\u00f3n de la televisi\u00f3n digital por sat\u00e9lite y m\u00e1s tarde la terrestre.<\/p>\n<p>&nbsp;<\/p>\n<h3>Datos acad\u00e9micos de la tesis doctoral \u00ab<strong>Concentraci\u00f3n de poder en el mapa mediatico espa\u00f1ol. el factor pol\u00edtico, determinante en el siglo xx<\/strong>\u00ab<\/h3>\n<ul>\n<li><strong>T\u00edtulo de la tesis:<\/strong>\u00a0 Concentraci\u00f3n de poder en el mapa mediatico espa\u00f1ol. el factor pol\u00edtico, determinante en el siglo xx <\/li>\n<li><strong>Autor:<\/strong>\u00a0 Manuel Campo Vidal <\/li>\n<li><strong>Universidad:<\/strong>\u00a0 Complutense de Madrid<\/li>\n<li><strong>Fecha de lectura de la tesis:<\/strong>\u00a0 12\/12\/2003<\/li>\n<\/ul>\n<p>&nbsp;<\/p>\n<h3>Direcci\u00f3n y tribunal<\/h3>\n<ul>\n<li><strong>Director de la tesis<\/strong>\n<ul>\n<li>Juan Mu\u00f1oz Garc\u00eda<\/li>\n<\/ul>\n<\/li>\n<li><strong>Tribunal<\/strong>\n<ul>\n<li>Presidente del tribunal: julian Santamaria ossorio <\/li>\n<li>anton Costas comesa\u00f1a (vocal)<\/li>\n<li>abel Caballero alvarez (vocal)<\/li>\n<li>Francisco Ferraro Garc\u00eda (vocal)<\/li>\n<\/ul>\n<\/li>\n<\/ul>\n<p>&nbsp;<\/p>\n","protected":false},"excerpt":{"rendered":"<p>Tesis doctoral de Manuel Campo Vidal El objetivo central de este trabajo es analizar los efectos del se\u00edsmo accionarial en [&hellip;]<\/p>\n","protected":false},"author":1,"featured_media":0,"comment_status":"open","ping_status":"open","sticky":false,"template":"","format":"standard","meta":{"site-sidebar-layout":"default","site-content-layout":"","ast-site-content-layout":"","site-content-style":"default","site-sidebar-style":"default","ast-global-header-display":"","ast-banner-title-visibility":"","ast-main-header-display":"","ast-hfb-above-header-display":"","ast-hfb-below-header-display":"","ast-hfb-mobile-header-display":"","site-post-title":"","ast-breadcrumbs-content":"","ast-featured-img":"","footer-sml-layout":"","theme-transparent-header-meta":"","adv-header-id-meta":"","stick-header-meta":"","header-above-stick-meta":"","header-main-stick-meta":"","header-below-stick-meta":"","astra-migrate-meta-layouts":"default","ast-page-background-enabled":"default","ast-page-background-meta":{"desktop":{"background-color":"var(--ast-global-color-4)","background-image":"","background-repeat":"repeat","background-position":"center center","background-size":"auto","background-attachment":"scroll","background-type":"","background-media":"","overlay-type":"","overlay-color":"","overlay-gradient":""},"tablet":{"background-color":"","background-image":"","background-repeat":"repeat","background-position":"center center","background-size":"auto","background-attachment":"scroll","background-type":"","background-media":"","overlay-type":"","overlay-color":"","overlay-gradient":""},"mobile":{"background-color":"","background-image":"","background-repeat":"repeat","background-position":"center center","background-size":"auto","background-attachment":"scroll","background-type":"","background-media":"","overlay-type":"","overlay-color":"","overlay-gradient":""}},"ast-content-background-meta":{"desktop":{"background-color":"var(--ast-global-color-5)","background-image":"","background-repeat":"repeat","background-position":"center center","background-size":"auto","background-attachment":"scroll","background-type":"","background-media":"","overlay-type":"","overlay-color":"","overlay-gradient":""},"tablet":{"background-color":"var(--ast-global-color-5)","background-image":"","background-repeat":"repeat","background-position":"center center","background-size":"auto","background-attachment":"scroll","background-type":"","background-media":"","overlay-type":"","overlay-color":"","overlay-gradient":""},"mobile":{"background-color":"var(--ast-global-color-5)","background-image":"","background-repeat":"repeat","background-position":"center center","background-size":"auto","background-attachment":"scroll","background-type":"","background-media":"","overlay-type":"","overlay-color":"","overlay-gradient":""}},"footnotes":""},"categories":[1],"tags":[3134,19931,78899,29045,23182,78898],"class_list":["post-27497","post","type-post","status-publish","format-standard","hentry","category-sin-categoria","tag-abel-caballero-alvarez","tag-anton-costas-comesana","tag-francisco-ferraro-garcia","tag-juan-munoz-garcia","tag-julian-santamaria-ossorio","tag-manuel-campo-vidal"],"_links":{"self":[{"href":"https:\/\/www.deberes.net\/tesis\/wp-json\/wp\/v2\/posts\/27497","targetHints":{"allow":["GET"]}}],"collection":[{"href":"https:\/\/www.deberes.net\/tesis\/wp-json\/wp\/v2\/posts"}],"about":[{"href":"https:\/\/www.deberes.net\/tesis\/wp-json\/wp\/v2\/types\/post"}],"author":[{"embeddable":true,"href":"https:\/\/www.deberes.net\/tesis\/wp-json\/wp\/v2\/users\/1"}],"replies":[{"embeddable":true,"href":"https:\/\/www.deberes.net\/tesis\/wp-json\/wp\/v2\/comments?post=27497"}],"version-history":[{"count":0,"href":"https:\/\/www.deberes.net\/tesis\/wp-json\/wp\/v2\/posts\/27497\/revisions"}],"wp:attachment":[{"href":"https:\/\/www.deberes.net\/tesis\/wp-json\/wp\/v2\/media?parent=27497"}],"wp:term":[{"taxonomy":"category","embeddable":true,"href":"https:\/\/www.deberes.net\/tesis\/wp-json\/wp\/v2\/categories?post=27497"},{"taxonomy":"post_tag","embeddable":true,"href":"https:\/\/www.deberes.net\/tesis\/wp-json\/wp\/v2\/tags?post=27497"}],"curies":[{"name":"wp","href":"https:\/\/api.w.org\/{rel}","templated":true}]}}