{"id":27515,"date":"2003-12-12T00:00:00","date_gmt":"2003-12-12T00:00:00","guid":{"rendered":"https:\/\/www.deberes.net\/tesis\/sin-categoria\/micologa%c2%ada-de-la-dermatitis-seborreica\/"},"modified":"2003-12-12T00:00:00","modified_gmt":"2003-12-12T00:00:00","slug":"micologa%c2%ada-de-la-dermatitis-seborreica","status":"publish","type":"post","link":"https:\/\/www.deberes.net\/tesis\/malaga\/micologa%c2%ada-de-la-dermatitis-seborreica\/","title":{"rendered":"Micolog\u00eda de la dermatitis seborreica"},"content":{"rendered":"<h2>Tesis doctoral de <strong> Javier Romero G\u00f3mez <\/strong><\/h2>\n<p>La dermatitis seborreica es una enfermedad inflamatoria de causas desconocida en la que intervienen una serie de factores etiopatog\u00e9nicos. Dentro de estos factores se incluye la presencia de levaduras del g\u00e9nero malassezia. el objetivo de la tesis es estudiar la presencia de las diferentes especies de malassezia en las diferentes localizaciones, a saber, centrofacial, tronco y cuero cabelludo, as\u00ed como en piel sana de hombro y frente. Se estudiaron 150 muestras de dermatitis sobre 133 pacientes y 133 muestras de la piel sana. La identificaci\u00f3n se realiz\u00f3 de acuerdo a m\u00e9todos morfol\u00f3gicos y bioqu\u00edmicos, someti\u00e9ndose los resultados a un proceso estad\u00edstico. Como conclusiones, se detect\u00f3 una presencia mayoritaria de m. Restricta en cuero cabelludo, de m.Globosa y restricta en \u00e1rea centrofacial y de m.Globosa y sympodialis en el tronco. En la piel sana destac\u00f3 la presencia habitual de m. Sympodialis.<\/p>\n<p>&nbsp;<\/p>\n<h3>Datos acad\u00e9micos de la tesis doctoral \u00ab<strong>Micolog\u00eda de la dermatitis seborreica<\/strong>\u00ab<\/h3>\n<ul>\n<li><strong>T\u00edtulo de la tesis:<\/strong>\u00a0 Micolog\u00eda de la dermatitis seborreica <\/li>\n<li><strong>Autor:<\/strong>\u00a0 Javier Romero G\u00f3mez <\/li>\n<li><strong>Universidad:<\/strong>\u00a0 M\u00e1laga<\/li>\n<li><strong>Fecha de lectura de la tesis:<\/strong>\u00a0 12\/12\/2003<\/li>\n<\/ul>\n<p>&nbsp;<\/p>\n<h3>Direcci\u00f3n y tribunal<\/h3>\n<ul>\n<li><strong>Director de la tesis<\/strong>\n<ul>\n<li>Vicente Crespo Erchiga<\/li>\n<\/ul>\n<\/li>\n<li><strong>Tribunal<\/strong>\n<ul>\n<li>Presidente del tribunal: joaqu\u00edn Calap calatayud <\/li>\n<li>jer\u00f3nimo Escudero ordo\u00f1ez (vocal)<\/li>\n<li>Jos\u00e9 Carlos Moreno gimenez (vocal)<\/li>\n<li>Mar\u00eda  victoria De galvez (vocal)<\/li>\n<\/ul>\n<\/li>\n<\/ul>\n<p>&nbsp;<\/p>\n","protected":false},"excerpt":{"rendered":"<p>Tesis doctoral de Javier Romero G\u00f3mez La dermatitis seborreica es una enfermedad inflamatoria de causas desconocida en la que intervienen [&hellip;]<\/p>\n","protected":false},"author":1,"featured_media":0,"comment_status":"open","ping_status":"open","sticky":false,"template":"","format":"standard","meta":{"site-sidebar-layout":"default","site-content-layout":"","ast-site-content-layout":"","site-content-style":"default","site-sidebar-style":"default","ast-global-header-display":"","ast-banner-title-visibility":"","ast-main-header-display":"","ast-hfb-above-header-display":"","ast-hfb-below-header-display":"","ast-hfb-mobile-header-display":"","site-post-title":"","ast-breadcrumbs-content":"","ast-featured-img":"","footer-sml-layout":"","theme-transparent-header-meta":"","adv-header-id-meta":"","stick-header-meta":"","header-above-stick-meta":"","header-main-stick-meta":"","header-below-stick-meta":"","astra-migrate-meta-layouts":"default","ast-page-background-enabled":"default","ast-page-background-meta":{"desktop":{"background-color":"var(--ast-global-color-4)","background-image":"","background-repeat":"repeat","background-position":"center center","background-size":"auto","background-attachment":"scroll","background-type":"","background-media":"","overlay-type":"","overlay-color":"","overlay-gradient":""},"tablet":{"background-color":"","background-image":"","background-repeat":"repeat","background-position":"center center","background-size":"auto","background-attachment":"scroll","background-type":"","background-media":"","overlay-type":"","overlay-color":"","overlay-gradient":""},"mobile":{"background-color":"","background-image":"","background-repeat":"repeat","background-position":"center center","background-size":"auto","background-attachment":"scroll","background-type":"","background-media":"","overlay-type":"","overlay-color":"","overlay-gradient":""}},"ast-content-background-meta":{"desktop":{"background-color":"var(--ast-global-color-5)","background-image":"","background-repeat":"repeat","background-position":"center center","background-size":"auto","background-attachment":"scroll","background-type":"","background-media":"","overlay-type":"","overlay-color":"","overlay-gradient":""},"tablet":{"background-color":"var(--ast-global-color-5)","background-image":"","background-repeat":"repeat","background-position":"center center","background-size":"auto","background-attachment":"scroll","background-type":"","background-media":"","overlay-type":"","overlay-color":"","overlay-gradient":""},"mobile":{"background-color":"var(--ast-global-color-5)","background-image":"","background-repeat":"repeat","background-position":"center center","background-size":"auto","background-attachment":"scroll","background-type":"","background-media":"","overlay-type":"","overlay-color":"","overlay-gradient":""}},"footnotes":""},"categories":[7834],"tags":[76465,20543,1659,20509,78941,26671],"class_list":["post-27515","post","type-post","status-publish","format-standard","hentry","category-malaga","tag-javier-romero-gomez","tag-jeronimo-escudero-ordonez","tag-joaquin-calap-calatayud","tag-jose-carlos-moreno-gimenez","tag-maria-victoria-de-galvez","tag-vicente-crespo-erchiga"],"_links":{"self":[{"href":"https:\/\/www.deberes.net\/tesis\/wp-json\/wp\/v2\/posts\/27515","targetHints":{"allow":["GET"]}}],"collection":[{"href":"https:\/\/www.deberes.net\/tesis\/wp-json\/wp\/v2\/posts"}],"about":[{"href":"https:\/\/www.deberes.net\/tesis\/wp-json\/wp\/v2\/types\/post"}],"author":[{"embeddable":true,"href":"https:\/\/www.deberes.net\/tesis\/wp-json\/wp\/v2\/users\/1"}],"replies":[{"embeddable":true,"href":"https:\/\/www.deberes.net\/tesis\/wp-json\/wp\/v2\/comments?post=27515"}],"version-history":[{"count":0,"href":"https:\/\/www.deberes.net\/tesis\/wp-json\/wp\/v2\/posts\/27515\/revisions"}],"wp:attachment":[{"href":"https:\/\/www.deberes.net\/tesis\/wp-json\/wp\/v2\/media?parent=27515"}],"wp:term":[{"taxonomy":"category","embeddable":true,"href":"https:\/\/www.deberes.net\/tesis\/wp-json\/wp\/v2\/categories?post=27515"},{"taxonomy":"post_tag","embeddable":true,"href":"https:\/\/www.deberes.net\/tesis\/wp-json\/wp\/v2\/tags?post=27515"}],"curies":[{"name":"wp","href":"https:\/\/api.w.org\/{rel}","templated":true}]}}