{"id":2756,"date":"1994-01-01T00:00:00","date_gmt":"1994-01-01T00:00:00","guid":{"rendered":"https:\/\/www.deberes.net\/tesis\/1994\/01\/01\/autarquia-i-creixement-economic-el-cas-del-pais-valencia-1-939-1-959\/"},"modified":"1994-01-01T00:00:00","modified_gmt":"1994-01-01T00:00:00","slug":"autarquia-i-creixement-economic-el-cas-del-pais-valencia-1-939-1-959","status":"publish","type":"post","link":"https:\/\/www.deberes.net\/tesis\/ciencias-economicas\/autarquia-i-creixement-economic-el-cas-del-pais-valencia-1-939-1-959\/","title":{"rendered":"Autarquia i creixement economic. el cas del pais Valencia (1.939-1.959)"},"content":{"rendered":"<h2>Tesis doctoral de <strong>  Fabra Sanchez Miguel Angel <\/strong><\/h2>\n<p>El trabajo analiza los problemas por los que atraveso la economia del pais Valenciano, entre 1939 y 1959, en relacion al crecimiento economico y la industrializacion; en aquellos a\u00f1os en que la politica economica impulsaba el crecimiento hacia dentro, perjudicando las posibilidades de expansion de una economia fuertemente exportadora. Se parte de las primeras aportaciones entorno a la interpretacion del franquismo, integrandolas en un marco explicativo mas amplio, al cual se incorporan aportaciones que explican las experiencias del fascismo italiano y del nacionalsocialismo aleman, en relacion a la autarquia, intentando encontrar una especificidad al pensamiento o a las actitudes economicas del franquismo.  en este contexto se busca contestacion, entre otras, a cuestiones como las siguientes: ?El pais Valenciano pudo aprovechar sus potencialidades de crecimiento a traves de la expansion de las exportaciones, facilitando el proceso de diversificacion productiva?; ?Cuales fueron los elementos de la politica que favorecieron o dificultaron este proceso?.<\/p>\n<p>&nbsp;<\/p>\n<h3>Datos acad\u00e9micos de la tesis doctoral \u00ab<strong>Autarquia i creixement economic. el cas del pais Valencia (1.939-1.959)<\/strong>\u00ab<\/h3>\n<ul>\n<li><strong>T\u00edtulo de la tesis:<\/strong>\u00a0 Autarquia i creixement economic. el cas del pais Valencia (1.939-1.959) <\/li>\n<li><strong>Autor:<\/strong>\u00a0  Fabra Sanchez Miguel Angel <\/li>\n<li><strong>Universidad:<\/strong>\u00a0 Universitat de val\u00e9ncia (estudi general)<\/li>\n<li><strong>Fecha de lectura de la tesis:<\/strong>\u00a0 01\/01\/1994<\/li>\n<\/ul>\n<p>&nbsp;<\/p>\n<h3>Direcci\u00f3n y tribunal<\/h3>\n<ul>\n<li><strong>Director de la tesis<\/strong>\n<ul>\n<li>Josep Fontana Lazaro<\/li>\n<\/ul>\n<\/li>\n<li><strong>Tribunal<\/strong>\n<ul>\n<li>Presidente del tribunal: Salvador Almenar Palau <\/li>\n<li>Jacinto Ros Hombrabella (vocal)<\/li>\n<li>Jos\u00e9 Mar\u00eda Jord\u00e1n Galduf (vocal)<\/li>\n<li>Jordi Catal\u00e1n Vidal (vocal)<\/li>\n<\/ul>\n<\/li>\n<\/ul>\n<p>&nbsp;<\/p>\n","protected":false},"excerpt":{"rendered":"<p>Tesis doctoral de Fabra Sanchez Miguel Angel El trabajo analiza los problemas por los que atraveso la economia del pais [&hellip;]<\/p>\n","protected":false},"author":1,"featured_media":0,"comment_status":"open","ping_status":"open","sticky":false,"template":"","format":"standard","meta":{"site-sidebar-layout":"default","site-content-layout":"","ast-site-content-layout":"","site-content-style":"default","site-sidebar-style":"default","ast-global-header-display":"","ast-banner-title-visibility":"","ast-main-header-display":"","ast-hfb-above-header-display":"","ast-hfb-below-header-display":"","ast-hfb-mobile-header-display":"","site-post-title":"","ast-breadcrumbs-content":"","ast-featured-img":"","footer-sml-layout":"","theme-transparent-header-meta":"","adv-header-id-meta":"","stick-header-meta":"","header-above-stick-meta":"","header-main-stick-meta":"","header-below-stick-meta":"","astra-migrate-meta-layouts":"default","ast-page-background-enabled":"default","ast-page-background-meta":{"desktop":{"background-color":"var(--ast-global-color-4)","background-image":"","background-repeat":"repeat","background-position":"center center","background-size":"auto","background-attachment":"scroll","background-type":"","background-media":"","overlay-type":"","overlay-color":"","overlay-gradient":""},"tablet":{"background-color":"","background-image":"","background-repeat":"repeat","background-position":"center center","background-size":"auto","background-attachment":"scroll","background-type":"","background-media":"","overlay-type":"","overlay-color":"","overlay-gradient":""},"mobile":{"background-color":"","background-image":"","background-repeat":"repeat","background-position":"center center","background-size":"auto","background-attachment":"scroll","background-type":"","background-media":"","overlay-type":"","overlay-color":"","overlay-gradient":""}},"ast-content-background-meta":{"desktop":{"background-color":"var(--ast-global-color-5)","background-image":"","background-repeat":"repeat","background-position":"center center","background-size":"auto","background-attachment":"scroll","background-type":"","background-media":"","overlay-type":"","overlay-color":"","overlay-gradient":""},"tablet":{"background-color":"var(--ast-global-color-5)","background-image":"","background-repeat":"repeat","background-position":"center center","background-size":"auto","background-attachment":"scroll","background-type":"","background-media":"","overlay-type":"","overlay-color":"","overlay-gradient":""},"mobile":{"background-color":"var(--ast-global-color-5)","background-image":"","background-repeat":"repeat","background-position":"center center","background-size":"auto","background-attachment":"scroll","background-type":"","background-media":"","overlay-type":"","overlay-color":"","overlay-gradient":""}},"footnotes":""},"categories":[82,3132,3131],"tags":[11696,11697,11699,11698,1023,11633],"class_list":["post-2756","post","type-post","status-publish","format-standard","hentry","category-ciencias-economicas","category-economia-general","category-historia-del-pensamiento-economico","tag-fabra-sanchez-miguel-angel","tag-jacinto-ros-hombrabella","tag-jordi-catalan-vidal","tag-jose-maria-jordan-galduf","tag-josep-fontana-lazaro","tag-salvador-almenar-palau"],"_links":{"self":[{"href":"https:\/\/www.deberes.net\/tesis\/wp-json\/wp\/v2\/posts\/2756","targetHints":{"allow":["GET"]}}],"collection":[{"href":"https:\/\/www.deberes.net\/tesis\/wp-json\/wp\/v2\/posts"}],"about":[{"href":"https:\/\/www.deberes.net\/tesis\/wp-json\/wp\/v2\/types\/post"}],"author":[{"embeddable":true,"href":"https:\/\/www.deberes.net\/tesis\/wp-json\/wp\/v2\/users\/1"}],"replies":[{"embeddable":true,"href":"https:\/\/www.deberes.net\/tesis\/wp-json\/wp\/v2\/comments?post=2756"}],"version-history":[{"count":0,"href":"https:\/\/www.deberes.net\/tesis\/wp-json\/wp\/v2\/posts\/2756\/revisions"}],"wp:attachment":[{"href":"https:\/\/www.deberes.net\/tesis\/wp-json\/wp\/v2\/media?parent=2756"}],"wp:term":[{"taxonomy":"category","embeddable":true,"href":"https:\/\/www.deberes.net\/tesis\/wp-json\/wp\/v2\/categories?post=2756"},{"taxonomy":"post_tag","embeddable":true,"href":"https:\/\/www.deberes.net\/tesis\/wp-json\/wp\/v2\/tags?post=2756"}],"curies":[{"name":"wp","href":"https:\/\/api.w.org\/{rel}","templated":true}]}}