{"id":27594,"date":"2003-12-12T00:00:00","date_gmt":"2003-12-12T00:00:00","guid":{"rendered":"https:\/\/www.deberes.net\/tesis\/sin-categoria\/caractera%c2%adsticas-y-curso-cla%c2%adnico-de-la-neumona%c2%ada-organizada-criptogenetica\/"},"modified":"2003-12-12T00:00:00","modified_gmt":"2003-12-12T00:00:00","slug":"caractera%c2%adsticas-y-curso-cla%c2%adnico-de-la-neumona%c2%ada-organizada-criptogenetica","status":"publish","type":"post","link":"https:\/\/www.deberes.net\/tesis\/miguel-hernandez-de-elche\/caractera%c2%adsticas-y-curso-cla%c2%adnico-de-la-neumona%c2%ada-organizada-criptogenetica\/","title":{"rendered":"Caracter\u00edsticas y curso cl\u00ednico de la neumon\u00edaorganizada criptogen\u00e9tica"},"content":{"rendered":"<h2>Tesis doctoral de <strong>  Barroso Medel M. Encarnaci\u00f3n <\/strong><\/h2>\n<p>La neumon\u00eda organizada (no) es una lesi\u00f3n reparativa inespec\u00edfica del pulm\u00f3n caracterizada por la proliferaci\u00f3n de tejido conectivo laxo compuesto por fibroblastos en los espacios a\u00e9reos distales.  los objetivos del presente estudio fueron analizar la frecuencia de no y clasificarla seg\u00fan su etiolog\u00eda, y describir las caracter\u00edsticas cl\u00ednicas de la no criptogen\u00e9tica y analizar el patr\u00f3n de recidivas. Para ello se revisaron los informes histol\u00f3gicos de biopsias pulmonares y piezas de resecci\u00f3n quir\u00fargica pulmonar de enero de 1984 hasta enero de 2003 (19 a\u00f1os), se seleccionaron los casos con no, se revisaron sus historias cl\u00ednicas y se clasificaron en grupos etiol\u00f3gicos. As\u00ed, se encontraron lesiones de no en 210 muestras de par\u00e9nquima pulmonar, procedentes de 197 pacientes. las causas de no fueron: adyacentes a tumor, bulla o bronquiectasia 57 pacientes (29%); asociada a infecci\u00f3n 38 (19%), criptogen\u00e9tica 33 (17%); secundaria a inhalaci\u00f3n de t\u00f3xicos 15 (8%); asociada a asma bronquial 10 (5%); simult\u00e1nea a malignidad 7 (4%); secundaria a amiodarona 6 (3%); asociada a enfermedad reum\u00e1tica o del col\u00e1geno 6 (3%); asociada a neumopat\u00edas intersticiales idiop\u00e1ticas 5; y otras causas en 20 pacientes. La edad media de los 33 pacientes con no criptogen\u00e9tica fue de 62 +- 10 a\u00f1os, 18 eran mujeres (55%) y 23 (70%) eran no fumadores. La duraci\u00f3n de los s\u00edntomas antes del diagn\u00f3stico fue de 7 +- 3 semanas. La tos (88%), fiebre (76%), disnea (58%), crepitantes (73%), elevaci\u00f3n de vsg (90%), infiltrados alveolares m\u00faltiples (64%) y un defecto espirom\u00e9trico restrictivo (52%) fueron las caracter\u00edsticas m\u00e1s frecuentes al debut. Todos los pacientes respondieron a esteroides sist\u00e9micos. dieciocho pacientes mostraron recidivas (58%). Una menor duraci\u00f3n de la dosis inicial de prednisona (p menor 0.09), la presencia de infiltrados alveolare sm\u00faltiples (0.07) y la leucocitos al debut (0.07) fueron factores predictores de reci<\/p>\n<p>&nbsp;<\/p>\n<h3>Datos acad\u00e9micos de la tesis doctoral \u00ab<strong>Caracter\u00edsticas y curso cl\u00ednico de la neumon\u00edaorganizada criptogen\u00e9tica<\/strong>\u00ab<\/h3>\n<ul>\n<li><strong>T\u00edtulo de la tesis:<\/strong>\u00a0 Caracter\u00edsticas y curso cl\u00ednico de la neumon\u00edaorganizada criptogen\u00e9tica <\/li>\n<li><strong>Autor:<\/strong>\u00a0  Barroso Medel M. Encarnaci\u00f3n <\/li>\n<li><strong>Universidad:<\/strong>\u00a0 Miguel hern\u00e1ndez de elche<\/li>\n<li><strong>Fecha de lectura de la tesis:<\/strong>\u00a0 12\/12\/2003<\/li>\n<\/ul>\n<p>&nbsp;<\/p>\n<h3>Direcci\u00f3n y tribunal<\/h3>\n<ul>\n<li><strong>Director de la tesis<\/strong>\n<ul>\n<li>Santiago Romero Candeira<\/li>\n<\/ul>\n<\/li>\n<li><strong>Tribunal<\/strong>\n<ul>\n<li>Presidente del tribunal: Jos\u00e9 Luis Alvarez sala walther <\/li>\n<li> Villena garrido Mar\u00eda  victoria (vocal)<\/li>\n<li> Rodr\u00edguez de castro felipe (vocal)<\/li>\n<li> Sanchez nieto Jos\u00e9 Miguel (vocal)<\/li>\n<\/ul>\n<\/li>\n<\/ul>\n<p>&nbsp;<\/p>\n","protected":false},"excerpt":{"rendered":"<p>Tesis doctoral de Barroso Medel M. Encarnaci\u00f3n La neumon\u00eda organizada (no) es una lesi\u00f3n reparativa inespec\u00edfica del pulm\u00f3n caracterizada por [&hellip;]<\/p>\n","protected":false},"author":1,"featured_media":0,"comment_status":"open","ping_status":"open","sticky":false,"template":"","format":"standard","meta":{"site-sidebar-layout":"default","site-content-layout":"","ast-site-content-layout":"","site-content-style":"default","site-sidebar-style":"default","ast-global-header-display":"","ast-banner-title-visibility":"","ast-main-header-display":"","ast-hfb-above-header-display":"","ast-hfb-below-header-display":"","ast-hfb-mobile-header-display":"","site-post-title":"","ast-breadcrumbs-content":"","ast-featured-img":"","footer-sml-layout":"","theme-transparent-header-meta":"","adv-header-id-meta":"","stick-header-meta":"","header-above-stick-meta":"","header-main-stick-meta":"","header-below-stick-meta":"","astra-migrate-meta-layouts":"default","ast-page-background-enabled":"default","ast-page-background-meta":{"desktop":{"background-color":"var(--ast-global-color-4)","background-image":"","background-repeat":"repeat","background-position":"center center","background-size":"auto","background-attachment":"scroll","background-type":"","background-media":"","overlay-type":"","overlay-color":"","overlay-gradient":""},"tablet":{"background-color":"","background-image":"","background-repeat":"repeat","background-position":"center center","background-size":"auto","background-attachment":"scroll","background-type":"","background-media":"","overlay-type":"","overlay-color":"","overlay-gradient":""},"mobile":{"background-color":"","background-image":"","background-repeat":"repeat","background-position":"center center","background-size":"auto","background-attachment":"scroll","background-type":"","background-media":"","overlay-type":"","overlay-color":"","overlay-gradient":""}},"ast-content-background-meta":{"desktop":{"background-color":"var(--ast-global-color-5)","background-image":"","background-repeat":"repeat","background-position":"center center","background-size":"auto","background-attachment":"scroll","background-type":"","background-media":"","overlay-type":"","overlay-color":"","overlay-gradient":""},"tablet":{"background-color":"var(--ast-global-color-5)","background-image":"","background-repeat":"repeat","background-position":"center center","background-size":"auto","background-attachment":"scroll","background-type":"","background-media":"","overlay-type":"","overlay-color":"","overlay-gradient":""},"mobile":{"background-color":"var(--ast-global-color-5)","background-image":"","background-repeat":"repeat","background-position":"center center","background-size":"auto","background-attachment":"scroll","background-type":"","background-media":"","overlay-type":"","overlay-color":"","overlay-gradient":""}},"footnotes":""},"categories":[37169],"tags":[79116,6075,31107,79117,24635,24633],"class_list":["post-27594","post","type-post","status-publish","format-standard","hentry","category-miguel-hernandez-de-elche","tag-barroso-medel-m-encarnacion","tag-jose-luis-alvarez-sala-walther","tag-rodriguez-de-castro-felipe","tag-sanchez-nieto-jose-miguel","tag-santiago-romero-candeira","tag-villena-garrido-maria-victoria"],"_links":{"self":[{"href":"https:\/\/www.deberes.net\/tesis\/wp-json\/wp\/v2\/posts\/27594","targetHints":{"allow":["GET"]}}],"collection":[{"href":"https:\/\/www.deberes.net\/tesis\/wp-json\/wp\/v2\/posts"}],"about":[{"href":"https:\/\/www.deberes.net\/tesis\/wp-json\/wp\/v2\/types\/post"}],"author":[{"embeddable":true,"href":"https:\/\/www.deberes.net\/tesis\/wp-json\/wp\/v2\/users\/1"}],"replies":[{"embeddable":true,"href":"https:\/\/www.deberes.net\/tesis\/wp-json\/wp\/v2\/comments?post=27594"}],"version-history":[{"count":0,"href":"https:\/\/www.deberes.net\/tesis\/wp-json\/wp\/v2\/posts\/27594\/revisions"}],"wp:attachment":[{"href":"https:\/\/www.deberes.net\/tesis\/wp-json\/wp\/v2\/media?parent=27594"}],"wp:term":[{"taxonomy":"category","embeddable":true,"href":"https:\/\/www.deberes.net\/tesis\/wp-json\/wp\/v2\/categories?post=27594"},{"taxonomy":"post_tag","embeddable":true,"href":"https:\/\/www.deberes.net\/tesis\/wp-json\/wp\/v2\/tags?post=27594"}],"curies":[{"name":"wp","href":"https:\/\/api.w.org\/{rel}","templated":true}]}}