{"id":27633,"date":"2018-03-09T09:19:59","date_gmt":"2018-03-09T09:19:59","guid":{"rendered":"https:\/\/www.deberes.net\/tesis\/sin-categoria\/integracion-y-crecimiento-en-la-union-europea-el-papel-del-comercio-diversificacion-tecnologica-y-restricciones-financieras\/"},"modified":"2018-03-09T09:19:59","modified_gmt":"2018-03-09T09:19:59","slug":"integracion-y-crecimiento-en-la-union-europea-el-papel-del-comercio-diversificacion-tecnologica-y-restricciones-financieras","status":"publish","type":"post","link":"https:\/\/www.deberes.net\/tesis\/sin-categoria\/integracion-y-crecimiento-en-la-union-europea-el-papel-del-comercio-diversificacion-tecnologica-y-restricciones-financieras\/","title":{"rendered":"Integraci\u00f3n y crecimiento en la uni\u00f3n europea: el papel del comercio, diversificaci\u00f3n tecnol\u00f3gica y restricciones financieras"},"content":{"rendered":"<h2>Tesis doctoral de <strong>  Garc\u00eda De La Vega M. Luz <\/strong><\/h2>\n<p>La teor\u00eda econ\u00f3mica sugiere que el comercio internacional puede promover crecimiento en los pa\u00edses industrializados a trav\u00e9s de diferentes mecanismos, tales como promoviendo la competencia, induciendo cambios en la estructura productiva de los pa\u00edses y generando econom\u00edas de escala. La uni\u00f3n europea (ue) presenta un interesante caso de estudio debido al crecimiento interdependencia que ha promovido entre sus pa\u00edses miembros. Esta tesis doctoral ha analizado la influencia de la integraci\u00f3n europea sobre el crecimiento interdependiente de sus pa\u00edses miembros, as\u00ed como la importancia de la diversificaci\u00f3n tecnol\u00f3gica y las restricciones financieras sobre el crecimiento de los pa\u00edses de la ue.  se ha mostrado emp\u00edricamente que pa\u00edses de la ue han cambiado sus flujos comerciales, pasando a comerciar proporcionalmente m\u00e1s con otros pa\u00edses de la ue. Utilizando t\u00e9cnicas de econometr\u00eda espacial, he medido como el comercio induce un crecimiento interdependiente en pa\u00edses de la ocde. En particular, este hecho ha sido m\u00e1s importante para los pa\u00edses de la ue que para el resto de pa\u00edses analizados.  ha continuaci\u00f3n, he analizado el efecto dela diversificaci\u00f3n tecnol\u00f3gica y restricciones financieras sobre las inversiones en i+d de las empresas a trav\u00e9s de un modelo te\u00f3rico. La implicaci\u00f3n de este modelo consiste en que cuando una empresa diversifica su base tecnol\u00f3gica tiene m\u00e1s incentivos a invertir en i+d porque reduce el riesgo de estas inversiones. Finalmente el efecto de diversificaci\u00f3n tecnol\u00f3gica en las empresas con respecto a su sgastos en i+d y su actividad patentadora es estimado para un grupo de empresas europeas. Los resultados sugieren que empresas m\u00e1s diversificadas tecnol\u00f3gicamente y con menos restricciones financieras tienen m\u00e1s incentivos a invertir en i+d y a innovar.<\/p>\n<p>&nbsp;<\/p>\n<h3>Datos acad\u00e9micos de la tesis doctoral \u00ab<strong>Integraci\u00f3n y crecimiento en la uni\u00f3n europea: el papel del comercio, diversificaci\u00f3n tecnol\u00f3gica y restricciones financieras<\/strong>\u00ab<\/h3>\n<ul>\n<li><strong>T\u00edtulo de la tesis:<\/strong>\u00a0 Integraci\u00f3n y crecimiento en la uni\u00f3n europea: el papel del comercio, diversificaci\u00f3n tecnol\u00f3gica y restricciones financieras <\/li>\n<li><strong>Autor:<\/strong>\u00a0  Garc\u00eda De La Vega M. Luz <\/li>\n<li><strong>Universidad:<\/strong>\u00a0 Complutense de Madrid<\/li>\n<li><strong>Fecha de lectura de la tesis:<\/strong>\u00a0 15\/12\/2003<\/li>\n<\/ul>\n<p>&nbsp;<\/p>\n<h3>Direcci\u00f3n y tribunal<\/h3>\n<ul>\n<li><strong>Director de la tesis<\/strong>\n<ul>\n<li>Jos\u00e9 Antonio Herce San Miguel<\/li>\n<\/ul>\n<\/li>\n<li><strong>Tribunal<\/strong>\n<ul>\n<li>Presidente del tribunal: julio Segura sanchez <\/li>\n<li>salvador Barrios (vocal)<\/li>\n<li>oscar Bajo rubio (vocal)<\/li>\n<li>Javier Velazquez angona (vocal)<\/li>\n<\/ul>\n<\/li>\n<\/ul>\n<p>&nbsp;<\/p>\n","protected":false},"excerpt":{"rendered":"<p>Tesis doctoral de Garc\u00eda De La Vega M. Luz La teor\u00eda econ\u00f3mica sugiere que el comercio internacional puede promover crecimiento [&hellip;]<\/p>\n","protected":false},"author":1,"featured_media":0,"comment_status":"open","ping_status":"open","sticky":false,"template":"","format":"standard","meta":{"site-sidebar-layout":"default","site-content-layout":"","ast-site-content-layout":"","site-content-style":"default","site-sidebar-style":"default","ast-global-header-display":"","ast-banner-title-visibility":"","ast-main-header-display":"","ast-hfb-above-header-display":"","ast-hfb-below-header-display":"","ast-hfb-mobile-header-display":"","site-post-title":"","ast-breadcrumbs-content":"","ast-featured-img":"","footer-sml-layout":"","theme-transparent-header-meta":"","adv-header-id-meta":"","stick-header-meta":"","header-above-stick-meta":"","header-main-stick-meta":"","header-below-stick-meta":"","astra-migrate-meta-layouts":"default","ast-page-background-enabled":"default","ast-page-background-meta":{"desktop":{"background-color":"var(--ast-global-color-4)","background-image":"","background-repeat":"repeat","background-position":"center center","background-size":"auto","background-attachment":"scroll","background-type":"","background-media":"","overlay-type":"","overlay-color":"","overlay-gradient":""},"tablet":{"background-color":"","background-image":"","background-repeat":"repeat","background-position":"center center","background-size":"auto","background-attachment":"scroll","background-type":"","background-media":"","overlay-type":"","overlay-color":"","overlay-gradient":""},"mobile":{"background-color":"","background-image":"","background-repeat":"repeat","background-position":"center center","background-size":"auto","background-attachment":"scroll","background-type":"","background-media":"","overlay-type":"","overlay-color":"","overlay-gradient":""}},"ast-content-background-meta":{"desktop":{"background-color":"var(--ast-global-color-5)","background-image":"","background-repeat":"repeat","background-position":"center center","background-size":"auto","background-attachment":"scroll","background-type":"","background-media":"","overlay-type":"","overlay-color":"","overlay-gradient":""},"tablet":{"background-color":"var(--ast-global-color-5)","background-image":"","background-repeat":"repeat","background-position":"center center","background-size":"auto","background-attachment":"scroll","background-type":"","background-media":"","overlay-type":"","overlay-color":"","overlay-gradient":""},"mobile":{"background-color":"var(--ast-global-color-5)","background-image":"","background-repeat":"repeat","background-position":"center center","background-size":"auto","background-attachment":"scroll","background-type":"","background-media":"","overlay-type":"","overlay-color":"","overlay-gradient":""}},"footnotes":""},"categories":[1],"tags":[79204,79206,7564,709,26116,79205],"class_list":["post-27633","post","type-post","status-publish","format-standard","hentry","category-sin-categoria","tag-garcia-de-la-vega-m-luz","tag-javier-velazquez-angona","tag-jose-antonio-herce-san-miguel","tag-julio-segura-sanchez","tag-oscar-bajo-rubio","tag-salvador-barrios"],"_links":{"self":[{"href":"https:\/\/www.deberes.net\/tesis\/wp-json\/wp\/v2\/posts\/27633","targetHints":{"allow":["GET"]}}],"collection":[{"href":"https:\/\/www.deberes.net\/tesis\/wp-json\/wp\/v2\/posts"}],"about":[{"href":"https:\/\/www.deberes.net\/tesis\/wp-json\/wp\/v2\/types\/post"}],"author":[{"embeddable":true,"href":"https:\/\/www.deberes.net\/tesis\/wp-json\/wp\/v2\/users\/1"}],"replies":[{"embeddable":true,"href":"https:\/\/www.deberes.net\/tesis\/wp-json\/wp\/v2\/comments?post=27633"}],"version-history":[{"count":0,"href":"https:\/\/www.deberes.net\/tesis\/wp-json\/wp\/v2\/posts\/27633\/revisions"}],"wp:attachment":[{"href":"https:\/\/www.deberes.net\/tesis\/wp-json\/wp\/v2\/media?parent=27633"}],"wp:term":[{"taxonomy":"category","embeddable":true,"href":"https:\/\/www.deberes.net\/tesis\/wp-json\/wp\/v2\/categories?post=27633"},{"taxonomy":"post_tag","embeddable":true,"href":"https:\/\/www.deberes.net\/tesis\/wp-json\/wp\/v2\/tags?post=27633"}],"curies":[{"name":"wp","href":"https:\/\/api.w.org\/{rel}","templated":true}]}}