{"id":27643,"date":"2018-03-09T09:20:00","date_gmt":"2018-03-09T09:20:00","guid":{"rendered":"https:\/\/www.deberes.net\/tesis\/sin-categoria\/geomorfologa%c2%ada-e-inestabilidad-de-laderas-en-la-cuenca-carbona%c2%adfera-central-valle-del-nalon-asturias-analisis-de-la-susceptibilidad-ligada-a-los-movimientos-superficiales-del-terreno\/"},"modified":"2018-03-09T09:20:00","modified_gmt":"2018-03-09T09:20:00","slug":"geomorfologa%c2%ada-e-inestabilidad-de-laderas-en-la-cuenca-carbona%c2%adfera-central-valle-del-nalon-asturias-analisis-de-la-susceptibilidad-ligada-a-los-movimientos-superficiales-del-terreno","status":"publish","type":"post","link":"https:\/\/www.deberes.net\/tesis\/oviedo\/geomorfologa%c2%ada-e-inestabilidad-de-laderas-en-la-cuenca-carbona%c2%adfera-central-valle-del-nalon-asturias-analisis-de-la-susceptibilidad-ligada-a-los-movimientos-superficiales-del-terreno\/","title":{"rendered":"Geomorfolog\u00eda e inestabilidad de laderas en la cuenca carbon\u00edfera central (valle del nal\u00f3n, asturias). an\u00e1lisis de la susceptibilidad ligada a los movimientos superficiales del terreno"},"content":{"rendered":"<h2>Tesis doctoral de <strong>  Dom\u00ednguez Cuesta M. Jose <\/strong><\/h2>\n<p>Se presenta el trabajo desarrollado en el \u00e1mbito de la unidad geol\u00f3gica de la cuenca carbon\u00edfera central (zona cant\u00e1brica, macizo hesp\u00e9rico), concretamente en el tramo de la cuenca hidrogr\u00e1fica del r\u00edo nal\u00f3n que se engloba en dicha unidad. En esta zona se producen constantes p\u00e9rdidas econ\u00f3micas debido a las inestabilidades de ladera y, por ello, se plante\u00f3 este estudio con el objetivo de tipificar los procesos que generan estas situaciones de riesgo para, finalmente, poder elaborar una cartograf\u00eda de susceptibilidad.  se ha llevado a cabo una prospecci\u00f3n en los archivos de prensa de la nueva espa\u00f1a, peri\u00f3dico reginal de asturias, con la revisi\u00f3n de los 5.824 diarios correspondientes al per\u00edodo 1980-1995. El inventario de noticias relacionadas con las inestabilidad del terreno pone de manifiesto que los movimientos de ladera constituyen un proceso ampliamente extendido en el \u00e1rea de estudio. se ha podido extraer informaci\u00f3n fiable sobre su ubicaci\u00f3n espacial y temporal, su tipolog\u00eda y frecuencia y la relaci\u00f3n con factores desencadenantes, especialmente la conexi\u00f3n entre per\u00edodos de lluvia y el inicio de inestabilidades.  la cartograf\u00eda geomorfol\u00f3gica de la zona de estudio se ha realizado a escala 1:25.000 y muestra que, junto con una peque\u00f1a proporci\u00f3n de procesos k\u00e1rsticos, son fundamentalmente los procesos fluviales y de gravedad los que contribuyen a la evoluci\u00f3n del relieve actual en esta \u00e1rea. Correspondientes a la acci\u00f3n de ladera, avalanchas de roca y flujos que, en conjunto, ocupan una superficie de 49,7 km2. Los flujos de escala m\u00e9trica a decam\u00e9trica que se desarrollan en la actualidad, conocidos como argayos, son los procesos generadores de peligrosidad. Entre los factores que condicionan la evoluci\u00f3n de las laderas en esta zona se encuentran la litolog\u00eda, el clima, la vegetaci\u00f3n, la acci\u00f3n antr\u00f3pica y la incisi\u00f3n fluvial.  la informaci\u00f3n geomorfol\u00f3gica, junto con la geolog\u00eda, la topog<\/p>\n<p>&nbsp;<\/p>\n<h3>Datos acad\u00e9micos de la tesis doctoral \u00ab<strong>Geomorfolog\u00eda e inestabilidad de laderas en la cuenca carbon\u00edfera central (valle del nal\u00f3n, asturias). an\u00e1lisis de la susceptibilidad ligada a los movimientos superficiales del terreno<\/strong>\u00ab<\/h3>\n<ul>\n<li><strong>T\u00edtulo de la tesis:<\/strong>\u00a0 Geomorfolog\u00eda e inestabilidad de laderas en la cuenca carbon\u00edfera central (valle del nal\u00f3n, asturias). an\u00e1lisis de la susceptibilidad ligada a los movimientos superficiales del terreno <\/li>\n<li><strong>Autor:<\/strong>\u00a0  Dom\u00ednguez Cuesta M. Jose <\/li>\n<li><strong>Universidad:<\/strong>\u00a0 Oviedo<\/li>\n<li><strong>Fecha de lectura de la tesis:<\/strong>\u00a0 15\/12\/2003<\/li>\n<\/ul>\n<p>&nbsp;<\/p>\n<h3>Direcci\u00f3n y tribunal<\/h3>\n<ul>\n<li><strong>Director de la tesis<\/strong>\n<ul>\n<li>Pedro Farias Arouer<\/li>\n<\/ul>\n<\/li>\n<li><strong>Tribunal<\/strong>\n<ul>\n<li>Presidente del tribunal: Miguel Torres alonso <\/li>\n<li> D\u00edaz de ter\u00e1n mira Jos\u00e9 ram\u00f3n (vocal)<\/li>\n<li>jordi Corominas dulcet (vocal)<\/li>\n<li>\u00e1ngel Manuel Felic\u00edsimo p\u00e9rez (vocal)<\/li>\n<\/ul>\n<\/li>\n<\/ul>\n<p>&nbsp;<\/p>\n","protected":false},"excerpt":{"rendered":"<p>Tesis doctoral de Dom\u00ednguez Cuesta M. Jose Se presenta el trabajo desarrollado en el \u00e1mbito de la unidad geol\u00f3gica de [&hellip;]<\/p>\n","protected":false},"author":1,"featured_media":0,"comment_status":"open","ping_status":"open","sticky":false,"template":"","format":"standard","meta":{"site-sidebar-layout":"default","site-content-layout":"","ast-site-content-layout":"","site-content-style":"default","site-sidebar-style":"default","ast-global-header-display":"","ast-banner-title-visibility":"","ast-main-header-display":"","ast-hfb-above-header-display":"","ast-hfb-below-header-display":"","ast-hfb-mobile-header-display":"","site-post-title":"","ast-breadcrumbs-content":"","ast-featured-img":"","footer-sml-layout":"","theme-transparent-header-meta":"","adv-header-id-meta":"","stick-header-meta":"","header-above-stick-meta":"","header-main-stick-meta":"","header-below-stick-meta":"","astra-migrate-meta-layouts":"default","ast-page-background-enabled":"default","ast-page-background-meta":{"desktop":{"background-color":"var(--ast-global-color-4)","background-image":"","background-repeat":"repeat","background-position":"center center","background-size":"auto","background-attachment":"scroll","background-type":"","background-media":"","overlay-type":"","overlay-color":"","overlay-gradient":""},"tablet":{"background-color":"","background-image":"","background-repeat":"repeat","background-position":"center center","background-size":"auto","background-attachment":"scroll","background-type":"","background-media":"","overlay-type":"","overlay-color":"","overlay-gradient":""},"mobile":{"background-color":"","background-image":"","background-repeat":"repeat","background-position":"center center","background-size":"auto","background-attachment":"scroll","background-type":"","background-media":"","overlay-type":"","overlay-color":"","overlay-gradient":""}},"ast-content-background-meta":{"desktop":{"background-color":"var(--ast-global-color-5)","background-image":"","background-repeat":"repeat","background-position":"center center","background-size":"auto","background-attachment":"scroll","background-type":"","background-media":"","overlay-type":"","overlay-color":"","overlay-gradient":""},"tablet":{"background-color":"var(--ast-global-color-5)","background-image":"","background-repeat":"repeat","background-position":"center center","background-size":"auto","background-attachment":"scroll","background-type":"","background-media":"","overlay-type":"","overlay-color":"","overlay-gradient":""},"mobile":{"background-color":"var(--ast-global-color-5)","background-image":"","background-repeat":"repeat","background-position":"center center","background-size":"auto","background-attachment":"scroll","background-type":"","background-media":"","overlay-type":"","overlay-color":"","overlay-gradient":""}},"footnotes":""},"categories":[8846],"tags":[79231,45467,79229,22041,59043,79230],"class_list":["post-27643","post","type-post","status-publish","format-standard","hentry","category-oviedo","tag-angel-manuel-felicisimo-perez","tag-diaz-de-teran-mira-jose-ramon","tag-dominguez-cuesta-m-jose","tag-jordi-corominas-dulcet","tag-miguel-torres-alonso","tag-pedro-farias-arouer"],"_links":{"self":[{"href":"https:\/\/www.deberes.net\/tesis\/wp-json\/wp\/v2\/posts\/27643","targetHints":{"allow":["GET"]}}],"collection":[{"href":"https:\/\/www.deberes.net\/tesis\/wp-json\/wp\/v2\/posts"}],"about":[{"href":"https:\/\/www.deberes.net\/tesis\/wp-json\/wp\/v2\/types\/post"}],"author":[{"embeddable":true,"href":"https:\/\/www.deberes.net\/tesis\/wp-json\/wp\/v2\/users\/1"}],"replies":[{"embeddable":true,"href":"https:\/\/www.deberes.net\/tesis\/wp-json\/wp\/v2\/comments?post=27643"}],"version-history":[{"count":0,"href":"https:\/\/www.deberes.net\/tesis\/wp-json\/wp\/v2\/posts\/27643\/revisions"}],"wp:attachment":[{"href":"https:\/\/www.deberes.net\/tesis\/wp-json\/wp\/v2\/media?parent=27643"}],"wp:term":[{"taxonomy":"category","embeddable":true,"href":"https:\/\/www.deberes.net\/tesis\/wp-json\/wp\/v2\/categories?post=27643"},{"taxonomy":"post_tag","embeddable":true,"href":"https:\/\/www.deberes.net\/tesis\/wp-json\/wp\/v2\/tags?post=27643"}],"curies":[{"name":"wp","href":"https:\/\/api.w.org\/{rel}","templated":true}]}}