{"id":27661,"date":"2018-03-09T09:20:01","date_gmt":"2018-03-09T09:20:01","guid":{"rendered":"https:\/\/www.deberes.net\/tesis\/sin-categoria\/construcciones-causativas-en-lenguas-iranias-occidentales\/"},"modified":"2018-03-09T09:20:01","modified_gmt":"2018-03-09T09:20:01","slug":"construcciones-causativas-en-lenguas-iranias-occidentales","status":"publish","type":"post","link":"https:\/\/www.deberes.net\/tesis\/sin-categoria\/construcciones-causativas-en-lenguas-iranias-occidentales\/","title":{"rendered":"Construcciones causativas en lenguas iranias occidentales"},"content":{"rendered":"<h2>Tesis doctoral de <strong> Akbar Esmaeil Pour <\/strong><\/h2>\n<p>En este estudio se habla sobre las caracter\u00edsticas sint\u00e1cticas y sem\u00e1nticas de construcciones causativas en lenguas iranias occidentales. Despu\u00e9s de un cap\u00edtulo introductorio en el segundo cap\u00edtulo tratamos de hablar de las propiedades sint\u00e1cticas, caracter\u00edsticas sem\u00e1nticas y la interacci\u00f3n entre las dos categor\u00edas, en relaci\u00f3n con las construcciones causativas en dichas lenguas. Despu\u00e9s, el campo de estudio se restringe s\u00f3lo al estudio de verbos causativos perifr\u00e1sticos implicativos positivos. Esta clase de verbos es subclasificada a \u00abcausativos nominativos\u00bb (no marcados y permisivos) u \u00abcausativos acusativos\u00bb (coercitivos). En el cap\u00edtulo 3 trato con los verbos causativos l\u00e9xico: radicales, morfol\u00f3gicos y auxiliares en lenguas iranias occidentales. Luego, a base de una comparacion, se argumenta que desde el punto de vista funcional, en el sistema de los causativos l\u00e9xicos en legunas irianas occidentales, los causativos \u00abradicales\u00bb, \u00abmorfol\u00f3gicos\u00bb, \u00abauxiliares\u00bb, son causativos de tipo \u00abpasivo\u00bb, \u00abactivo\u00bb y \u00abexperimental\u00bb, respectivamente. A la luz de los resultados logrados en los cap\u00edtulos 2 y 3 se da una descripci\u00f3n en el cap\u00edtulo 4 de las similitudes, diferencias e interrelaciones entre las construcciones causativas perifr\u00e1sticas y las construcciones causativas l\u00e9xicas.<\/p>\n<p>&nbsp;<\/p>\n<h3>Datos acad\u00e9micos de la tesis doctoral \u00ab<strong>Construcciones causativas en lenguas iranias occidentales<\/strong>\u00ab<\/h3>\n<ul>\n<li><strong>T\u00edtulo de la tesis:<\/strong>\u00a0 Construcciones causativas en lenguas iranias occidentales <\/li>\n<li><strong>Autor:<\/strong>\u00a0 Akbar Esmaeil Pour <\/li>\n<li><strong>Universidad:<\/strong>\u00a0 Aut\u00f3noma de Madrid<\/li>\n<li><strong>Fecha de lectura de la tesis:<\/strong>\u00a0 15\/12\/2003<\/li>\n<\/ul>\n<p>&nbsp;<\/p>\n<h3>Direcci\u00f3n y tribunal<\/h3>\n<ul>\n<li><strong>Director de la tesis<\/strong>\n<ul>\n<li>Francisco Marcos Mar\u00edn<\/li>\n<\/ul>\n<\/li>\n<li><strong>Tribunal<\/strong>\n<ul>\n<li>Presidente del tribunal: Juan  Carlos Moreno cabrera <\/li>\n<li> Tordesillas colado Marta in\u00e9s (vocal)<\/li>\n<li>Luis Santos r\u00edo (vocal)<\/li>\n<li>  (vocal)<\/li>\n<\/ul>\n<\/li>\n<\/ul>\n<p>&nbsp;<\/p>\n","protected":false},"excerpt":{"rendered":"<p>Tesis doctoral de Akbar Esmaeil Pour En este estudio se habla sobre las caracter\u00edsticas sint\u00e1cticas y sem\u00e1nticas de construcciones causativas [&hellip;]<\/p>\n","protected":false},"author":1,"featured_media":0,"comment_status":"open","ping_status":"open","sticky":false,"template":"","format":"standard","meta":{"site-sidebar-layout":"default","site-content-layout":"","ast-site-content-layout":"","site-content-style":"default","site-sidebar-style":"default","ast-global-header-display":"","ast-banner-title-visibility":"","ast-main-header-display":"","ast-hfb-above-header-display":"","ast-hfb-below-header-display":"","ast-hfb-mobile-header-display":"","site-post-title":"","ast-breadcrumbs-content":"","ast-featured-img":"","footer-sml-layout":"","theme-transparent-header-meta":"","adv-header-id-meta":"","stick-header-meta":"","header-above-stick-meta":"","header-main-stick-meta":"","header-below-stick-meta":"","astra-migrate-meta-layouts":"default","ast-page-background-enabled":"default","ast-page-background-meta":{"desktop":{"background-color":"var(--ast-global-color-4)","background-image":"","background-repeat":"repeat","background-position":"center center","background-size":"auto","background-attachment":"scroll","background-type":"","background-media":"","overlay-type":"","overlay-color":"","overlay-gradient":""},"tablet":{"background-color":"","background-image":"","background-repeat":"repeat","background-position":"center center","background-size":"auto","background-attachment":"scroll","background-type":"","background-media":"","overlay-type":"","overlay-color":"","overlay-gradient":""},"mobile":{"background-color":"","background-image":"","background-repeat":"repeat","background-position":"center center","background-size":"auto","background-attachment":"scroll","background-type":"","background-media":"","overlay-type":"","overlay-color":"","overlay-gradient":""}},"ast-content-background-meta":{"desktop":{"background-color":"var(--ast-global-color-5)","background-image":"","background-repeat":"repeat","background-position":"center center","background-size":"auto","background-attachment":"scroll","background-type":"","background-media":"","overlay-type":"","overlay-color":"","overlay-gradient":""},"tablet":{"background-color":"var(--ast-global-color-5)","background-image":"","background-repeat":"repeat","background-position":"center center","background-size":"auto","background-attachment":"scroll","background-type":"","background-media":"","overlay-type":"","overlay-color":"","overlay-gradient":""},"mobile":{"background-color":"var(--ast-global-color-5)","background-image":"","background-repeat":"repeat","background-position":"center center","background-size":"auto","background-attachment":"scroll","background-type":"","background-media":"","overlay-type":"","overlay-color":"","overlay-gradient":""}},"footnotes":""},"categories":[1],"tags":[79273,3972,2545,22552,79274],"class_list":["post-27661","post","type-post","status-publish","format-standard","hentry","category-sin-categoria","tag-akbar-esmaeil-pour","tag-francisco-marcos-marin","tag-juan-carlos-moreno-cabrera","tag-luis-santos-rio","tag-tordesillas-colado-marta-ines"],"_links":{"self":[{"href":"https:\/\/www.deberes.net\/tesis\/wp-json\/wp\/v2\/posts\/27661","targetHints":{"allow":["GET"]}}],"collection":[{"href":"https:\/\/www.deberes.net\/tesis\/wp-json\/wp\/v2\/posts"}],"about":[{"href":"https:\/\/www.deberes.net\/tesis\/wp-json\/wp\/v2\/types\/post"}],"author":[{"embeddable":true,"href":"https:\/\/www.deberes.net\/tesis\/wp-json\/wp\/v2\/users\/1"}],"replies":[{"embeddable":true,"href":"https:\/\/www.deberes.net\/tesis\/wp-json\/wp\/v2\/comments?post=27661"}],"version-history":[{"count":0,"href":"https:\/\/www.deberes.net\/tesis\/wp-json\/wp\/v2\/posts\/27661\/revisions"}],"wp:attachment":[{"href":"https:\/\/www.deberes.net\/tesis\/wp-json\/wp\/v2\/media?parent=27661"}],"wp:term":[{"taxonomy":"category","embeddable":true,"href":"https:\/\/www.deberes.net\/tesis\/wp-json\/wp\/v2\/categories?post=27661"},{"taxonomy":"post_tag","embeddable":true,"href":"https:\/\/www.deberes.net\/tesis\/wp-json\/wp\/v2\/tags?post=27661"}],"curies":[{"name":"wp","href":"https:\/\/api.w.org\/{rel}","templated":true}]}}