{"id":27692,"date":"2018-03-09T09:20:05","date_gmt":"2018-03-09T09:20:05","guid":{"rendered":"https:\/\/www.deberes.net\/tesis\/sin-categoria\/participacion-de-los-alumnos-de-la-uex-en-las-manifestaciones-culturales-de-su-entorno\/"},"modified":"2018-03-09T09:20:05","modified_gmt":"2018-03-09T09:20:05","slug":"participacion-de-los-alumnos-de-la-uex-en-las-manifestaciones-culturales-de-su-entorno","status":"publish","type":"post","link":"https:\/\/www.deberes.net\/tesis\/extremadura\/participacion-de-los-alumnos-de-la-uex-en-las-manifestaciones-culturales-de-su-entorno\/","title":{"rendered":"Participaci\u00f3n de los alumnos de la uex en las manifestaciones culturales de su entorno."},"content":{"rendered":"<h2>Tesis doctoral de <strong>  Garrido Arroyo M. Carmen <\/strong><\/h2>\n<p>La tesis tiene por objeto el estudio de las aficciones y preferencias culturales del alumnado a la uex.Al mismo tiempo que mide las actividades ante dichas manifestaciones culturales.  comienza por una delimitaci\u00f3n conceptual de t\u00e9rminos clave como son cultura polit\u00edca cultural y gesti\u00f3n cultural.  contin\u00faa con el estudio emp\u00edrico de los comportamientos y actitudes antes se\u00f1alados mediante la aplicaci\u00f3n de dos cuestionarios elaborados ex profeso para la tesis.  finaliza con las conclusiones fruto de la integraci\u00f3n de la perspectiva te\u00f3rica de los primeros cap\u00edtulos y los resultados del an\u00e1lisis de los datos obtenidos a trav\u00e9s de  los cuestionarios.<\/p>\n<p>&nbsp;<\/p>\n<h3>Datos acad\u00e9micos de la tesis doctoral \u00ab<strong>Participaci\u00f3n de los alumnos de la uex en las manifestaciones culturales de su entorno.<\/strong>\u00ab<\/h3>\n<ul>\n<li><strong>T\u00edtulo de la tesis:<\/strong>\u00a0 Participaci\u00f3n de los alumnos de la uex en las manifestaciones culturales de su entorno. <\/li>\n<li><strong>Autor:<\/strong>\u00a0  Garrido Arroyo M. Carmen <\/li>\n<li><strong>Universidad:<\/strong>\u00a0 Extremadura<\/li>\n<li><strong>Fecha de lectura de la tesis:<\/strong>\u00a0 16\/12\/2003<\/li>\n<\/ul>\n<p>&nbsp;<\/p>\n<h3>Direcci\u00f3n y tribunal<\/h3>\n<ul>\n<li><strong>Director de la tesis<\/strong>\n<ul>\n<li>Emilia Dom\u00ednguez Rodr\u00edguez<\/li>\n<\/ul>\n<\/li>\n<li><strong>Tribunal<\/strong>\n<ul>\n<li>Presidente del tribunal: Antonio  j. Colom ca\u00f1ellas <\/li>\n<li>Antonio Bernal guerrero (vocal)<\/li>\n<li>mart\u00edn Dom\u00ednguez l\u00e1zaro (vocal)<\/li>\n<li>domingo Barbolla camarero (vocal)<\/li>\n<\/ul>\n<\/li>\n<\/ul>\n<p>&nbsp;<\/p>\n","protected":false},"excerpt":{"rendered":"<p>Tesis doctoral de Garrido Arroyo M. Carmen La tesis tiene por objeto el estudio de las aficciones y preferencias culturales [&hellip;]<\/p>\n","protected":false},"author":1,"featured_media":0,"comment_status":"open","ping_status":"open","sticky":false,"template":"","format":"standard","meta":{"site-sidebar-layout":"default","site-content-layout":"","ast-site-content-layout":"","site-content-style":"default","site-sidebar-style":"default","ast-global-header-display":"","ast-banner-title-visibility":"","ast-main-header-display":"","ast-hfb-above-header-display":"","ast-hfb-below-header-display":"","ast-hfb-mobile-header-display":"","site-post-title":"","ast-breadcrumbs-content":"","ast-featured-img":"","footer-sml-layout":"","theme-transparent-header-meta":"","adv-header-id-meta":"","stick-header-meta":"","header-above-stick-meta":"","header-main-stick-meta":"","header-below-stick-meta":"","astra-migrate-meta-layouts":"default","ast-page-background-enabled":"default","ast-page-background-meta":{"desktop":{"background-color":"var(--ast-global-color-4)","background-image":"","background-repeat":"repeat","background-position":"center center","background-size":"auto","background-attachment":"scroll","background-type":"","background-media":"","overlay-type":"","overlay-color":"","overlay-gradient":""},"tablet":{"background-color":"","background-image":"","background-repeat":"repeat","background-position":"center center","background-size":"auto","background-attachment":"scroll","background-type":"","background-media":"","overlay-type":"","overlay-color":"","overlay-gradient":""},"mobile":{"background-color":"","background-image":"","background-repeat":"repeat","background-position":"center center","background-size":"auto","background-attachment":"scroll","background-type":"","background-media":"","overlay-type":"","overlay-color":"","overlay-gradient":""}},"ast-content-background-meta":{"desktop":{"background-color":"var(--ast-global-color-5)","background-image":"","background-repeat":"repeat","background-position":"center center","background-size":"auto","background-attachment":"scroll","background-type":"","background-media":"","overlay-type":"","overlay-color":"","overlay-gradient":""},"tablet":{"background-color":"var(--ast-global-color-5)","background-image":"","background-repeat":"repeat","background-position":"center center","background-size":"auto","background-attachment":"scroll","background-type":"","background-media":"","overlay-type":"","overlay-color":"","overlay-gradient":""},"mobile":{"background-color":"var(--ast-global-color-5)","background-image":"","background-repeat":"repeat","background-position":"center center","background-size":"auto","background-attachment":"scroll","background-type":"","background-media":"","overlay-type":"","overlay-color":"","overlay-gradient":""}},"footnotes":""},"categories":[949],"tags":[31567,5717,79351,11957,79349,79350],"class_list":["post-27692","post","type-post","status-publish","format-standard","hentry","category-extremadura","tag-antonio-bernal-guerrero","tag-antonio-j-colom-canellas","tag-domingo-barbolla-camarero","tag-emilia-dominguez-rodriguez","tag-garrido-arroyo-m-carmen","tag-martin-dominguez-lazaro"],"_links":{"self":[{"href":"https:\/\/www.deberes.net\/tesis\/wp-json\/wp\/v2\/posts\/27692","targetHints":{"allow":["GET"]}}],"collection":[{"href":"https:\/\/www.deberes.net\/tesis\/wp-json\/wp\/v2\/posts"}],"about":[{"href":"https:\/\/www.deberes.net\/tesis\/wp-json\/wp\/v2\/types\/post"}],"author":[{"embeddable":true,"href":"https:\/\/www.deberes.net\/tesis\/wp-json\/wp\/v2\/users\/1"}],"replies":[{"embeddable":true,"href":"https:\/\/www.deberes.net\/tesis\/wp-json\/wp\/v2\/comments?post=27692"}],"version-history":[{"count":0,"href":"https:\/\/www.deberes.net\/tesis\/wp-json\/wp\/v2\/posts\/27692\/revisions"}],"wp:attachment":[{"href":"https:\/\/www.deberes.net\/tesis\/wp-json\/wp\/v2\/media?parent=27692"}],"wp:term":[{"taxonomy":"category","embeddable":true,"href":"https:\/\/www.deberes.net\/tesis\/wp-json\/wp\/v2\/categories?post=27692"},{"taxonomy":"post_tag","embeddable":true,"href":"https:\/\/www.deberes.net\/tesis\/wp-json\/wp\/v2\/tags?post=27692"}],"curies":[{"name":"wp","href":"https:\/\/api.w.org\/{rel}","templated":true}]}}