{"id":27694,"date":"2018-03-09T09:20:05","date_gmt":"2018-03-09T09:20:05","guid":{"rendered":"https:\/\/www.deberes.net\/tesis\/sin-categoria\/el-efecto-de-la-externalizacion-de-los-suministros-en-el-mercado-de-trabajo-el-caso-de-la-industria-espanola-1986-1994\/"},"modified":"2018-03-09T09:20:05","modified_gmt":"2018-03-09T09:20:05","slug":"el-efecto-de-la-externalizacion-de-los-suministros-en-el-mercado-de-trabajo-el-caso-de-la-industria-espanola-1986-1994","status":"publish","type":"post","link":"https:\/\/www.deberes.net\/tesis\/barcelona\/el-efecto-de-la-externalizacion-de-los-suministros-en-el-mercado-de-trabajo-el-caso-de-la-industria-espanola-1986-1994\/","title":{"rendered":"El efecto de la externalizaci\u00f3n de los suministros en el mercado de trabajo: el caso de la industria espa\u00f1ola (1986-1994)."},"content":{"rendered":"<h2>Tesis doctoral de <strong> Gloria Rubert Adelantado <\/strong><\/h2>\n<p>En esta tesis se analiza el efecto de una faceta novedosa del comercio internacional el cio internacional en  bienes intermedios sobre la demanda ralativa de trabajadores cualificados respecto de la de trabajadores poco culificados, aplic\u00e1ndose el estudio al caso de la industria espa\u00f1ola en el per\u00edodo 1986-94.  en el an\u00e1lisis se descompone el efecto del oubouring(exterminazi\u00f3n de los sumnistros)sobre la demanda relativa se cualidades, seg\u00fan el origen geogr\u00e1fico de las importantes de inpul3 entre aquellas que provienen de pa\u00edses desarrollados y las que han sido producidas en pa\u00edses en m\u00e1s de desarrollo.  la principal conclusi\u00f3n que se alcanzo la cual hace pensar en una posible reinterpretaci\u00f3n de los resultados de los estudios previos es que el oubourcing a pa\u00edses desarrollados tiene el mismo efecto que el oubouring a pa\u00edses en v\u00edas de desarrollo ambos provocan un  aumento en la demanda relativa de cualificaciones.<\/p>\n<p>&nbsp;<\/p>\n<h3>Datos acad\u00e9micos de la tesis doctoral \u00ab<strong>El efecto de la externalizaci\u00f3n de los suministros en el mercado de trabajo: el caso de la industria espa\u00f1ola (1986-1994).<\/strong>\u00ab<\/h3>\n<ul>\n<li><strong>T\u00edtulo de la tesis:<\/strong>\u00a0 El efecto de la externalizaci\u00f3n de los suministros en el mercado de trabajo: el caso de la industria espa\u00f1ola (1986-1994). <\/li>\n<li><strong>Autor:<\/strong>\u00a0 Gloria Rubert Adelantado <\/li>\n<li><strong>Universidad:<\/strong>\u00a0 Barcelona<\/li>\n<li><strong>Fecha de lectura de la tesis:<\/strong>\u00a0 16\/12\/2003<\/li>\n<\/ul>\n<p>&nbsp;<\/p>\n<h3>Direcci\u00f3n y tribunal<\/h3>\n<ul>\n<li><strong>Director de la tesis<\/strong>\n<ul>\n<li>Joan Tugores Ques<\/li>\n<\/ul>\n<\/li>\n<li><strong>Tribunal<\/strong>\n<ul>\n<li>Presidente del tribunal:  Hortaria i arau joan <\/li>\n<li>Javier Rey (vocal)<\/li>\n<li>c\u00e1ndido Pa\u00f1eda (vocal)<\/li>\n<li>Manuel Navarro (vocal)<\/li>\n<\/ul>\n<\/li>\n<\/ul>\n<p>&nbsp;<\/p>\n","protected":false},"excerpt":{"rendered":"<p>Tesis doctoral de Gloria Rubert Adelantado En esta tesis se analiza el efecto de una faceta novedosa del comercio internacional [&hellip;]<\/p>\n","protected":false},"author":1,"featured_media":0,"comment_status":"open","ping_status":"open","sticky":false,"template":"","format":"standard","meta":{"site-sidebar-layout":"default","site-content-layout":"","ast-site-content-layout":"","site-content-style":"default","site-sidebar-style":"default","ast-global-header-display":"","ast-banner-title-visibility":"","ast-main-header-display":"","ast-hfb-above-header-display":"","ast-hfb-below-header-display":"","ast-hfb-mobile-header-display":"","site-post-title":"","ast-breadcrumbs-content":"","ast-featured-img":"","footer-sml-layout":"","theme-transparent-header-meta":"","adv-header-id-meta":"","stick-header-meta":"","header-above-stick-meta":"","header-main-stick-meta":"","header-below-stick-meta":"","astra-migrate-meta-layouts":"default","ast-page-background-enabled":"default","ast-page-background-meta":{"desktop":{"background-color":"var(--ast-global-color-4)","background-image":"","background-repeat":"repeat","background-position":"center center","background-size":"auto","background-attachment":"scroll","background-type":"","background-media":"","overlay-type":"","overlay-color":"","overlay-gradient":""},"tablet":{"background-color":"","background-image":"","background-repeat":"repeat","background-position":"center center","background-size":"auto","background-attachment":"scroll","background-type":"","background-media":"","overlay-type":"","overlay-color":"","overlay-gradient":""},"mobile":{"background-color":"","background-image":"","background-repeat":"repeat","background-position":"center center","background-size":"auto","background-attachment":"scroll","background-type":"","background-media":"","overlay-type":"","overlay-color":"","overlay-gradient":""}},"ast-content-background-meta":{"desktop":{"background-color":"var(--ast-global-color-5)","background-image":"","background-repeat":"repeat","background-position":"center center","background-size":"auto","background-attachment":"scroll","background-type":"","background-media":"","overlay-type":"","overlay-color":"","overlay-gradient":""},"tablet":{"background-color":"var(--ast-global-color-5)","background-image":"","background-repeat":"repeat","background-position":"center center","background-size":"auto","background-attachment":"scroll","background-type":"","background-media":"","overlay-type":"","overlay-color":"","overlay-gradient":""},"mobile":{"background-color":"var(--ast-global-color-5)","background-image":"","background-repeat":"repeat","background-position":"center center","background-size":"auto","background-attachment":"scroll","background-type":"","background-media":"","overlay-type":"","overlay-color":"","overlay-gradient":""}},"footnotes":""},"categories":[951],"tags":[27758,79357,79358,79359,10285,79360],"class_list":["post-27694","post","type-post","status-publish","format-standard","hentry","category-barcelona","tag-candido-paneda","tag-gloria-rubert-adelantado","tag-hortaria-i-arau-joan","tag-javier-rey","tag-joan-tugores-ques","tag-manuel-navarro"],"_links":{"self":[{"href":"https:\/\/www.deberes.net\/tesis\/wp-json\/wp\/v2\/posts\/27694","targetHints":{"allow":["GET"]}}],"collection":[{"href":"https:\/\/www.deberes.net\/tesis\/wp-json\/wp\/v2\/posts"}],"about":[{"href":"https:\/\/www.deberes.net\/tesis\/wp-json\/wp\/v2\/types\/post"}],"author":[{"embeddable":true,"href":"https:\/\/www.deberes.net\/tesis\/wp-json\/wp\/v2\/users\/1"}],"replies":[{"embeddable":true,"href":"https:\/\/www.deberes.net\/tesis\/wp-json\/wp\/v2\/comments?post=27694"}],"version-history":[{"count":0,"href":"https:\/\/www.deberes.net\/tesis\/wp-json\/wp\/v2\/posts\/27694\/revisions"}],"wp:attachment":[{"href":"https:\/\/www.deberes.net\/tesis\/wp-json\/wp\/v2\/media?parent=27694"}],"wp:term":[{"taxonomy":"category","embeddable":true,"href":"https:\/\/www.deberes.net\/tesis\/wp-json\/wp\/v2\/categories?post=27694"},{"taxonomy":"post_tag","embeddable":true,"href":"https:\/\/www.deberes.net\/tesis\/wp-json\/wp\/v2\/tags?post=27694"}],"curies":[{"name":"wp","href":"https:\/\/api.w.org\/{rel}","templated":true}]}}