{"id":27715,"date":"2018-03-09T09:20:06","date_gmt":"2018-03-09T09:20:06","guid":{"rendered":"https:\/\/www.deberes.net\/tesis\/sin-categoria\/va%c2%adas-de-senalizacion-de-la-insulina-implicadas-en-el-transporte-de-glucosa-en-adipocitos-marrones-resistencia-y-sensibilizacion\/"},"modified":"2018-03-09T09:20:06","modified_gmt":"2018-03-09T09:20:06","slug":"va%c2%adas-de-senalizacion-de-la-insulina-implicadas-en-el-transporte-de-glucosa-en-adipocitos-marrones-resistencia-y-sensibilizacion","status":"publish","type":"post","link":"https:\/\/www.deberes.net\/tesis\/sin-categoria\/va%c2%adas-de-senalizacion-de-la-insulina-implicadas-en-el-transporte-de-glucosa-en-adipocitos-marrones-resistencia-y-sensibilizacion\/","title":{"rendered":"V\u00edas de se\u00f1alizaci\u00f3n de la insulina implicadas en el transporte de glucosa en adipocitos marrones: resistencia y sensibilizaci\u00f3n"},"content":{"rendered":"<h2>Tesis doctoral de <strong> Rosario Hern\u00e1ndez Dom\u00ednguez <\/strong><\/h2>\n<p>La organizaci\u00f3n mundial de la salud considera la diabetes tipo 2 como una epidemia global y por ello se est\u00e1n realizando grandes esfuerzos de investigaci\u00f3n encaminados a prevenirla y al desarrollo de nuevos f\u00e1rmacos que impidan la progresi\u00f3n en la misma. El primer defecto que ocurre es una resistencia generalizada a la acci\u00f3n de la insulina, impidiendo la capacidad de glucosa por los tejidos perif\u00e9ricos, que en condiciones fisiol\u00f3gicas responden a dicha hormona pro tener receptores para la misma y expresar el transportador de glucosa dependiente de insulina glit4. Dicho transportador se encuentra en compartimentos de membrana intracelulares, desde donde se transloca a la membrana plasm\u00e1tica en respuesta a insulina. Las rutas de se\u00f1alizaci\u00f3n de la insulina que participan en dicho proceso no est\u00e1n totalmente establecidas: la v\u00eda de la pi3-k ha demostrado ser necesaria pero no suficiente y otras v\u00edas paralelas han sido recientemente propuestas. En eta tesis demostramos que en los adipocitos marrones, un modelo sensible a la acci\u00f3n de la insulina, por debajo de pi3-k, akt, plcgamma y pkc* desempe\u00f1an un papel importante en la mediaci\u00f3n de la translocaci\u00f3n de glut4 a la membrana plasm\u00e1tica en respuesta a insulina. El transporte de glucosa en tejidos insulino-dependientes tambi\u00e9n puede estar regulado por cambios en la expresi\u00f3n g\u00e9nica del transportador glut4. En los adipocitos marrones el tratamiento cr\u00f3nico con insulina es capaz de aumentar la expresi\u00f3n g\u00e9nica de glut4 a nivel transcripcional de manera dependiente de pi3-k\/akt y adem\u00e1s ese aumento se correlaciona con un aumento en el transporte de glucosa. Por parte, el  tratamiento conjunto de insulina con dexametasona produce un efecto sin\u00e9rgico sobre el transporte de glucosa como consecuencia de la activaci\u00f3n del promotor de glut4 a trav\u00e9s del factor de transcripci\u00f3n c\/ebpalfa. Adem\u00e1s del estudio de  las v\u00edas de se\u00f1alizaci\u00f3n implicadas en el transporte de gluc<\/p>\n<p>&nbsp;<\/p>\n<h3>Datos acad\u00e9micos de la tesis doctoral \u00ab<strong>V\u00edas de se\u00f1alizaci\u00f3n de la insulina implicadas en el transporte de glucosa en adipocitos marrones: resistencia y sensibilizaci\u00f3n<\/strong>\u00ab<\/h3>\n<ul>\n<li><strong>T\u00edtulo de la tesis:<\/strong>\u00a0 V\u00edas de se\u00f1alizaci\u00f3n de la insulina implicadas en el transporte de glucosa en adipocitos marrones: resistencia y sensibilizaci\u00f3n <\/li>\n<li><strong>Autor:<\/strong>\u00a0 Rosario Hern\u00e1ndez Dom\u00ednguez <\/li>\n<li><strong>Universidad:<\/strong>\u00a0 Complutense de Madrid<\/li>\n<li><strong>Fecha de lectura de la tesis:<\/strong>\u00a0 16\/12\/2003<\/li>\n<\/ul>\n<p>&nbsp;<\/p>\n<h3>Direcci\u00f3n y tribunal<\/h3>\n<ul>\n<li><strong>Director de la tesis<\/strong>\n<ul>\n<li>Margarita Lorenzo Balado<\/li>\n<\/ul>\n<\/li>\n<li><strong>Tribunal<\/strong>\n<ul>\n<li>Presidente del tribunal: Manuel roman Benito de las heras <\/li>\n<li>federico Mayor menendez (vocal)<\/li>\n<li>Antonio Zorzano olarte (vocal)<\/li>\n<li> Carrascosa baeza Jos\u00e9 Mar\u00eda (vocal)<\/li>\n<\/ul>\n<\/li>\n<\/ul>\n<p>&nbsp;<\/p>\n","protected":false},"excerpt":{"rendered":"<p>Tesis doctoral de Rosario Hern\u00e1ndez Dom\u00ednguez La organizaci\u00f3n mundial de la salud considera la diabetes tipo 2 como una epidemia [&hellip;]<\/p>\n","protected":false},"author":1,"featured_media":0,"comment_status":"open","ping_status":"open","sticky":false,"template":"","format":"standard","meta":{"site-sidebar-layout":"default","site-content-layout":"","ast-site-content-layout":"","site-content-style":"default","site-sidebar-style":"default","ast-global-header-display":"","ast-banner-title-visibility":"","ast-main-header-display":"","ast-hfb-above-header-display":"","ast-hfb-below-header-display":"","ast-hfb-mobile-header-display":"","site-post-title":"","ast-breadcrumbs-content":"","ast-featured-img":"","footer-sml-layout":"","theme-transparent-header-meta":"","adv-header-id-meta":"","stick-header-meta":"","header-above-stick-meta":"","header-main-stick-meta":"","header-below-stick-meta":"","astra-migrate-meta-layouts":"default","ast-page-background-enabled":"default","ast-page-background-meta":{"desktop":{"background-color":"var(--ast-global-color-4)","background-image":"","background-repeat":"repeat","background-position":"center center","background-size":"auto","background-attachment":"scroll","background-type":"","background-media":"","overlay-type":"","overlay-color":"","overlay-gradient":""},"tablet":{"background-color":"","background-image":"","background-repeat":"repeat","background-position":"center center","background-size":"auto","background-attachment":"scroll","background-type":"","background-media":"","overlay-type":"","overlay-color":"","overlay-gradient":""},"mobile":{"background-color":"","background-image":"","background-repeat":"repeat","background-position":"center center","background-size":"auto","background-attachment":"scroll","background-type":"","background-media":"","overlay-type":"","overlay-color":"","overlay-gradient":""}},"ast-content-background-meta":{"desktop":{"background-color":"var(--ast-global-color-5)","background-image":"","background-repeat":"repeat","background-position":"center center","background-size":"auto","background-attachment":"scroll","background-type":"","background-media":"","overlay-type":"","overlay-color":"","overlay-gradient":""},"tablet":{"background-color":"var(--ast-global-color-5)","background-image":"","background-repeat":"repeat","background-position":"center center","background-size":"auto","background-attachment":"scroll","background-type":"","background-media":"","overlay-type":"","overlay-color":"","overlay-gradient":""},"mobile":{"background-color":"var(--ast-global-color-5)","background-image":"","background-repeat":"repeat","background-position":"center center","background-size":"auto","background-attachment":"scroll","background-type":"","background-media":"","overlay-type":"","overlay-color":"","overlay-gradient":""}},"footnotes":""},"categories":[1],"tags":[20202,14890,6285,5427,42261,79402],"class_list":["post-27715","post","type-post","status-publish","format-standard","hentry","category-sin-categoria","tag-antonio-zorzano-olarte","tag-carrascosa-baeza-jose-maria","tag-federico-mayor-menendez","tag-manuel-roman-benito-de-las-heras","tag-margarita-lorenzo-balado","tag-rosario-hernandez-dominguez"],"_links":{"self":[{"href":"https:\/\/www.deberes.net\/tesis\/wp-json\/wp\/v2\/posts\/27715","targetHints":{"allow":["GET"]}}],"collection":[{"href":"https:\/\/www.deberes.net\/tesis\/wp-json\/wp\/v2\/posts"}],"about":[{"href":"https:\/\/www.deberes.net\/tesis\/wp-json\/wp\/v2\/types\/post"}],"author":[{"embeddable":true,"href":"https:\/\/www.deberes.net\/tesis\/wp-json\/wp\/v2\/users\/1"}],"replies":[{"embeddable":true,"href":"https:\/\/www.deberes.net\/tesis\/wp-json\/wp\/v2\/comments?post=27715"}],"version-history":[{"count":0,"href":"https:\/\/www.deberes.net\/tesis\/wp-json\/wp\/v2\/posts\/27715\/revisions"}],"wp:attachment":[{"href":"https:\/\/www.deberes.net\/tesis\/wp-json\/wp\/v2\/media?parent=27715"}],"wp:term":[{"taxonomy":"category","embeddable":true,"href":"https:\/\/www.deberes.net\/tesis\/wp-json\/wp\/v2\/categories?post=27715"},{"taxonomy":"post_tag","embeddable":true,"href":"https:\/\/www.deberes.net\/tesis\/wp-json\/wp\/v2\/tags?post=27715"}],"curies":[{"name":"wp","href":"https:\/\/api.w.org\/{rel}","templated":true}]}}