{"id":27793,"date":"2018-03-09T09:20:13","date_gmt":"2018-03-09T09:20:13","guid":{"rendered":"https:\/\/www.deberes.net\/tesis\/sin-categoria\/arte-y-repoblacion-en-la-extremadura-aragonesa-1120-1348\/"},"modified":"2018-03-09T09:20:13","modified_gmt":"2018-03-09T09:20:13","slug":"arte-y-repoblacion-en-la-extremadura-aragonesa-1120-1348","status":"publish","type":"post","link":"https:\/\/www.deberes.net\/tesis\/zaragoza\/arte-y-repoblacion-en-la-extremadura-aragonesa-1120-1348\/","title":{"rendered":"Arte y repoblaci\u00f3n en la extremadura aragonesa 1120-1348"},"content":{"rendered":"<h2>Tesis doctoral de <strong>  Hernando Sebastian Pedro Luis <\/strong><\/h2>\n<p>Bajo el t\u00edtulo arte y repoblaci\u00f3n en la extremadura aragonesa entre 1120 y 1348 lo que se pretende es estudiar un fenomeno art\u00edstico en relaci\u00f3n con un proceso hist\u00f3rico, el de la reconquista y repoblaci\u00f3n del territorio, y dento de unas coordenadas espaciales, la mitad del sur de arag\u00f3n y cronol\u00f3gicas, eol periodo de tiempo que transcurre entre la conquista de zaragoza y las guerras contra castilla de mediados del siglo xiv.  como resultados finales se aporta un inventario de todas las manifestaciones art\u00edsticas conservadas y de las que se tienen constancia documental, una cartograf\u00eda art\u00edstica completa de todo el territorio, y sobre todo, un an\u00e1lisis hist\u00f3rico art\u00edstico del periodo.<\/p>\n<p>&nbsp;<\/p>\n<h3>Datos acad\u00e9micos de la tesis doctoral \u00ab<strong>Arte y repoblaci\u00f3n en la extremadura aragonesa 1120-1348<\/strong>\u00ab<\/h3>\n<ul>\n<li><strong>T\u00edtulo de la tesis:<\/strong>\u00a0 Arte y repoblaci\u00f3n en la extremadura aragonesa 1120-1348 <\/li>\n<li><strong>Autor:<\/strong>\u00a0  Hernando Sebastian Pedro Luis <\/li>\n<li><strong>Universidad:<\/strong>\u00a0 Zaragoza<\/li>\n<li><strong>Fecha de lectura de la tesis:<\/strong>\u00a0 17\/12\/2003<\/li>\n<\/ul>\n<p>&nbsp;<\/p>\n<h3>Direcci\u00f3n y tribunal<\/h3>\n<ul>\n<li><strong>Director de la tesis<\/strong>\n<ul>\n<li>Gonzalo Borras Gualis<\/li>\n<\/ul>\n<\/li>\n<li><strong>Tribunal<\/strong>\n<ul>\n<li>Presidente del tribunal: Jos\u00e9 Luis Calvo palacios <\/li>\n<li> Rodrigo estevan Mar\u00eda  luz (vocal)<\/li>\n<li>Miguel Cort\u00e9s arrese (vocal)<\/li>\n<li>  (vocal)<\/li>\n<\/ul>\n<\/li>\n<\/ul>\n<p>&nbsp;<\/p>\n","protected":false},"excerpt":{"rendered":"<p>Tesis doctoral de Hernando Sebastian Pedro Luis Bajo el t\u00edtulo arte y repoblaci\u00f3n en la extremadura aragonesa entre 1120 y [&hellip;]<\/p>\n","protected":false},"author":1,"featured_media":0,"comment_status":"open","ping_status":"open","sticky":false,"template":"","format":"standard","meta":{"site-sidebar-layout":"default","site-content-layout":"","ast-site-content-layout":"","site-content-style":"default","site-sidebar-style":"default","ast-global-header-display":"","ast-banner-title-visibility":"","ast-main-header-display":"","ast-hfb-above-header-display":"","ast-hfb-below-header-display":"","ast-hfb-mobile-header-display":"","site-post-title":"","ast-breadcrumbs-content":"","ast-featured-img":"","footer-sml-layout":"","theme-transparent-header-meta":"","adv-header-id-meta":"","stick-header-meta":"","header-above-stick-meta":"","header-main-stick-meta":"","header-below-stick-meta":"","astra-migrate-meta-layouts":"default","ast-page-background-enabled":"default","ast-page-background-meta":{"desktop":{"background-color":"var(--ast-global-color-4)","background-image":"","background-repeat":"repeat","background-position":"center center","background-size":"auto","background-attachment":"scroll","background-type":"","background-media":"","overlay-type":"","overlay-color":"","overlay-gradient":""},"tablet":{"background-color":"","background-image":"","background-repeat":"repeat","background-position":"center center","background-size":"auto","background-attachment":"scroll","background-type":"","background-media":"","overlay-type":"","overlay-color":"","overlay-gradient":""},"mobile":{"background-color":"","background-image":"","background-repeat":"repeat","background-position":"center center","background-size":"auto","background-attachment":"scroll","background-type":"","background-media":"","overlay-type":"","overlay-color":"","overlay-gradient":""}},"ast-content-background-meta":{"desktop":{"background-color":"var(--ast-global-color-5)","background-image":"","background-repeat":"repeat","background-position":"center center","background-size":"auto","background-attachment":"scroll","background-type":"","background-media":"","overlay-type":"","overlay-color":"","overlay-gradient":""},"tablet":{"background-color":"var(--ast-global-color-5)","background-image":"","background-repeat":"repeat","background-position":"center center","background-size":"auto","background-attachment":"scroll","background-type":"","background-media":"","overlay-type":"","overlay-color":"","overlay-gradient":""},"mobile":{"background-color":"var(--ast-global-color-5)","background-image":"","background-repeat":"repeat","background-position":"center center","background-size":"auto","background-attachment":"scroll","background-type":"","background-media":"","overlay-type":"","overlay-color":"","overlay-gradient":""}},"footnotes":""},"categories":[13610],"tags":[5824,79582,48332,32474,79583],"class_list":["post-27793","post","type-post","status-publish","format-standard","hentry","category-zaragoza","tag-gonzalo-borras-gualis","tag-hernando-sebastian-pedro-luis","tag-jose-luis-calvo-palacios","tag-miguel-cortes-arrese","tag-rodrigo-estevan-maria-luz"],"_links":{"self":[{"href":"https:\/\/www.deberes.net\/tesis\/wp-json\/wp\/v2\/posts\/27793","targetHints":{"allow":["GET"]}}],"collection":[{"href":"https:\/\/www.deberes.net\/tesis\/wp-json\/wp\/v2\/posts"}],"about":[{"href":"https:\/\/www.deberes.net\/tesis\/wp-json\/wp\/v2\/types\/post"}],"author":[{"embeddable":true,"href":"https:\/\/www.deberes.net\/tesis\/wp-json\/wp\/v2\/users\/1"}],"replies":[{"embeddable":true,"href":"https:\/\/www.deberes.net\/tesis\/wp-json\/wp\/v2\/comments?post=27793"}],"version-history":[{"count":0,"href":"https:\/\/www.deberes.net\/tesis\/wp-json\/wp\/v2\/posts\/27793\/revisions"}],"wp:attachment":[{"href":"https:\/\/www.deberes.net\/tesis\/wp-json\/wp\/v2\/media?parent=27793"}],"wp:term":[{"taxonomy":"category","embeddable":true,"href":"https:\/\/www.deberes.net\/tesis\/wp-json\/wp\/v2\/categories?post=27793"},{"taxonomy":"post_tag","embeddable":true,"href":"https:\/\/www.deberes.net\/tesis\/wp-json\/wp\/v2\/tags?post=27793"}],"curies":[{"name":"wp","href":"https:\/\/api.w.org\/{rel}","templated":true}]}}