{"id":27808,"date":"2018-03-09T09:20:14","date_gmt":"2018-03-09T09:20:14","guid":{"rendered":"https:\/\/www.deberes.net\/tesis\/sin-categoria\/modelos-para-establecer-el-crecimiento-de-las-redes-opticas-de-acceso\/"},"modified":"2018-03-09T09:20:14","modified_gmt":"2018-03-09T09:20:14","slug":"modelos-para-establecer-el-crecimiento-de-las-redes-opticas-de-acceso","status":"publish","type":"post","link":"https:\/\/www.deberes.net\/tesis\/politecnica-de-valencia\/modelos-para-establecer-el-crecimiento-de-las-redes-opticas-de-acceso\/","title":{"rendered":"Modelos para establecer el crecimiento de las redes \u00f3pticas de acceso"},"content":{"rendered":"<h2>Tesis doctoral de <strong> Ana Mar\u00eda Cardenas Soto <\/strong><\/h2>\n<p>El objetivo principal de la tesis es desarrollar un modelo de an\u00e1lisis para evoluci\u00f3n de la red de acceso de telecomunicaciones, con base en un nuevo modelo de estimaci\u00f3n de demanda de ancho de banda, la evaluaci\u00f3n de distintas arquitecturas de redes \u00f3pticas y ante distintos escenarios de competencia, teniendo en cuenta las inversiones existentes:  por ello, la tesis doctoral, se estructura en los siguientes cap\u00edtulos:  * cap\u00edtulo 1: introducci\u00f3n y objetivos.  * cap\u00edtulo 2: an\u00e1lisis de predicci\u00f3n aplicado al sector de las telecomunicaciones.  * cap\u00edtulo 3: construcci\u00f3n, presentaci\u00f3n y aplicaci\u00f3n de un nuevo modelo de predicci\u00f3n de crecimiento de ancho de banda de telecomunicaciones basado en an\u00e1lisis de tendencia.  * cap\u00edtulo 4: aplicaci\u00f3n de un nuevo modelo de predicci\u00f3n de crecimiento de ancho de banda de telecomunicaciones basado en an\u00e1lisis de tendencia.  * cap\u00edtulo 5: an\u00e1lisis t\u00e9cnico-econ\u00f3mico de la provisi\u00f3n de ancho de banda en redes de acceso de telecomunicaciones.  * cap\u00edtulo 6: resumen, conclusiones, aportaciones, l\u00edneas futuras de investigaci\u00f3n y productos de la investigaci\u00f3n.<\/p>\n<p>&nbsp;<\/p>\n<h3>Datos acad\u00e9micos de la tesis doctoral \u00ab<strong>Modelos para establecer el crecimiento de las redes \u00f3pticas de acceso<\/strong>\u00ab<\/h3>\n<ul>\n<li><strong>T\u00edtulo de la tesis:<\/strong>\u00a0 Modelos para establecer el crecimiento de las redes \u00f3pticas de acceso <\/li>\n<li><strong>Autor:<\/strong>\u00a0 Ana Mar\u00eda Cardenas Soto <\/li>\n<li><strong>Universidad:<\/strong>\u00a0 Polit\u00e9cnica de Valencia<\/li>\n<li><strong>Fecha de lectura de la tesis:<\/strong>\u00a0 17\/12\/2003<\/li>\n<\/ul>\n<p>&nbsp;<\/p>\n<h3>Direcci\u00f3n y tribunal<\/h3>\n<ul>\n<li><strong>Director de la tesis<\/strong>\n<ul>\n<li>Salvador Sales Maicas<\/li>\n<\/ul>\n<\/li>\n<li><strong>Tribunal<\/strong>\n<ul>\n<li>Presidente del tribunal: gabriel Junyent giralt <\/li>\n<li>mario Garc\u00eda molina (vocal)<\/li>\n<li>wsewolod Warzanskyj garcia (vocal)<\/li>\n<li> Guerri cebollada Juan  Carlos (vocal)<\/li>\n<\/ul>\n<\/li>\n<\/ul>\n<p>&nbsp;<\/p>\n","protected":false},"excerpt":{"rendered":"<p>Tesis doctoral de Ana Mar\u00eda Cardenas Soto El objetivo principal de la tesis es desarrollar un modelo de an\u00e1lisis para [&hellip;]<\/p>\n","protected":false},"author":1,"featured_media":0,"comment_status":"open","ping_status":"open","sticky":false,"template":"","format":"standard","meta":{"site-sidebar-layout":"default","site-content-layout":"","ast-site-content-layout":"","site-content-style":"default","site-sidebar-style":"default","ast-global-header-display":"","ast-banner-title-visibility":"","ast-main-header-display":"","ast-hfb-above-header-display":"","ast-hfb-below-header-display":"","ast-hfb-mobile-header-display":"","site-post-title":"","ast-breadcrumbs-content":"","ast-featured-img":"","footer-sml-layout":"","theme-transparent-header-meta":"","adv-header-id-meta":"","stick-header-meta":"","header-above-stick-meta":"","header-main-stick-meta":"","header-below-stick-meta":"","astra-migrate-meta-layouts":"default","ast-page-background-enabled":"default","ast-page-background-meta":{"desktop":{"background-color":"var(--ast-global-color-4)","background-image":"","background-repeat":"repeat","background-position":"center center","background-size":"auto","background-attachment":"scroll","background-type":"","background-media":"","overlay-type":"","overlay-color":"","overlay-gradient":""},"tablet":{"background-color":"","background-image":"","background-repeat":"repeat","background-position":"center center","background-size":"auto","background-attachment":"scroll","background-type":"","background-media":"","overlay-type":"","overlay-color":"","overlay-gradient":""},"mobile":{"background-color":"","background-image":"","background-repeat":"repeat","background-position":"center center","background-size":"auto","background-attachment":"scroll","background-type":"","background-media":"","overlay-type":"","overlay-color":"","overlay-gradient":""}},"ast-content-background-meta":{"desktop":{"background-color":"var(--ast-global-color-5)","background-image":"","background-repeat":"repeat","background-position":"center center","background-size":"auto","background-attachment":"scroll","background-type":"","background-media":"","overlay-type":"","overlay-color":"","overlay-gradient":""},"tablet":{"background-color":"var(--ast-global-color-5)","background-image":"","background-repeat":"repeat","background-position":"center center","background-size":"auto","background-attachment":"scroll","background-type":"","background-media":"","overlay-type":"","overlay-color":"","overlay-gradient":""},"mobile":{"background-color":"var(--ast-global-color-5)","background-image":"","background-repeat":"repeat","background-position":"center center","background-size":"auto","background-attachment":"scroll","background-type":"","background-media":"","overlay-type":"","overlay-color":"","overlay-gradient":""}},"footnotes":""},"categories":[16820],"tags":[79613,15819,36933,79614,41073,30825],"class_list":["post-27808","post","type-post","status-publish","format-standard","hentry","category-politecnica-de-valencia","tag-ana-maria-cardenas-soto","tag-gabriel-junyent-giralt","tag-guerri-cebollada-juan-carlos","tag-mario-garcia-molina","tag-salvador-sales-maicas","tag-wsewolod-warzanskyj-garcia"],"_links":{"self":[{"href":"https:\/\/www.deberes.net\/tesis\/wp-json\/wp\/v2\/posts\/27808","targetHints":{"allow":["GET"]}}],"collection":[{"href":"https:\/\/www.deberes.net\/tesis\/wp-json\/wp\/v2\/posts"}],"about":[{"href":"https:\/\/www.deberes.net\/tesis\/wp-json\/wp\/v2\/types\/post"}],"author":[{"embeddable":true,"href":"https:\/\/www.deberes.net\/tesis\/wp-json\/wp\/v2\/users\/1"}],"replies":[{"embeddable":true,"href":"https:\/\/www.deberes.net\/tesis\/wp-json\/wp\/v2\/comments?post=27808"}],"version-history":[{"count":0,"href":"https:\/\/www.deberes.net\/tesis\/wp-json\/wp\/v2\/posts\/27808\/revisions"}],"wp:attachment":[{"href":"https:\/\/www.deberes.net\/tesis\/wp-json\/wp\/v2\/media?parent=27808"}],"wp:term":[{"taxonomy":"category","embeddable":true,"href":"https:\/\/www.deberes.net\/tesis\/wp-json\/wp\/v2\/categories?post=27808"},{"taxonomy":"post_tag","embeddable":true,"href":"https:\/\/www.deberes.net\/tesis\/wp-json\/wp\/v2\/tags?post=27808"}],"curies":[{"name":"wp","href":"https:\/\/api.w.org\/{rel}","templated":true}]}}