{"id":27847,"date":"2018-03-09T09:20:17","date_gmt":"2018-03-09T09:20:17","guid":{"rendered":"https:\/\/www.deberes.net\/tesis\/sin-categoria\/capacidad-aerobica-en-una-poblacion-adulta-sana-y-calidad-de-vida-relacionada-con-la-salud\/"},"modified":"2018-03-09T09:20:17","modified_gmt":"2018-03-09T09:20:17","slug":"capacidad-aerobica-en-una-poblacion-adulta-sana-y-calidad-de-vida-relacionada-con-la-salud","status":"publish","type":"post","link":"https:\/\/www.deberes.net\/tesis\/oviedo\/capacidad-aerobica-en-una-poblacion-adulta-sana-y-calidad-de-vida-relacionada-con-la-salud\/","title":{"rendered":"Capacidad aer\u00f3bica en una poblaci\u00f3n adulta sana y calidad de vida relacionada con la salud"},"content":{"rendered":"<h2>Tesis doctoral de <strong>  Pereiro Alonso M. Encarnaci\u00f3n <\/strong><\/h2>\n<p>El prop\u00f3sito de este estudio fue evaluar los valores normales de consumo de ox\u00edgeno en la poblaci\u00f3n asturiana y establecer la ecuaci\u00f3n predictiva y, por otra parte, la asociaci\u00f3n entre el consumo de ox\u00edgeno en poblaci\u00f3n sana y la calidad de vida relacionada con la salud (cvrs). Se estudiaron 237 sujetos sanos (126 hombres y 111 mujeres) de entre 20 y 69 a\u00f1os, con valores de su espirometr\u00eda normales, a los que se les administr\u00f3 el cuestionario de salud sf-36. El consumo de ox\u00edgeno se obtuvo mediante una prueba de esfuerzo realizada en tapiz rodante basculante siguiendo el protocolo de bruce modificado. La ecuaci\u00f3n lineal predictiva y la asociaci\u00f3n entre el consumo entre el consumo de ox\u00edgeno y la cvrs se establecieron mediante regresi\u00f3n lineal.  resultados: se elabor\u00f3 un modelo para la obtenci\u00f3n del vo2max te\u00f3rico que se comport\u00f3 de forma similar a los recomendados por la sociedad americana de neumolog\u00eda y cirug\u00eda tor\u00e1cica (ats) y el colegio americano de m\u00e9dicos del t\u00f3rax (accp). El consumo de ox\u00edgeno se asocia de forma independientes con el componente f\u00edsico de la cvrs. Los enfermos cr\u00f3nicos podr\u00edan beneficiarse de programas de entrenamiento f\u00edsico que aumentasen su capacidad aer\u00f3bica.<\/p>\n<p>&nbsp;<\/p>\n<h3>Datos acad\u00e9micos de la tesis doctoral \u00ab<strong>Capacidad aer\u00f3bica en una poblaci\u00f3n adulta sana y calidad de vida relacionada con la salud<\/strong>\u00ab<\/h3>\n<ul>\n<li><strong>T\u00edtulo de la tesis:<\/strong>\u00a0 Capacidad aer\u00f3bica en una poblaci\u00f3n adulta sana y calidad de vida relacionada con la salud <\/li>\n<li><strong>Autor:<\/strong>\u00a0  Pereiro Alonso M. Encarnaci\u00f3n <\/li>\n<li><strong>Universidad:<\/strong>\u00a0 Oviedo<\/li>\n<li><strong>Fecha de lectura de la tesis:<\/strong>\u00a0 18\/12\/2003<\/li>\n<\/ul>\n<p>&nbsp;<\/p>\n<h3>Direcci\u00f3n y tribunal<\/h3>\n<ul>\n<li><strong>Director de la tesis<\/strong>\n<ul>\n<li> Montoliu Sanclement M. \u00e1ngeles<\/li>\n<\/ul>\n<\/li>\n<li><strong>Tribunal<\/strong>\n<ul>\n<li>Presidente del tribunal: Antonio Cueto espinar <\/li>\n<li> Rodr\u00edguez su\u00e1rez Jos\u00e9 ram\u00f3n (vocal)<\/li>\n<li>Luis Palenciano ballesteros (vocal)<\/li>\n<li> Carretero sastre Jos\u00e9 Luis (vocal)<\/li>\n<\/ul>\n<\/li>\n<\/ul>\n<p>&nbsp;<\/p>\n","protected":false},"excerpt":{"rendered":"<p>Tesis doctoral de Pereiro Alonso M. Encarnaci\u00f3n El prop\u00f3sito de este estudio fue evaluar los valores normales de consumo de [&hellip;]<\/p>\n","protected":false},"author":1,"featured_media":0,"comment_status":"open","ping_status":"open","sticky":false,"template":"","format":"standard","meta":{"site-sidebar-layout":"default","site-content-layout":"","ast-site-content-layout":"","site-content-style":"default","site-sidebar-style":"default","ast-global-header-display":"","ast-banner-title-visibility":"","ast-main-header-display":"","ast-hfb-above-header-display":"","ast-hfb-below-header-display":"","ast-hfb-mobile-header-display":"","site-post-title":"","ast-breadcrumbs-content":"","ast-featured-img":"","footer-sml-layout":"","theme-transparent-header-meta":"","adv-header-id-meta":"","stick-header-meta":"","header-above-stick-meta":"","header-main-stick-meta":"","header-below-stick-meta":"","astra-migrate-meta-layouts":"default","ast-page-background-enabled":"default","ast-page-background-meta":{"desktop":{"background-color":"var(--ast-global-color-4)","background-image":"","background-repeat":"repeat","background-position":"center center","background-size":"auto","background-attachment":"scroll","background-type":"","background-media":"","overlay-type":"","overlay-color":"","overlay-gradient":""},"tablet":{"background-color":"","background-image":"","background-repeat":"repeat","background-position":"center center","background-size":"auto","background-attachment":"scroll","background-type":"","background-media":"","overlay-type":"","overlay-color":"","overlay-gradient":""},"mobile":{"background-color":"","background-image":"","background-repeat":"repeat","background-position":"center center","background-size":"auto","background-attachment":"scroll","background-type":"","background-media":"","overlay-type":"","overlay-color":"","overlay-gradient":""}},"ast-content-background-meta":{"desktop":{"background-color":"var(--ast-global-color-5)","background-image":"","background-repeat":"repeat","background-position":"center center","background-size":"auto","background-attachment":"scroll","background-type":"","background-media":"","overlay-type":"","overlay-color":"","overlay-gradient":""},"tablet":{"background-color":"var(--ast-global-color-5)","background-image":"","background-repeat":"repeat","background-position":"center center","background-size":"auto","background-attachment":"scroll","background-type":"","background-media":"","overlay-type":"","overlay-color":"","overlay-gradient":""},"mobile":{"background-color":"var(--ast-global-color-5)","background-image":"","background-repeat":"repeat","background-position":"center center","background-size":"auto","background-attachment":"scroll","background-type":"","background-media":"","overlay-type":"","overlay-color":"","overlay-gradient":""}},"footnotes":""},"categories":[8846],"tags":[1937,12543,9103,9274,79700,79701],"class_list":["post-27847","post","type-post","status-publish","format-standard","hentry","category-oviedo","tag-antonio-cueto-espinar","tag-carretero-sastre-jose-luis","tag-luis-palenciano-ballesteros","tag-montoliu-sanclement-m-angeles","tag-pereiro-alonso-m-encarnacion","tag-rodriguez-suarez-jose-ramon"],"_links":{"self":[{"href":"https:\/\/www.deberes.net\/tesis\/wp-json\/wp\/v2\/posts\/27847","targetHints":{"allow":["GET"]}}],"collection":[{"href":"https:\/\/www.deberes.net\/tesis\/wp-json\/wp\/v2\/posts"}],"about":[{"href":"https:\/\/www.deberes.net\/tesis\/wp-json\/wp\/v2\/types\/post"}],"author":[{"embeddable":true,"href":"https:\/\/www.deberes.net\/tesis\/wp-json\/wp\/v2\/users\/1"}],"replies":[{"embeddable":true,"href":"https:\/\/www.deberes.net\/tesis\/wp-json\/wp\/v2\/comments?post=27847"}],"version-history":[{"count":0,"href":"https:\/\/www.deberes.net\/tesis\/wp-json\/wp\/v2\/posts\/27847\/revisions"}],"wp:attachment":[{"href":"https:\/\/www.deberes.net\/tesis\/wp-json\/wp\/v2\/media?parent=27847"}],"wp:term":[{"taxonomy":"category","embeddable":true,"href":"https:\/\/www.deberes.net\/tesis\/wp-json\/wp\/v2\/categories?post=27847"},{"taxonomy":"post_tag","embeddable":true,"href":"https:\/\/www.deberes.net\/tesis\/wp-json\/wp\/v2\/tags?post=27847"}],"curies":[{"name":"wp","href":"https:\/\/api.w.org\/{rel}","templated":true}]}}