{"id":27867,"date":"2018-03-09T09:20:19","date_gmt":"2018-03-09T09:20:19","guid":{"rendered":"https:\/\/www.deberes.net\/tesis\/sin-categoria\/caractera%c2%adsticas-epidemiologicas-preventivas-y-metabolicas-de-los-defectos-del-tubo-neural-en-la-isla-de-mallorca\/"},"modified":"2018-03-09T09:20:19","modified_gmt":"2018-03-09T09:20:19","slug":"caractera%c2%adsticas-epidemiologicas-preventivas-y-metabolicas-de-los-defectos-del-tubo-neural-en-la-isla-de-mallorca","status":"publish","type":"post","link":"https:\/\/www.deberes.net\/tesis\/sin-categoria\/caractera%c2%adsticas-epidemiologicas-preventivas-y-metabolicas-de-los-defectos-del-tubo-neural-en-la-isla-de-mallorca\/","title":{"rendered":"Caracter\u00edsticas epidemiol\u00f3gicas, preventivas y metab\u00f3licas de los defectos del tubo neural en la isla de mallorca"},"content":{"rendered":"<h2>Tesis doctoral de <strong>  Gibert Casta\u00f1er M. Jos\u00e9 <\/strong><\/h2>\n<p>Se han estudiado los defectos del tubo neural (dtns) en mallorca por medio de tres investigaciones que cubren diferentes aspectos de estas enfermedades:  1,- epidemiol\u00f3gico  la preValencia total de dtns obtenida para la d\u00e9cada 1990-99 es de 1,32 por mil, cifra muy similar a la del registro de base poblacional de asturias, que a su vez, es el tercero del eurocat (european rgistration of congenital anomalies and twins) con mayor preValencia.  el diagn\u00f3sitco prental de los dtns se ha perfeccionado progresivamente a partir de 1980 (mayor proporci\u00f3n de detecciones prenatales, mayor precocidad). al igual que en otras poblaciones europeas, la detecci\u00f3n prental de anecefalias supera a la de espinas b\u00edfidas y la sensibilidad de la econograf\u00eda mejora si va dirigida por alfafetoprote\u00edna en suero materno. La implantaci\u00f3n, en 1993, del cribado bioqu\u00edmico en el segundo trimestre gestacional se ha traducido en un incremento significativo de proporci\u00f3n de interrupciones voluntarias de embarazo de espinas b\u00edfidas para el sexenio 94-99 frente al cuatrienio 90-93. El aborto inducido es una maniobra aceptada en nuestro medio para el manejo de todas las modalidades de dtns y nos sit\u00faa en unos niveles medios-altos con respecto a los registros integrados el eurocat. las caracter\u00edsticas cl\u00ednico-epidemiol\u00f3gicas de los dtns  de muestra casu\u00edstica reproducen las documentadas en la bibliograf\u00eda m\u00e9dica, esto es, los puntos de cierre  afectados m\u00e1s frecuentemente son el 2 +- 4 y el 1 y\/o 5; el s\u00edndrome de meckel-gruber es el m\u00e1s prevalente entre los dtns sindr\u00f3micos; la trisom\u00eda 18 es la aneuploid\u00eda m\u00e1s habitualmente asociada a estas anomal\u00edas; la afectaci\u00f3n del sexo femenino 18 es la aneuploid\u00eda m\u00e1s habitualmente asociada a estas anomal\u00edas: la afectaci\u00f3n del sexo femenino es predominante; los dtns son m\u00e1s comunes entre embarazos m\u00faltiples; y los defectos asociados suelen ser cadiopat\u00edas, nefropat\u00edas y anomal\u00edas digestivas. Por ot<\/p>\n<p>&nbsp;<\/p>\n<h3>Datos acad\u00e9micos de la tesis doctoral \u00ab<strong>Caracter\u00edsticas epidemiol\u00f3gicas, preventivas y metab\u00f3licas de los defectos del tubo neural en la isla de mallorca<\/strong>\u00ab<\/h3>\n<ul>\n<li><strong>T\u00edtulo de la tesis:<\/strong>\u00a0 Caracter\u00edsticas epidemiol\u00f3gicas, preventivas y metab\u00f3licas de los defectos del tubo neural en la isla de mallorca <\/li>\n<li><strong>Autor:<\/strong>\u00a0  Gibert Casta\u00f1er M. Jos\u00e9 <\/li>\n<li><strong>Universidad:<\/strong>\u00a0 Aut\u00f3noma de barcelona<\/li>\n<li><strong>Fecha de lectura de la tesis:<\/strong>\u00a0 18\/12\/2003<\/li>\n<\/ul>\n<p>&nbsp;<\/p>\n<h3>Direcci\u00f3n y tribunal<\/h3>\n<ul>\n<li><strong>Director de la tesis<\/strong>\n<ul>\n<li>Jordi Xercavins Montosa<\/li>\n<\/ul>\n<\/li>\n<li><strong>Tribunal<\/strong>\n<ul>\n<li>Presidente del tribunal: ramon Carreras collado <\/li>\n<li>joaqu\u00edn Salvador peral (vocal)<\/li>\n<li>Miguel Usandizaga calparsoro (vocal)<\/li>\n<li>rosa Segura cardona (vocal)<\/li>\n<\/ul>\n<\/li>\n<\/ul>\n<p>&nbsp;<\/p>\n","protected":false},"excerpt":{"rendered":"<p>Tesis doctoral de Gibert Casta\u00f1er M. Jos\u00e9 Se han estudiado los defectos del tubo neural (dtns) en mallorca por medio [&hellip;]<\/p>\n","protected":false},"author":1,"featured_media":0,"comment_status":"open","ping_status":"open","sticky":false,"template":"","format":"standard","meta":{"site-sidebar-layout":"default","site-content-layout":"","ast-site-content-layout":"","site-content-style":"default","site-sidebar-style":"default","ast-global-header-display":"","ast-banner-title-visibility":"","ast-main-header-display":"","ast-hfb-above-header-display":"","ast-hfb-below-header-display":"","ast-hfb-mobile-header-display":"","site-post-title":"","ast-breadcrumbs-content":"","ast-featured-img":"","footer-sml-layout":"","theme-transparent-header-meta":"","adv-header-id-meta":"","stick-header-meta":"","header-above-stick-meta":"","header-main-stick-meta":"","header-below-stick-meta":"","astra-migrate-meta-layouts":"default","ast-page-background-enabled":"default","ast-page-background-meta":{"desktop":{"background-color":"var(--ast-global-color-4)","background-image":"","background-repeat":"repeat","background-position":"center center","background-size":"auto","background-attachment":"scroll","background-type":"","background-media":"","overlay-type":"","overlay-color":"","overlay-gradient":""},"tablet":{"background-color":"","background-image":"","background-repeat":"repeat","background-position":"center center","background-size":"auto","background-attachment":"scroll","background-type":"","background-media":"","overlay-type":"","overlay-color":"","overlay-gradient":""},"mobile":{"background-color":"","background-image":"","background-repeat":"repeat","background-position":"center center","background-size":"auto","background-attachment":"scroll","background-type":"","background-media":"","overlay-type":"","overlay-color":"","overlay-gradient":""}},"ast-content-background-meta":{"desktop":{"background-color":"var(--ast-global-color-5)","background-image":"","background-repeat":"repeat","background-position":"center center","background-size":"auto","background-attachment":"scroll","background-type":"","background-media":"","overlay-type":"","overlay-color":"","overlay-gradient":""},"tablet":{"background-color":"var(--ast-global-color-5)","background-image":"","background-repeat":"repeat","background-position":"center center","background-size":"auto","background-attachment":"scroll","background-type":"","background-media":"","overlay-type":"","overlay-color":"","overlay-gradient":""},"mobile":{"background-color":"var(--ast-global-color-5)","background-image":"","background-repeat":"repeat","background-position":"center center","background-size":"auto","background-attachment":"scroll","background-type":"","background-media":"","overlay-type":"","overlay-color":"","overlay-gradient":""}},"footnotes":""},"categories":[1],"tags":[79744,79745,10554,15958,48646,29248],"class_list":["post-27867","post","type-post","status-publish","format-standard","hentry","category-sin-categoria","tag-gibert-castaner-m-jose","tag-joaquin-salvador-peral","tag-jordi-xercavins-montosa","tag-miguel-usandizaga-calparsoro","tag-ramon-carreras-collado","tag-rosa-segura-cardona"],"_links":{"self":[{"href":"https:\/\/www.deberes.net\/tesis\/wp-json\/wp\/v2\/posts\/27867","targetHints":{"allow":["GET"]}}],"collection":[{"href":"https:\/\/www.deberes.net\/tesis\/wp-json\/wp\/v2\/posts"}],"about":[{"href":"https:\/\/www.deberes.net\/tesis\/wp-json\/wp\/v2\/types\/post"}],"author":[{"embeddable":true,"href":"https:\/\/www.deberes.net\/tesis\/wp-json\/wp\/v2\/users\/1"}],"replies":[{"embeddable":true,"href":"https:\/\/www.deberes.net\/tesis\/wp-json\/wp\/v2\/comments?post=27867"}],"version-history":[{"count":0,"href":"https:\/\/www.deberes.net\/tesis\/wp-json\/wp\/v2\/posts\/27867\/revisions"}],"wp:attachment":[{"href":"https:\/\/www.deberes.net\/tesis\/wp-json\/wp\/v2\/media?parent=27867"}],"wp:term":[{"taxonomy":"category","embeddable":true,"href":"https:\/\/www.deberes.net\/tesis\/wp-json\/wp\/v2\/categories?post=27867"},{"taxonomy":"post_tag","embeddable":true,"href":"https:\/\/www.deberes.net\/tesis\/wp-json\/wp\/v2\/tags?post=27867"}],"curies":[{"name":"wp","href":"https:\/\/api.w.org\/{rel}","templated":true}]}}