{"id":27907,"date":"2018-03-09T09:20:22","date_gmt":"2018-03-09T09:20:22","guid":{"rendered":"https:\/\/www.deberes.net\/tesis\/sin-categoria\/edicio-cra%c2%adtica-i-estudi-de-la-doctrina-pueril-de-ramon-llull\/"},"modified":"2018-03-09T09:20:22","modified_gmt":"2018-03-09T09:20:22","slug":"edicio-cra%c2%adtica-i-estudi-de-la-doctrina-pueril-de-ramon-llull","status":"publish","type":"post","link":"https:\/\/www.deberes.net\/tesis\/barcelona\/edicio-cra%c2%adtica-i-estudi-de-la-doctrina-pueril-de-ramon-llull\/","title":{"rendered":"Edici\u00f3 cr\u00edtica i estudi de la doctrina pueril de ramon llull."},"content":{"rendered":"<h2>Tesis doctoral de <strong> Joan Santanach Su\u00f1ol <\/strong><\/h2>\n<p>El objeto principal de la tesis consiste en la edici\u00f3n cr\u00edtica de la doctrina pueril, obra de contenido catequ\u00e9tico y enciclop\u00e9dico escrita en catal\u00e1n por raimundo lulio entre los a\u00f1os 1274-1276.Dada la amplitud y complexidad de la tradici\u00f3n manuscrita e impresa del texto, con una treintena de testimonios, entre c\u00f3dices catalanes y traducciones a otras lenguas -conservamos versiones de la doctrina en occitano, lat\u00edn, franc\u00e9s y espa\u00f1ol, algunas de las cuales son contempor\u00e1neas al autor-, antes de llevar a cabo la edici\u00f3n de la obra ha sido indispensable ralizar el estudio pormenorizado de las relaciones gen\u00e9ticas existentes en el conjunto de su tradici\u00f3n textual. El estudio ha revelado varias l\u00edneas de difusi\u00f3n y transmisi\u00f3n de la obra , entre las que es especialmente destacable la que pondr\u00eda en relaci\u00f3n las traducciones occitana, francesa y latina , muy probablemente impulsadas por el propio lulio.Esta constataci\u00f3n ha hecho aconsejable la elaboraci\u00f3n de un aparato cr\u00edtico pluriling\u00ed\u00bce, que , al mismo tiempo que ha sido un instrumento indispensable en el establecimiento del texto cr\u00edtico de la obra, da cuenta de las tendencias y afinidades existentes entre los distintos testimonios.<\/p>\n<p>&nbsp;<\/p>\n<h3>Datos acad\u00e9micos de la tesis doctoral \u00ab<strong>Edici\u00f3 cr\u00edtica i estudi de la doctrina pueril de ramon llull.<\/strong>\u00ab<\/h3>\n<ul>\n<li><strong>T\u00edtulo de la tesis:<\/strong>\u00a0 Edici\u00f3 cr\u00edtica i estudi de la doctrina pueril de ramon llull. <\/li>\n<li><strong>Autor:<\/strong>\u00a0 Joan Santanach Su\u00f1ol <\/li>\n<li><strong>Universidad:<\/strong>\u00a0 Barcelona<\/li>\n<li><strong>Fecha de lectura de la tesis:<\/strong>\u00a0 19\/12\/2003<\/li>\n<\/ul>\n<p>&nbsp;<\/p>\n<h3>Direcci\u00f3n y tribunal<\/h3>\n<ul>\n<li><strong>Director de la tesis<\/strong>\n<ul>\n<li>Albert Soler Llopart<\/li>\n<\/ul>\n<\/li>\n<li><strong>Tribunal<\/strong>\n<ul>\n<li>Presidente del tribunal: dolores Badia p?mies <\/li>\n<li>castella Sadurn\u00ed mart\u00ed (vocal)<\/li>\n<li>amadeo Soberanas lleo (vocal)<\/li>\n<li>g\u00f3mez Josep pujol (vocal)<\/li>\n<\/ul>\n<\/li>\n<\/ul>\n<p>&nbsp;<\/p>\n","protected":false},"excerpt":{"rendered":"<p>Tesis doctoral de Joan Santanach Su\u00f1ol El objeto principal de la tesis consiste en la edici\u00f3n cr\u00edtica de la doctrina [&hellip;]<\/p>\n","protected":false},"author":1,"featured_media":0,"comment_status":"open","ping_status":"open","sticky":false,"template":"","format":"standard","meta":{"site-sidebar-layout":"default","site-content-layout":"","ast-site-content-layout":"","site-content-style":"default","site-sidebar-style":"default","ast-global-header-display":"","ast-banner-title-visibility":"","ast-main-header-display":"","ast-hfb-above-header-display":"","ast-hfb-below-header-display":"","ast-hfb-mobile-header-display":"","site-post-title":"","ast-breadcrumbs-content":"","ast-featured-img":"","footer-sml-layout":"","theme-transparent-header-meta":"","adv-header-id-meta":"","stick-header-meta":"","header-above-stick-meta":"","header-main-stick-meta":"","header-below-stick-meta":"","astra-migrate-meta-layouts":"default","ast-page-background-enabled":"default","ast-page-background-meta":{"desktop":{"background-color":"var(--ast-global-color-4)","background-image":"","background-repeat":"repeat","background-position":"center center","background-size":"auto","background-attachment":"scroll","background-type":"","background-media":"","overlay-type":"","overlay-color":"","overlay-gradient":""},"tablet":{"background-color":"","background-image":"","background-repeat":"repeat","background-position":"center center","background-size":"auto","background-attachment":"scroll","background-type":"","background-media":"","overlay-type":"","overlay-color":"","overlay-gradient":""},"mobile":{"background-color":"","background-image":"","background-repeat":"repeat","background-position":"center center","background-size":"auto","background-attachment":"scroll","background-type":"","background-media":"","overlay-type":"","overlay-color":"","overlay-gradient":""}},"ast-content-background-meta":{"desktop":{"background-color":"var(--ast-global-color-5)","background-image":"","background-repeat":"repeat","background-position":"center center","background-size":"auto","background-attachment":"scroll","background-type":"","background-media":"","overlay-type":"","overlay-color":"","overlay-gradient":""},"tablet":{"background-color":"var(--ast-global-color-5)","background-image":"","background-repeat":"repeat","background-position":"center center","background-size":"auto","background-attachment":"scroll","background-type":"","background-media":"","overlay-type":"","overlay-color":"","overlay-gradient":""},"mobile":{"background-color":"var(--ast-global-color-5)","background-image":"","background-repeat":"repeat","background-position":"center center","background-size":"auto","background-attachment":"scroll","background-type":"","background-media":"","overlay-type":"","overlay-color":"","overlay-gradient":""}},"footnotes":""},"categories":[951],"tags":[32908,32907,79839,32906,79840,79838],"class_list":["post-27907","post","type-post","status-publish","format-standard","hentry","category-barcelona","tag-albert-soler-llopart","tag-amadeo-soberanas-lleo","tag-castella-sadurni-marti","tag-dolores-badia-pmies","tag-gomez-josep-pujol","tag-joan-santanach-sunol"],"_links":{"self":[{"href":"https:\/\/www.deberes.net\/tesis\/wp-json\/wp\/v2\/posts\/27907","targetHints":{"allow":["GET"]}}],"collection":[{"href":"https:\/\/www.deberes.net\/tesis\/wp-json\/wp\/v2\/posts"}],"about":[{"href":"https:\/\/www.deberes.net\/tesis\/wp-json\/wp\/v2\/types\/post"}],"author":[{"embeddable":true,"href":"https:\/\/www.deberes.net\/tesis\/wp-json\/wp\/v2\/users\/1"}],"replies":[{"embeddable":true,"href":"https:\/\/www.deberes.net\/tesis\/wp-json\/wp\/v2\/comments?post=27907"}],"version-history":[{"count":0,"href":"https:\/\/www.deberes.net\/tesis\/wp-json\/wp\/v2\/posts\/27907\/revisions"}],"wp:attachment":[{"href":"https:\/\/www.deberes.net\/tesis\/wp-json\/wp\/v2\/media?parent=27907"}],"wp:term":[{"taxonomy":"category","embeddable":true,"href":"https:\/\/www.deberes.net\/tesis\/wp-json\/wp\/v2\/categories?post=27907"},{"taxonomy":"post_tag","embeddable":true,"href":"https:\/\/www.deberes.net\/tesis\/wp-json\/wp\/v2\/tags?post=27907"}],"curies":[{"name":"wp","href":"https:\/\/api.w.org\/{rel}","templated":true}]}}