{"id":27918,"date":"2018-03-09T09:20:23","date_gmt":"2018-03-09T09:20:23","guid":{"rendered":"https:\/\/www.deberes.net\/tesis\/sin-categoria\/el-viaje-a-italia-en-espana\/"},"modified":"2018-03-09T09:20:23","modified_gmt":"2018-03-09T09:20:23","slug":"el-viaje-a-italia-en-espana","status":"publish","type":"post","link":"https:\/\/www.deberes.net\/tesis\/alicante\/el-viaje-a-italia-en-espana\/","title":{"rendered":"El \u00abviaje a italia\u00bb en espa\u00f1a"},"content":{"rendered":"<h2>Tesis doctoral de <strong> Idoia Arbillaga Guerrero <\/strong><\/h2>\n<p>La presente investigaci\u00f3n determina y reconstruye el g\u00e9nero del \u00abviaje a italia\u00bb, en la literatura espa\u00f1ola. Para ello contextualiza previamente el g\u00e9nero en su marco occidental y atendiendo al valor que posee para los estudios de literatura comparada: asimismo, se plantea y desarrolla una teor\u00eda del g\u00e9nero de viaje que atiende a la predeterminaci\u00f3n tem\u00e1tica del g\u00e9nero, adem\u00e1s de sus rasgos ret\u00f3ricos y formales.  de otro lado, son analizadas obras espa\u00f1olas de tem\u00e1tica, italiana (y con referencia al viaje por el pa\u00eds) que otorga al \u00abviaje a italia\u00bb su adecuado contexto espa\u00f1ol y su perfiel de g\u00e9nero.  este estudio pemite obtener conclusiones ac\u00fastica hist\u00f3rico-literaturas, te\u00f3rico-literarias de estudio de g\u00e9neros y de relaciones comporatistas y culturales en amplio sentido.<\/p>\n<p>&nbsp;<\/p>\n<h3>Datos acad\u00e9micos de la tesis doctoral \u00ab<strong>El \u00abviaje a italia\u00bb en espa\u00f1a<\/strong>\u00ab<\/h3>\n<ul>\n<li><strong>T\u00edtulo de la tesis:<\/strong>\u00a0 El \u00abviaje a italia\u00bb en espa\u00f1a <\/li>\n<li><strong>Autor:<\/strong>\u00a0 Idoia Arbillaga Guerrero <\/li>\n<li><strong>Universidad:<\/strong>\u00a0 Alicante<\/li>\n<li><strong>Fecha de lectura de la tesis:<\/strong>\u00a0 19\/12\/2003<\/li>\n<\/ul>\n<p>&nbsp;<\/p>\n<h3>Direcci\u00f3n y tribunal<\/h3>\n<ul>\n<li><strong>Director de la tesis<\/strong>\n<ul>\n<li>Pedro Aull\u00f3n De Haro<\/li>\n<\/ul>\n<\/li>\n<li><strong>Tribunal<\/strong>\n<ul>\n<li>Presidente del tribunal: ricardo Senabre sempere <\/li>\n<li>Antonio Chicharro chamorro (vocal)<\/li>\n<li>Jos\u00e9 Mar\u00eda Pozuelo yvancos (vocal)<\/li>\n<li>j. P\u00e9rez jimenez (vocal)<\/li>\n<\/ul>\n<\/li>\n<\/ul>\n<p>&nbsp;<\/p>\n","protected":false},"excerpt":{"rendered":"<p>Tesis doctoral de Idoia Arbillaga Guerrero La presente investigaci\u00f3n determina y reconstruye el g\u00e9nero del \u00abviaje a italia\u00bb, en la [&hellip;]<\/p>\n","protected":false},"author":1,"featured_media":0,"comment_status":"open","ping_status":"open","sticky":false,"template":"","format":"standard","meta":{"site-sidebar-layout":"default","site-content-layout":"","ast-site-content-layout":"","site-content-style":"default","site-sidebar-style":"default","ast-global-header-display":"","ast-banner-title-visibility":"","ast-main-header-display":"","ast-hfb-above-header-display":"","ast-hfb-below-header-display":"","ast-hfb-mobile-header-display":"","site-post-title":"","ast-breadcrumbs-content":"","ast-featured-img":"","footer-sml-layout":"","theme-transparent-header-meta":"","adv-header-id-meta":"","stick-header-meta":"","header-above-stick-meta":"","header-main-stick-meta":"","header-below-stick-meta":"","astra-migrate-meta-layouts":"default","ast-page-background-enabled":"default","ast-page-background-meta":{"desktop":{"background-color":"var(--ast-global-color-4)","background-image":"","background-repeat":"repeat","background-position":"center center","background-size":"auto","background-attachment":"scroll","background-type":"","background-media":"","overlay-type":"","overlay-color":"","overlay-gradient":""},"tablet":{"background-color":"","background-image":"","background-repeat":"repeat","background-position":"center center","background-size":"auto","background-attachment":"scroll","background-type":"","background-media":"","overlay-type":"","overlay-color":"","overlay-gradient":""},"mobile":{"background-color":"","background-image":"","background-repeat":"repeat","background-position":"center center","background-size":"auto","background-attachment":"scroll","background-type":"","background-media":"","overlay-type":"","overlay-color":"","overlay-gradient":""}},"ast-content-background-meta":{"desktop":{"background-color":"var(--ast-global-color-5)","background-image":"","background-repeat":"repeat","background-position":"center center","background-size":"auto","background-attachment":"scroll","background-type":"","background-media":"","overlay-type":"","overlay-color":"","overlay-gradient":""},"tablet":{"background-color":"var(--ast-global-color-5)","background-image":"","background-repeat":"repeat","background-position":"center center","background-size":"auto","background-attachment":"scroll","background-type":"","background-media":"","overlay-type":"","overlay-color":"","overlay-gradient":""},"mobile":{"background-color":"var(--ast-global-color-5)","background-image":"","background-repeat":"repeat","background-position":"center center","background-size":"auto","background-attachment":"scroll","background-type":"","background-media":"","overlay-type":"","overlay-color":"","overlay-gradient":""}},"footnotes":""},"categories":[19166],"tags":[22156,79862,79863,8505,24853,8738],"class_list":["post-27918","post","type-post","status-publish","format-standard","hentry","category-alicante","tag-antonio-chicharro-chamorro","tag-idoia-arbillaga-guerrero","tag-j-perez-jimenez","tag-jose-maria-pozuelo-yvancos","tag-pedro-aullon-de-haro","tag-ricardo-senabre-sempere"],"_links":{"self":[{"href":"https:\/\/www.deberes.net\/tesis\/wp-json\/wp\/v2\/posts\/27918","targetHints":{"allow":["GET"]}}],"collection":[{"href":"https:\/\/www.deberes.net\/tesis\/wp-json\/wp\/v2\/posts"}],"about":[{"href":"https:\/\/www.deberes.net\/tesis\/wp-json\/wp\/v2\/types\/post"}],"author":[{"embeddable":true,"href":"https:\/\/www.deberes.net\/tesis\/wp-json\/wp\/v2\/users\/1"}],"replies":[{"embeddable":true,"href":"https:\/\/www.deberes.net\/tesis\/wp-json\/wp\/v2\/comments?post=27918"}],"version-history":[{"count":0,"href":"https:\/\/www.deberes.net\/tesis\/wp-json\/wp\/v2\/posts\/27918\/revisions"}],"wp:attachment":[{"href":"https:\/\/www.deberes.net\/tesis\/wp-json\/wp\/v2\/media?parent=27918"}],"wp:term":[{"taxonomy":"category","embeddable":true,"href":"https:\/\/www.deberes.net\/tesis\/wp-json\/wp\/v2\/categories?post=27918"},{"taxonomy":"post_tag","embeddable":true,"href":"https:\/\/www.deberes.net\/tesis\/wp-json\/wp\/v2\/tags?post=27918"}],"curies":[{"name":"wp","href":"https:\/\/api.w.org\/{rel}","templated":true}]}}