{"id":27925,"date":"2018-03-09T09:20:24","date_gmt":"2018-03-09T09:20:24","guid":{"rendered":"https:\/\/www.deberes.net\/tesis\/sin-categoria\/el-principio-de-proporcionalidad-en-el-derecho-administrativo\/"},"modified":"2018-03-09T09:20:24","modified_gmt":"2018-03-09T09:20:24","slug":"el-principio-de-proporcionalidad-en-el-derecho-administrativo","status":"publish","type":"post","link":"https:\/\/www.deberes.net\/tesis\/sin-categoria\/el-principio-de-proporcionalidad-en-el-derecho-administrativo\/","title":{"rendered":"El principio de proporcionalidad en el derecho administrativo"},"content":{"rendered":"<h2>Tesis doctoral de <strong> Daniel Sarmiento Ramirez-escudero <\/strong><\/h2>\n<p>El principio de proporcionalidad es una m\u00e1xima de la justicia incardinada en todos los sectores del ordenamiento. En el presente trabajo se pretende realizar un trabajo de construcci\u00f3n dogm\u00e1tica de dicho principio en el derecho administrativo espa\u00f1ol, con objeto de pulir la formaci\u00f3n y aplicaci\u00f3n delmismo en su fase de control judicial por los tribunales del orden contencioso-administrativo.  la tesis sienta las bases constitucionales del principio, estableciendo el contexto trazado por la constituci\u00f3n espa\u00f1ola en relaci\u00f3n al mismo.  habiendo mostrado la sustantivizaci\u00f3n a la que est\u00e1 sometido el ordenamiento jur\u00eddico-p\u00fablico, el principio de proporcionalidad se manifiesta como causa y resultado de este proceso.  en la segunda parte de la investigaci\u00f3n se propone una construcci\u00f3n dogm\u00e1tica del principio para el derecho administrativo  espa\u00f1ol, con una propuesta de construcci\u00f3n tripartita y escalonada, procedente de la dogm\u00e1tica alemana, constituida por los tests de adecuaci\u00f3n, necesidad y proporcionalidad en sentido estricto. Se articula posteriormente un encaje constitucional y legal de dicha escritura, junto con un an\u00e1lisis jur\u00eddico de la ordenaci\u00f3n procesal del principio en la formaci\u00f3n aqu\u00ed propuesta.<\/p>\n<p>&nbsp;<\/p>\n<h3>Datos acad\u00e9micos de la tesis doctoral \u00ab<strong>El principio de proporcionalidad en el derecho administrativo<\/strong>\u00ab<\/h3>\n<ul>\n<li><strong>T\u00edtulo de la tesis:<\/strong>\u00a0 El principio de proporcionalidad en el derecho administrativo <\/li>\n<li><strong>Autor:<\/strong>\u00a0 Daniel Sarmiento Ramirez-escudero <\/li>\n<li><strong>Universidad:<\/strong>\u00a0 Complutense de Madrid<\/li>\n<li><strong>Fecha de lectura de la tesis:<\/strong>\u00a0 19\/12\/2003<\/li>\n<\/ul>\n<p>&nbsp;<\/p>\n<h3>Direcci\u00f3n y tribunal<\/h3>\n<ul>\n<li><strong>Director de la tesis<\/strong>\n<ul>\n<li>Ricardo Alonso Garcia<\/li>\n<\/ul>\n<\/li>\n<li><strong>Tribunal<\/strong>\n<ul>\n<li>Presidente del tribunal: tomas ramon Fernandez rodr\u00edguez <\/li>\n<li>Luis Mart\u00edn rebollo (vocal)<\/li>\n<li>Jes\u00fas Leguina villa (vocal)<\/li>\n<li>Miguel Maduro (vocal)<\/li>\n<\/ul>\n<\/li>\n<\/ul>\n<p>&nbsp;<\/p>\n","protected":false},"excerpt":{"rendered":"<p>Tesis doctoral de Daniel Sarmiento Ramirez-escudero El principio de proporcionalidad es una m\u00e1xima de la justicia incardinada en todos los [&hellip;]<\/p>\n","protected":false},"author":1,"featured_media":0,"comment_status":"open","ping_status":"open","sticky":false,"template":"","format":"standard","meta":{"site-sidebar-layout":"default","site-content-layout":"","ast-site-content-layout":"","site-content-style":"default","site-sidebar-style":"default","ast-global-header-display":"","ast-banner-title-visibility":"","ast-main-header-display":"","ast-hfb-above-header-display":"","ast-hfb-below-header-display":"","ast-hfb-mobile-header-display":"","site-post-title":"","ast-breadcrumbs-content":"","ast-featured-img":"","footer-sml-layout":"","theme-transparent-header-meta":"","adv-header-id-meta":"","stick-header-meta":"","header-above-stick-meta":"","header-main-stick-meta":"","header-below-stick-meta":"","astra-migrate-meta-layouts":"default","ast-page-background-enabled":"default","ast-page-background-meta":{"desktop":{"background-color":"var(--ast-global-color-4)","background-image":"","background-repeat":"repeat","background-position":"center center","background-size":"auto","background-attachment":"scroll","background-type":"","background-media":"","overlay-type":"","overlay-color":"","overlay-gradient":""},"tablet":{"background-color":"","background-image":"","background-repeat":"repeat","background-position":"center center","background-size":"auto","background-attachment":"scroll","background-type":"","background-media":"","overlay-type":"","overlay-color":"","overlay-gradient":""},"mobile":{"background-color":"","background-image":"","background-repeat":"repeat","background-position":"center center","background-size":"auto","background-attachment":"scroll","background-type":"","background-media":"","overlay-type":"","overlay-color":"","overlay-gradient":""}},"ast-content-background-meta":{"desktop":{"background-color":"var(--ast-global-color-5)","background-image":"","background-repeat":"repeat","background-position":"center center","background-size":"auto","background-attachment":"scroll","background-type":"","background-media":"","overlay-type":"","overlay-color":"","overlay-gradient":""},"tablet":{"background-color":"var(--ast-global-color-5)","background-image":"","background-repeat":"repeat","background-position":"center center","background-size":"auto","background-attachment":"scroll","background-type":"","background-media":"","overlay-type":"","overlay-color":"","overlay-gradient":""},"mobile":{"background-color":"var(--ast-global-color-5)","background-image":"","background-repeat":"repeat","background-position":"center center","background-size":"auto","background-attachment":"scroll","background-type":"","background-media":"","overlay-type":"","overlay-color":"","overlay-gradient":""}},"footnotes":""},"categories":[1],"tags":[79880,15541,28473,79881,55053,9337],"class_list":["post-27925","post","type-post","status-publish","format-standard","hentry","category-sin-categoria","tag-daniel-sarmiento-ramirez-escudero","tag-jesus-leguina-villa","tag-luis-martin-rebollo","tag-miguel-maduro","tag-ricardo-alonso-garcia","tag-tomas-ramon-fernandez-rodriguez"],"_links":{"self":[{"href":"https:\/\/www.deberes.net\/tesis\/wp-json\/wp\/v2\/posts\/27925","targetHints":{"allow":["GET"]}}],"collection":[{"href":"https:\/\/www.deberes.net\/tesis\/wp-json\/wp\/v2\/posts"}],"about":[{"href":"https:\/\/www.deberes.net\/tesis\/wp-json\/wp\/v2\/types\/post"}],"author":[{"embeddable":true,"href":"https:\/\/www.deberes.net\/tesis\/wp-json\/wp\/v2\/users\/1"}],"replies":[{"embeddable":true,"href":"https:\/\/www.deberes.net\/tesis\/wp-json\/wp\/v2\/comments?post=27925"}],"version-history":[{"count":0,"href":"https:\/\/www.deberes.net\/tesis\/wp-json\/wp\/v2\/posts\/27925\/revisions"}],"wp:attachment":[{"href":"https:\/\/www.deberes.net\/tesis\/wp-json\/wp\/v2\/media?parent=27925"}],"wp:term":[{"taxonomy":"category","embeddable":true,"href":"https:\/\/www.deberes.net\/tesis\/wp-json\/wp\/v2\/categories?post=27925"},{"taxonomy":"post_tag","embeddable":true,"href":"https:\/\/www.deberes.net\/tesis\/wp-json\/wp\/v2\/tags?post=27925"}],"curies":[{"name":"wp","href":"https:\/\/api.w.org\/{rel}","templated":true}]}}