{"id":27932,"date":"2018-03-09T09:20:25","date_gmt":"2018-03-09T09:20:25","guid":{"rendered":"https:\/\/www.deberes.net\/tesis\/sin-categoria\/tridimensionalismo-y-derecho\/"},"modified":"2018-03-09T09:20:25","modified_gmt":"2018-03-09T09:20:25","slug":"tridimensionalismo-y-derecho","status":"publish","type":"post","link":"https:\/\/www.deberes.net\/tesis\/sin-categoria\/tridimensionalismo-y-derecho\/","title":{"rendered":"Tridimensionalismo y derecho"},"content":{"rendered":"<h2>Tesis doctoral de <strong> Fernando Falc\u00f3n Tella <\/strong><\/h2>\n<p>En el presente trabajo de tesis se hace un an\u00e1lisis de la plasmaci\u00f3n de la teor\u00eda tridimensional, consagrada por reale, en las distintas tem\u00e1ticas del derecho. Se comienza analizando el tridimensionalismo estructural, que divide la realidad en hechos, normas y valores. Se aborda el tridimensionalismo antropol\u00f3gico: individuo, ciudadano y persona, como tres dimensiones del ser humano. Posteriormente se trata la cuesti\u00f3n del tridimensionalismo y la teor\u00eda del conocimiento, tanto el conocimiento general, como el conocimiento jur\u00eddico, distinguiendo saberes como la ciencia, la filosof\u00eda y la teolog\u00eda. igualmente se aborda el tema de la tridimensionalidad en la teolog\u00eda. Igualmente se aborda el tema de la tridimensionalidad en la teor\u00eda general del derecho. en relaci\u00f3n con el tema de la sanci\u00f3n (conceptos de obligatoriedad, imperatividad y coactividad); la estructura de la norma jur\u00eddica (ratio, consecuencia jur\u00eddica y supuesto de hecho); validez del derecho (legitimidad, validez formal y eficacia); obediencia al derecho (legitimidad, validez formal y eficacia); obediencia al derecho (obligaci\u00f3n moral, jur\u00eddica y pol\u00edtica); interpretaci\u00f3n jur\u00eddica; lagunas legales; antinomias jur\u00eddicas; etc. Finalmente se hace un an\u00e1lisis de la proyecci\u00f3n del tridimensionalismo en el tiempo, en relaci\u00f3n con los fen\u00f3menos de la evoluci\u00f3n, la revoluci\u00f3n y la involuci\u00f3n. el trabajo se cierra con una amplia bibliograf\u00eda sobre los temas abordados en \u00e9l.<\/p>\n<p>&nbsp;<\/p>\n<h3>Datos acad\u00e9micos de la tesis doctoral \u00ab<strong>Tridimensionalismo y derecho<\/strong>\u00ab<\/h3>\n<ul>\n<li><strong>T\u00edtulo de la tesis:<\/strong>\u00a0 Tridimensionalismo y derecho <\/li>\n<li><strong>Autor:<\/strong>\u00a0 Fernando Falc\u00f3n Tella <\/li>\n<li><strong>Universidad:<\/strong>\u00a0 Complutense de Madrid<\/li>\n<li><strong>Fecha de lectura de la tesis:<\/strong>\u00a0 19\/12\/2003<\/li>\n<\/ul>\n<p>&nbsp;<\/p>\n<h3>Direcci\u00f3n y tribunal<\/h3>\n<ul>\n<li><strong>Director de la tesis<\/strong>\n<ul>\n<li>Mar\u00eda Jos\u00e9 Falc\u00f3n Tella<\/li>\n<\/ul>\n<\/li>\n<li><strong>Tribunal<\/strong>\n<ul>\n<li>Presidente del tribunal: jose Iturmendi morales <\/li>\n<li>ignacio Ara pinilla (vocal)<\/li>\n<li>pedro De vega garcia (vocal)<\/li>\n<li>Carlos Villamor  maqueira (vocal)<\/li>\n<\/ul>\n<\/li>\n<\/ul>\n<p>&nbsp;<\/p>\n","protected":false},"excerpt":{"rendered":"<p>Tesis doctoral de Fernando Falc\u00f3n Tella En el presente trabajo de tesis se hace un an\u00e1lisis de la plasmaci\u00f3n de [&hellip;]<\/p>\n","protected":false},"author":1,"featured_media":0,"comment_status":"open","ping_status":"open","sticky":false,"template":"","format":"standard","meta":{"site-sidebar-layout":"default","site-content-layout":"","ast-site-content-layout":"","site-content-style":"default","site-sidebar-style":"default","ast-global-header-display":"","ast-banner-title-visibility":"","ast-main-header-display":"","ast-hfb-above-header-display":"","ast-hfb-below-header-display":"","ast-hfb-mobile-header-display":"","site-post-title":"","ast-breadcrumbs-content":"","ast-featured-img":"","footer-sml-layout":"","theme-transparent-header-meta":"","adv-header-id-meta":"","stick-header-meta":"","header-above-stick-meta":"","header-main-stick-meta":"","header-below-stick-meta":"","astra-migrate-meta-layouts":"default","ast-page-background-enabled":"default","ast-page-background-meta":{"desktop":{"background-color":"var(--ast-global-color-4)","background-image":"","background-repeat":"repeat","background-position":"center center","background-size":"auto","background-attachment":"scroll","background-type":"","background-media":"","overlay-type":"","overlay-color":"","overlay-gradient":""},"tablet":{"background-color":"","background-image":"","background-repeat":"repeat","background-position":"center center","background-size":"auto","background-attachment":"scroll","background-type":"","background-media":"","overlay-type":"","overlay-color":"","overlay-gradient":""},"mobile":{"background-color":"","background-image":"","background-repeat":"repeat","background-position":"center center","background-size":"auto","background-attachment":"scroll","background-type":"","background-media":"","overlay-type":"","overlay-color":"","overlay-gradient":""}},"ast-content-background-meta":{"desktop":{"background-color":"var(--ast-global-color-5)","background-image":"","background-repeat":"repeat","background-position":"center center","background-size":"auto","background-attachment":"scroll","background-type":"","background-media":"","overlay-type":"","overlay-color":"","overlay-gradient":""},"tablet":{"background-color":"var(--ast-global-color-5)","background-image":"","background-repeat":"repeat","background-position":"center center","background-size":"auto","background-attachment":"scroll","background-type":"","background-media":"","overlay-type":"","overlay-color":"","overlay-gradient":""},"mobile":{"background-color":"var(--ast-global-color-5)","background-image":"","background-repeat":"repeat","background-position":"center center","background-size":"auto","background-attachment":"scroll","background-type":"","background-media":"","overlay-type":"","overlay-color":"","overlay-gradient":""}},"footnotes":""},"categories":[1],"tags":[40113,79893,10354,4854,79894,9449],"class_list":["post-27932","post","type-post","status-publish","format-standard","hentry","category-sin-categoria","tag-carlos-villamor-maqueira","tag-fernando-falcon-tella","tag-ignacio-ara-pinilla","tag-jose-iturmendi-morales","tag-maria-jose-falcon-tella","tag-pedro-de-vega-garcia"],"_links":{"self":[{"href":"https:\/\/www.deberes.net\/tesis\/wp-json\/wp\/v2\/posts\/27932","targetHints":{"allow":["GET"]}}],"collection":[{"href":"https:\/\/www.deberes.net\/tesis\/wp-json\/wp\/v2\/posts"}],"about":[{"href":"https:\/\/www.deberes.net\/tesis\/wp-json\/wp\/v2\/types\/post"}],"author":[{"embeddable":true,"href":"https:\/\/www.deberes.net\/tesis\/wp-json\/wp\/v2\/users\/1"}],"replies":[{"embeddable":true,"href":"https:\/\/www.deberes.net\/tesis\/wp-json\/wp\/v2\/comments?post=27932"}],"version-history":[{"count":0,"href":"https:\/\/www.deberes.net\/tesis\/wp-json\/wp\/v2\/posts\/27932\/revisions"}],"wp:attachment":[{"href":"https:\/\/www.deberes.net\/tesis\/wp-json\/wp\/v2\/media?parent=27932"}],"wp:term":[{"taxonomy":"category","embeddable":true,"href":"https:\/\/www.deberes.net\/tesis\/wp-json\/wp\/v2\/categories?post=27932"},{"taxonomy":"post_tag","embeddable":true,"href":"https:\/\/www.deberes.net\/tesis\/wp-json\/wp\/v2\/tags?post=27932"}],"curies":[{"name":"wp","href":"https:\/\/api.w.org\/{rel}","templated":true}]}}