{"id":27964,"date":"2018-03-09T09:20:28","date_gmt":"2018-03-09T09:20:28","guid":{"rendered":"https:\/\/www.deberes.net\/tesis\/sin-categoria\/el-distrito-federal-su-definicion-pola%c2%adtico-administrativa-y-territorial-una-vision-de-conjunto\/"},"modified":"2018-03-09T09:20:28","modified_gmt":"2018-03-09T09:20:28","slug":"el-distrito-federal-su-definicion-pola%c2%adtico-administrativa-y-territorial-una-vision-de-conjunto","status":"publish","type":"post","link":"https:\/\/www.deberes.net\/tesis\/pais-vasco-euskal-herriko-unibertsitatea\/el-distrito-federal-su-definicion-pola%c2%adtico-administrativa-y-territorial-una-vision-de-conjunto\/","title":{"rendered":"El distrito federal. su definici\u00f3n pol\u00edtico-administrativa y territorial. una visi\u00f3n de conjunto"},"content":{"rendered":"<h2>Tesis doctoral de <strong>  Hern\u00e1ndez De Arce Regina <\/strong><\/h2>\n<p>En este trabajo se analiza el proceso hist\u00f3rico de la conformaci\u00f3n pol\u00edtico-administrativa y territorial del distrito federal.  en 1824 el congreso constituyebte, bajo la influencia del federalismo norteamericano, se plante\u00f3 la necesidad de erigir un territorio de jurisdicci\u00f3n federal donde se asentara la sede de los poderes federales, es decir, la capital del pa\u00eds. A lo largo de la historia, los intereses pol\u00edticos y econ\u00f3micos de los diferentes grupos que controlaron el poder hicieron del distrito federal una entidad con un gobierno y una organizaci\u00f3n pol\u00edtico-administrativa propia y distintiva que lo conformaron como un r\u00e9gimen de excepci\u00f3n y como el centro pol\u00edtico, econ\u00f3mico, social y cultural m\u00e1s importante del pa\u00eds.<\/p>\n<p>&nbsp;<\/p>\n<h3>Datos acad\u00e9micos de la tesis doctoral \u00ab<strong>El distrito federal. su definici\u00f3n pol\u00edtico-administrativa y territorial. una visi\u00f3n de conjunto<\/strong>\u00ab<\/h3>\n<ul>\n<li><strong>T\u00edtulo de la tesis:<\/strong>\u00a0 El distrito federal. su definici\u00f3n pol\u00edtico-administrativa y territorial. una visi\u00f3n de conjunto <\/li>\n<li><strong>Autor:<\/strong>\u00a0  Hern\u00e1ndez De Arce Regina <\/li>\n<li><strong>Universidad:<\/strong>\u00a0 Pa\u00eds vasco\/euskal herriko unibertsitatea<\/li>\n<li><strong>Fecha de lectura de la tesis:<\/strong>\u00a0 19\/12\/2003<\/li>\n<\/ul>\n<p>&nbsp;<\/p>\n<h3>Direcci\u00f3n y tribunal<\/h3>\n<ul>\n<li><strong>Director de la tesis<\/strong>\n<ul>\n<li>Manuel Gonzalez Portilla<\/li>\n<\/ul>\n<\/li>\n<li><strong>Tribunal<\/strong>\n<ul>\n<li>Presidente del tribunal: felix Luengo teixidor <\/li>\n<li>Antonio Morales moya (vocal)<\/li>\n<li>horacio Capel saez (vocal)<\/li>\n<li>Carlos augusto Contreras cruz (vocal)<\/li>\n<\/ul>\n<\/li>\n<\/ul>\n<p>&nbsp;<\/p>\n","protected":false},"excerpt":{"rendered":"<p>Tesis doctoral de Hern\u00e1ndez De Arce Regina En este trabajo se analiza el proceso hist\u00f3rico de la conformaci\u00f3n pol\u00edtico-administrativa y [&hellip;]<\/p>\n","protected":false},"author":1,"featured_media":0,"comment_status":"open","ping_status":"open","sticky":false,"template":"","format":"standard","meta":{"site-sidebar-layout":"default","site-content-layout":"","ast-site-content-layout":"","site-content-style":"default","site-sidebar-style":"default","ast-global-header-display":"","ast-banner-title-visibility":"","ast-main-header-display":"","ast-hfb-above-header-display":"","ast-hfb-below-header-display":"","ast-hfb-mobile-header-display":"","site-post-title":"","ast-breadcrumbs-content":"","ast-featured-img":"","footer-sml-layout":"","theme-transparent-header-meta":"","adv-header-id-meta":"","stick-header-meta":"","header-above-stick-meta":"","header-main-stick-meta":"","header-below-stick-meta":"","astra-migrate-meta-layouts":"default","ast-page-background-enabled":"default","ast-page-background-meta":{"desktop":{"background-color":"var(--ast-global-color-4)","background-image":"","background-repeat":"repeat","background-position":"center center","background-size":"auto","background-attachment":"scroll","background-type":"","background-media":"","overlay-type":"","overlay-color":"","overlay-gradient":""},"tablet":{"background-color":"","background-image":"","background-repeat":"repeat","background-position":"center center","background-size":"auto","background-attachment":"scroll","background-type":"","background-media":"","overlay-type":"","overlay-color":"","overlay-gradient":""},"mobile":{"background-color":"","background-image":"","background-repeat":"repeat","background-position":"center center","background-size":"auto","background-attachment":"scroll","background-type":"","background-media":"","overlay-type":"","overlay-color":"","overlay-gradient":""}},"ast-content-background-meta":{"desktop":{"background-color":"var(--ast-global-color-5)","background-image":"","background-repeat":"repeat","background-position":"center center","background-size":"auto","background-attachment":"scroll","background-type":"","background-media":"","overlay-type":"","overlay-color":"","overlay-gradient":""},"tablet":{"background-color":"var(--ast-global-color-5)","background-image":"","background-repeat":"repeat","background-position":"center center","background-size":"auto","background-attachment":"scroll","background-type":"","background-media":"","overlay-type":"","overlay-color":"","overlay-gradient":""},"mobile":{"background-color":"var(--ast-global-color-5)","background-image":"","background-repeat":"repeat","background-position":"center center","background-size":"auto","background-attachment":"scroll","background-type":"","background-media":"","overlay-type":"","overlay-color":"","overlay-gradient":""}},"footnotes":""},"categories":[12909],"tags":[7176,79969,28184,79968,1404,3996],"class_list":["post-27964","post","type-post","status-publish","format-standard","hentry","category-pais-vasco-euskal-herriko-unibertsitatea","tag-antonio-morales-moya","tag-carlos-augusto-contreras-cruz","tag-felix-luengo-teixidor","tag-hernandez-de-arce-regina","tag-horacio-capel-saez","tag-manuel-gonzalez-portilla"],"_links":{"self":[{"href":"https:\/\/www.deberes.net\/tesis\/wp-json\/wp\/v2\/posts\/27964","targetHints":{"allow":["GET"]}}],"collection":[{"href":"https:\/\/www.deberes.net\/tesis\/wp-json\/wp\/v2\/posts"}],"about":[{"href":"https:\/\/www.deberes.net\/tesis\/wp-json\/wp\/v2\/types\/post"}],"author":[{"embeddable":true,"href":"https:\/\/www.deberes.net\/tesis\/wp-json\/wp\/v2\/users\/1"}],"replies":[{"embeddable":true,"href":"https:\/\/www.deberes.net\/tesis\/wp-json\/wp\/v2\/comments?post=27964"}],"version-history":[{"count":0,"href":"https:\/\/www.deberes.net\/tesis\/wp-json\/wp\/v2\/posts\/27964\/revisions"}],"wp:attachment":[{"href":"https:\/\/www.deberes.net\/tesis\/wp-json\/wp\/v2\/media?parent=27964"}],"wp:term":[{"taxonomy":"category","embeddable":true,"href":"https:\/\/www.deberes.net\/tesis\/wp-json\/wp\/v2\/categories?post=27964"},{"taxonomy":"post_tag","embeddable":true,"href":"https:\/\/www.deberes.net\/tesis\/wp-json\/wp\/v2\/tags?post=27964"}],"curies":[{"name":"wp","href":"https:\/\/api.w.org\/{rel}","templated":true}]}}