{"id":28005,"date":"2018-03-09T09:20:31","date_gmt":"2018-03-09T09:20:31","guid":{"rendered":"https:\/\/www.deberes.net\/tesis\/sin-categoria\/pluralismo-cultural-y-derecho-de-las-minorias\/"},"modified":"2018-03-09T09:20:31","modified_gmt":"2018-03-09T09:20:31","slug":"pluralismo-cultural-y-derecho-de-las-minorias","status":"publish","type":"post","link":"https:\/\/www.deberes.net\/tesis\/carlos-iii-de-madrid\/pluralismo-cultural-y-derecho-de-las-minorias\/","title":{"rendered":"Pluralismo cultural y derecho de las minorias"},"content":{"rendered":"<h2>Tesis doctoral de <strong> Oscar Perez De La Fuente <\/strong><\/h2>\n<p>El objetivo de esta tesis doctoral es la articulaci\u00f3n de los fundamentos filos\u00f3ficos de los derechos de las minor\u00edas culturales. Se analizan las coordenadas del paradigma del reconocimiento, un \u00e1mbito de las teor\u00edas de  la justicia que tiene que ver con las relaciones entre igualdad, identidad y diferencia. La primera es una coordenada meta\u00e9tica que estudia el universalismo y el particularismo. La segunda es una coordenada meta\u00e9tica sobre el monismo, el relativismo y el pluralismo. La tercera es una coordenada filos\u00f3fica que analiza el liberalismo y el comunitarismo. La cuarta es una coordenada filos\u00f3fico pol\u00edtica sobre la relevancia moral de la identidad cultural donde se situan las posiciones del liberalismo igualitario, el culturalismo liberal y el multiculturalismo. La quinta es una coordenada filos\u00f3fico jur\u00eddica sobre los derechos colectivos a partir de las tesis en contra -individualista, jur\u00eddica, de la redundancia, de los riesgos- y las tesis a favor -social, colectivista, pol\u00edtica, de la concreci\u00f3n-. Se analizan diferentes modelos de derechos colectivos como derechos de los colectivos, derechos en funci\u00f3n de grupo, derechos a bienes colectivos, derechos colectivos como derechos pol\u00edticos. Estas coordenadas del paradigma del reconocimiento deben hacer compatible la asunci\u00f3n de que la cultura es un bien p\u00fablico con el respeto al individualismo \u00e9tico.<\/p>\n<p>&nbsp;<\/p>\n<h3>Datos acad\u00e9micos de la tesis doctoral \u00ab<strong>Pluralismo cultural y derecho de las minorias<\/strong>\u00ab<\/h3>\n<ul>\n<li><strong>T\u00edtulo de la tesis:<\/strong>\u00a0 Pluralismo cultural y derecho de las minorias <\/li>\n<li><strong>Autor:<\/strong>\u00a0 Oscar Perez De La Fuente <\/li>\n<li><strong>Universidad:<\/strong>\u00a0 Carlos III de Madrid<\/li>\n<li><strong>Fecha de lectura de la tesis:<\/strong>\u00a0 19\/12\/2003<\/li>\n<\/ul>\n<p>&nbsp;<\/p>\n<h3>Direcci\u00f3n y tribunal<\/h3>\n<ul>\n<li><strong>Director de la tesis<\/strong>\n<ul>\n<li>Eusebio Fernandez Garcia<\/li>\n<\/ul>\n<\/li>\n<li><strong>Tribunal<\/strong>\n<ul>\n<li>Presidente del tribunal: gregorio Peces barba mart\u00ednez <\/li>\n<li>Fernando Vallespin o\u00f1a (vocal)<\/li>\n<li>Javier Lucas martin (vocal)<\/li>\n<li>Carlos Thiebaut Luis-andre (vocal)<\/li>\n<\/ul>\n<\/li>\n<\/ul>\n<p>&nbsp;<\/p>\n","protected":false},"excerpt":{"rendered":"<p>Tesis doctoral de Oscar Perez De La Fuente El objetivo de esta tesis doctoral es la articulaci\u00f3n de los fundamentos [&hellip;]<\/p>\n","protected":false},"author":1,"featured_media":0,"comment_status":"open","ping_status":"open","sticky":false,"template":"","format":"standard","meta":{"site-sidebar-layout":"default","site-content-layout":"","ast-site-content-layout":"","site-content-style":"default","site-sidebar-style":"default","ast-global-header-display":"","ast-banner-title-visibility":"","ast-main-header-display":"","ast-hfb-above-header-display":"","ast-hfb-below-header-display":"","ast-hfb-mobile-header-display":"","site-post-title":"","ast-breadcrumbs-content":"","ast-featured-img":"","footer-sml-layout":"","theme-transparent-header-meta":"","adv-header-id-meta":"","stick-header-meta":"","header-above-stick-meta":"","header-main-stick-meta":"","header-below-stick-meta":"","astra-migrate-meta-layouts":"default","ast-page-background-enabled":"default","ast-page-background-meta":{"desktop":{"background-color":"var(--ast-global-color-4)","background-image":"","background-repeat":"repeat","background-position":"center center","background-size":"auto","background-attachment":"scroll","background-type":"","background-media":"","overlay-type":"","overlay-color":"","overlay-gradient":""},"tablet":{"background-color":"","background-image":"","background-repeat":"repeat","background-position":"center center","background-size":"auto","background-attachment":"scroll","background-type":"","background-media":"","overlay-type":"","overlay-color":"","overlay-gradient":""},"mobile":{"background-color":"","background-image":"","background-repeat":"repeat","background-position":"center center","background-size":"auto","background-attachment":"scroll","background-type":"","background-media":"","overlay-type":"","overlay-color":"","overlay-gradient":""}},"ast-content-background-meta":{"desktop":{"background-color":"var(--ast-global-color-5)","background-image":"","background-repeat":"repeat","background-position":"center center","background-size":"auto","background-attachment":"scroll","background-type":"","background-media":"","overlay-type":"","overlay-color":"","overlay-gradient":""},"tablet":{"background-color":"var(--ast-global-color-5)","background-image":"","background-repeat":"repeat","background-position":"center center","background-size":"auto","background-attachment":"scroll","background-type":"","background-media":"","overlay-type":"","overlay-color":"","overlay-gradient":""},"mobile":{"background-color":"var(--ast-global-color-5)","background-image":"","background-repeat":"repeat","background-position":"center center","background-size":"auto","background-attachment":"scroll","background-type":"","background-media":"","overlay-type":"","overlay-color":"","overlay-gradient":""}},"footnotes":""},"categories":[18550],"tags":[27105,3198,15164,3196,80062,80061],"class_list":["post-28005","post","type-post","status-publish","format-standard","hentry","category-carlos-iii-de-madrid","tag-carlos-thiebaut-luis-andre","tag-eusebio-fernandez-garcia","tag-fernando-vallespin-ona","tag-gregorio-peces-barba-Martinez","tag-javier-lucas-martin","tag-oscar-perez-de-la-fuente"],"_links":{"self":[{"href":"https:\/\/www.deberes.net\/tesis\/wp-json\/wp\/v2\/posts\/28005","targetHints":{"allow":["GET"]}}],"collection":[{"href":"https:\/\/www.deberes.net\/tesis\/wp-json\/wp\/v2\/posts"}],"about":[{"href":"https:\/\/www.deberes.net\/tesis\/wp-json\/wp\/v2\/types\/post"}],"author":[{"embeddable":true,"href":"https:\/\/www.deberes.net\/tesis\/wp-json\/wp\/v2\/users\/1"}],"replies":[{"embeddable":true,"href":"https:\/\/www.deberes.net\/tesis\/wp-json\/wp\/v2\/comments?post=28005"}],"version-history":[{"count":0,"href":"https:\/\/www.deberes.net\/tesis\/wp-json\/wp\/v2\/posts\/28005\/revisions"}],"wp:attachment":[{"href":"https:\/\/www.deberes.net\/tesis\/wp-json\/wp\/v2\/media?parent=28005"}],"wp:term":[{"taxonomy":"category","embeddable":true,"href":"https:\/\/www.deberes.net\/tesis\/wp-json\/wp\/v2\/categories?post=28005"},{"taxonomy":"post_tag","embeddable":true,"href":"https:\/\/www.deberes.net\/tesis\/wp-json\/wp\/v2\/tags?post=28005"}],"curies":[{"name":"wp","href":"https:\/\/api.w.org\/{rel}","templated":true}]}}