{"id":28032,"date":"2018-03-09T09:20:33","date_gmt":"2018-03-09T09:20:33","guid":{"rendered":"https:\/\/www.deberes.net\/tesis\/sin-categoria\/analisis-historico-y-conceptual-del-estudio-de-la-conciencia-en-la-psicologa%c2%ada-contemporanea\/"},"modified":"2018-03-09T09:20:33","modified_gmt":"2018-03-09T09:20:33","slug":"analisis-historico-y-conceptual-del-estudio-de-la-conciencia-en-la-psicologa%c2%ada-contemporanea","status":"publish","type":"post","link":"https:\/\/www.deberes.net\/tesis\/malaga\/analisis-historico-y-conceptual-del-estudio-de-la-conciencia-en-la-psicologa%c2%ada-contemporanea\/","title":{"rendered":"An\u00e1lisis hist\u00f3rico y conceptual del estudio de la conciencia en la psicolog\u00eda contempor\u00e1nea."},"content":{"rendered":"<h2>Tesis doctoral de <strong> Beatriz Porras Florido <\/strong><\/h2>\n<p>Tras repasar las diferentes concepciones del t\u00e9rmino \u00abconciencia\u00bb, se aprecia que del mismo se hace un uso muy confuso en las diferentes escuelas y tradiciones psicol\u00f3gicas. Se comenta no menos de 15 acepciones distintas del t\u00e9rmino conciencia prosiguiendo la labor de clasificaci\u00f3n conceptual realizada por tulving (1985), llin\u00e1s y ribary (1993), crick y koch (1993), moya (1999) y mart\u00ednez-freire(2001).  el an\u00e1lisis bibliom\u00e9trico realizado sobre el uso de la misma en la psicolog\u00eda contempor\u00e1nea, especialmente entre los otros 1990 y 2000, nos permite establecer como \u00abcolegios invisibles\u00bb especialmente importantes para el estudio de la conciencia en la actualidad: 1) el colegio invisible de b. Bears; 2) el agrupado en torno a t. Natsoulas; 3) la posibilidad de agrupamiento de d. Dennett y j. Searle; 4) m. Velmans aunque conciertos matices; y 5) el colegio invisible de los neurocient\u00edficos como uno de los m\u00e1s destacados.<\/p>\n<p>&nbsp;<\/p>\n<h3>Datos acad\u00e9micos de la tesis doctoral \u00ab<strong>An\u00e1lisis hist\u00f3rico y conceptual del estudio de la conciencia en la psicolog\u00eda contempor\u00e1nea.<\/strong>\u00ab<\/h3>\n<ul>\n<li><strong>T\u00edtulo de la tesis:<\/strong>\u00a0 An\u00e1lisis hist\u00f3rico y conceptual del estudio de la conciencia en la psicolog\u00eda contempor\u00e1nea. <\/li>\n<li><strong>Autor:<\/strong>\u00a0 Beatriz Porras Florido <\/li>\n<li><strong>Universidad:<\/strong>\u00a0 M\u00e1laga<\/li>\n<li><strong>Fecha de lectura de la tesis:<\/strong>\u00a0 20\/12\/2003<\/li>\n<\/ul>\n<p>&nbsp;<\/p>\n<h3>Direcci\u00f3n y tribunal<\/h3>\n<ul>\n<li><strong>Director de la tesis<\/strong>\n<ul>\n<li> Mora Merida Juan  Antonio<\/li>\n<\/ul>\n<\/li>\n<li><strong>Tribunal<\/strong>\n<ul>\n<li>Presidente del tribunal: heliodoro Carpintero capell <\/li>\n<li>vicenta Mestre escriv\u00e1 (vocal)<\/li>\n<li>Jos\u00e9 Mar\u00eda Gondra rezola (vocal)<\/li>\n<li>Jos\u00e9 Moya santoyo (vocal)<\/li>\n<\/ul>\n<\/li>\n<\/ul>\n<p>&nbsp;<\/p>\n","protected":false},"excerpt":{"rendered":"<p>Tesis doctoral de Beatriz Porras Florido Tras repasar las diferentes concepciones del t\u00e9rmino \u00abconciencia\u00bb, se aprecia que del mismo se [&hellip;]<\/p>\n","protected":false},"author":1,"featured_media":0,"comment_status":"open","ping_status":"open","sticky":false,"template":"","format":"standard","meta":{"site-sidebar-layout":"default","site-content-layout":"","ast-site-content-layout":"","site-content-style":"default","site-sidebar-style":"default","ast-global-header-display":"","ast-banner-title-visibility":"","ast-main-header-display":"","ast-hfb-above-header-display":"","ast-hfb-below-header-display":"","ast-hfb-mobile-header-display":"","site-post-title":"","ast-breadcrumbs-content":"","ast-featured-img":"","footer-sml-layout":"","theme-transparent-header-meta":"","adv-header-id-meta":"","stick-header-meta":"","header-above-stick-meta":"","header-main-stick-meta":"","header-below-stick-meta":"","astra-migrate-meta-layouts":"default","ast-page-background-enabled":"default","ast-page-background-meta":{"desktop":{"background-color":"var(--ast-global-color-4)","background-image":"","background-repeat":"repeat","background-position":"center center","background-size":"auto","background-attachment":"scroll","background-type":"","background-media":"","overlay-type":"","overlay-color":"","overlay-gradient":""},"tablet":{"background-color":"","background-image":"","background-repeat":"repeat","background-position":"center center","background-size":"auto","background-attachment":"scroll","background-type":"","background-media":"","overlay-type":"","overlay-color":"","overlay-gradient":""},"mobile":{"background-color":"","background-image":"","background-repeat":"repeat","background-position":"center center","background-size":"auto","background-attachment":"scroll","background-type":"","background-media":"","overlay-type":"","overlay-color":"","overlay-gradient":""}},"ast-content-background-meta":{"desktop":{"background-color":"var(--ast-global-color-5)","background-image":"","background-repeat":"repeat","background-position":"center center","background-size":"auto","background-attachment":"scroll","background-type":"","background-media":"","overlay-type":"","overlay-color":"","overlay-gradient":""},"tablet":{"background-color":"var(--ast-global-color-5)","background-image":"","background-repeat":"repeat","background-position":"center center","background-size":"auto","background-attachment":"scroll","background-type":"","background-media":"","overlay-type":"","overlay-color":"","overlay-gradient":""},"mobile":{"background-color":"var(--ast-global-color-5)","background-image":"","background-repeat":"repeat","background-position":"center center","background-size":"auto","background-attachment":"scroll","background-type":"","background-media":"","overlay-type":"","overlay-color":"","overlay-gradient":""}},"footnotes":""},"categories":[7834],"tags":[80128,9338,13292,55318,8058,41571],"class_list":["post-28032","post","type-post","status-publish","format-standard","hentry","category-malaga","tag-beatriz-porras-florido","tag-heliodoro-carpintero-capell","tag-jose-maria-gondra-rezola","tag-jose-moya-santoyo","tag-mora-merida-juan-antonio","tag-vicenta-mestre-escriva"],"_links":{"self":[{"href":"https:\/\/www.deberes.net\/tesis\/wp-json\/wp\/v2\/posts\/28032","targetHints":{"allow":["GET"]}}],"collection":[{"href":"https:\/\/www.deberes.net\/tesis\/wp-json\/wp\/v2\/posts"}],"about":[{"href":"https:\/\/www.deberes.net\/tesis\/wp-json\/wp\/v2\/types\/post"}],"author":[{"embeddable":true,"href":"https:\/\/www.deberes.net\/tesis\/wp-json\/wp\/v2\/users\/1"}],"replies":[{"embeddable":true,"href":"https:\/\/www.deberes.net\/tesis\/wp-json\/wp\/v2\/comments?post=28032"}],"version-history":[{"count":0,"href":"https:\/\/www.deberes.net\/tesis\/wp-json\/wp\/v2\/posts\/28032\/revisions"}],"wp:attachment":[{"href":"https:\/\/www.deberes.net\/tesis\/wp-json\/wp\/v2\/media?parent=28032"}],"wp:term":[{"taxonomy":"category","embeddable":true,"href":"https:\/\/www.deberes.net\/tesis\/wp-json\/wp\/v2\/categories?post=28032"},{"taxonomy":"post_tag","embeddable":true,"href":"https:\/\/www.deberes.net\/tesis\/wp-json\/wp\/v2\/tags?post=28032"}],"curies":[{"name":"wp","href":"https:\/\/api.w.org\/{rel}","templated":true}]}}