{"id":28122,"date":"2018-03-09T09:20:41","date_gmt":"2018-03-09T09:20:41","guid":{"rendered":"https:\/\/www.deberes.net\/tesis\/sin-categoria\/tuberculosis-en-la-comarca-de-la-vega-baja-1991-2001-estudio-comparativo-de-dos-programas-de-prevencion-y-control\/"},"modified":"2018-03-09T09:20:41","modified_gmt":"2018-03-09T09:20:41","slug":"tuberculosis-en-la-comarca-de-la-vega-baja-1991-2001-estudio-comparativo-de-dos-programas-de-prevencion-y-control","status":"publish","type":"post","link":"https:\/\/www.deberes.net\/tesis\/murcia\/tuberculosis-en-la-comarca-de-la-vega-baja-1991-2001-estudio-comparativo-de-dos-programas-de-prevencion-y-control\/","title":{"rendered":"Tuberculosis en la comarca de la vega baja: 1991-2001. estudio comparativo de dos programas de prevenci\u00f3n y control."},"content":{"rendered":"<h2>Tesis doctoral de <strong> Jos\u00e9 Javier Martinez Garcer\u00e1n <\/strong><\/h2>\n<p>La situaci\u00f3n epidemiol\u00f3gica real de la tuberculosis (tbc) en la comunidadd Valenciana comenz\u00f3 a conocerse en los a\u00f1os 80 a raiz de estudios de ambito local tras el informe del grupo de tuberculosis e infecciones respiratorias de la sociedad espa\u00f1ola de neumolog\u00eda y cirug\u00eda tor\u00e1cica, entre 1988-89. en 1990 se cre\u00f3 el \u00e1rea 20 del servicio Valenciano de salud, que coincide con la comarca natural de la vega baja del r\u00edo segura. Esta comarca est\u00e1 situada al sur de la provincia de alicante, abarca 965 km2, y cuenta con 26 municipios, una poblaci\u00f3n de hecho de 180.554 habs. (Censo de 1991) y un contigente importante de poblaci\u00f3n extranjera y poblaci\u00f3n flotante no censada. Entre 1991-01 ha experimentado un crecimiento demografico (seg\u00fan censo) de m\u00e1s de 55.000 habs, principalmente en los municipios del litoral (sobre todo torrevieja). En 1991 se implat\u00f3 en el area 20 un plan local de prevenci\u00f3n y control de la tbc. Entre 1997-98, se crea el centro de prevenci\u00f3n y control de la tuberculosis y entra en vigor el plan de prevenci\u00f3n y control de tbc para el conjunto de la comunidad Valenciana.  se realiz\u00f3 un estudio retrospectivo y descriptivo para conocer las carcter\u00edsticas epidemiol\u00f3gicas y de manejo de los pacientes con tbc y sus contactos en la comarca. Alicantina de la vega baja del r\u00edo segura entre los a\u00f1os 1991 y 2001, comparando los resultados del programa de prevenci\u00f3n y control en los subperiodos 1991-96 y 1997-01.  durante los once a\u00f1os de estudio, las tasas de incidencia de todas las formas de tbc no s\u00f3lo no descendieron, sino que han mostrado una tendencia al alza, contraria a la observada en la comunidad Valenciana y en espa\u00f1a. la tasa de incidencia acumulada (tia) de los once a\u00f1os fue de 29.9\/100.000.  en la comarca se ha producido un desplazamiento de la curva etaria de la tbc hacia edades medias y avanzadas, de forma similar a lo observado a nivel comunitario y nacional. Se ha producido un descenso sign<\/p>\n<p>&nbsp;<\/p>\n<h3>Datos acad\u00e9micos de la tesis doctoral \u00ab<strong>Tuberculosis en la comarca de la vega baja: 1991-2001. estudio comparativo de dos programas de prevenci\u00f3n y control.<\/strong>\u00ab<\/h3>\n<ul>\n<li><strong>T\u00edtulo de la tesis:<\/strong>\u00a0 Tuberculosis en la comarca de la vega baja: 1991-2001. estudio comparativo de dos programas de prevenci\u00f3n y control. <\/li>\n<li><strong>Autor:<\/strong>\u00a0 Jos\u00e9 Javier Martinez Garcer\u00e1n <\/li>\n<li><strong>Universidad:<\/strong>\u00a0 Murcia<\/li>\n<li><strong>Fecha de lectura de la tesis:<\/strong>\u00a0 13\/01\/2004<\/li>\n<\/ul>\n<p>&nbsp;<\/p>\n<h3>Direcci\u00f3n y tribunal<\/h3>\n<ul>\n<li><strong>Director de la tesis<\/strong>\n<ul>\n<li>Fernando S\u00e1nchez Gasc\u00f3n<\/li>\n<\/ul>\n<\/li>\n<li><strong>Tribunal<\/strong>\n<ul>\n<li>Presidente del tribunal: Jos\u00e9 Luis Alvarez sala walther <\/li>\n<li>elvira Ramos Garc\u00eda (vocal)<\/li>\n<li>Miguel Rosales jaldo (vocal)<\/li>\n<li>alfredo Cano sanchez (vocal)<\/li>\n<\/ul>\n<\/li>\n<\/ul>\n<p>&nbsp;<\/p>\n","protected":false},"excerpt":{"rendered":"<p>Tesis doctoral de Jos\u00e9 Javier Martinez Garcer\u00e1n La situaci\u00f3n epidemiol\u00f3gica real de la tuberculosis (tbc) en la comunidadd Valenciana comenz\u00f3 [&hellip;]<\/p>\n","protected":false},"author":1,"featured_media":0,"comment_status":"open","ping_status":"open","sticky":false,"template":"","format":"standard","meta":{"site-sidebar-layout":"default","site-content-layout":"","ast-site-content-layout":"","site-content-style":"default","site-sidebar-style":"default","ast-global-header-display":"","ast-banner-title-visibility":"","ast-main-header-display":"","ast-hfb-above-header-display":"","ast-hfb-below-header-display":"","ast-hfb-mobile-header-display":"","site-post-title":"","ast-breadcrumbs-content":"","ast-featured-img":"","footer-sml-layout":"","theme-transparent-header-meta":"","adv-header-id-meta":"","stick-header-meta":"","header-above-stick-meta":"","header-main-stick-meta":"","header-below-stick-meta":"","astra-migrate-meta-layouts":"default","ast-page-background-enabled":"default","ast-page-background-meta":{"desktop":{"background-color":"var(--ast-global-color-4)","background-image":"","background-repeat":"repeat","background-position":"center center","background-size":"auto","background-attachment":"scroll","background-type":"","background-media":"","overlay-type":"","overlay-color":"","overlay-gradient":""},"tablet":{"background-color":"","background-image":"","background-repeat":"repeat","background-position":"center center","background-size":"auto","background-attachment":"scroll","background-type":"","background-media":"","overlay-type":"","overlay-color":"","overlay-gradient":""},"mobile":{"background-color":"","background-image":"","background-repeat":"repeat","background-position":"center center","background-size":"auto","background-attachment":"scroll","background-type":"","background-media":"","overlay-type":"","overlay-color":"","overlay-gradient":""}},"ast-content-background-meta":{"desktop":{"background-color":"var(--ast-global-color-5)","background-image":"","background-repeat":"repeat","background-position":"center center","background-size":"auto","background-attachment":"scroll","background-type":"","background-media":"","overlay-type":"","overlay-color":"","overlay-gradient":""},"tablet":{"background-color":"var(--ast-global-color-5)","background-image":"","background-repeat":"repeat","background-position":"center center","background-size":"auto","background-attachment":"scroll","background-type":"","background-media":"","overlay-type":"","overlay-color":"","overlay-gradient":""},"mobile":{"background-color":"var(--ast-global-color-5)","background-image":"","background-repeat":"repeat","background-position":"center center","background-size":"auto","background-attachment":"scroll","background-type":"","background-media":"","overlay-type":"","overlay-color":"","overlay-gradient":""}},"footnotes":""},"categories":[8235],"tags":[62167,8266,7468,80334,6075,26745],"class_list":["post-28122","post","type-post","status-publish","format-standard","hentry","category-murcia","tag-alfredo-cano-sanchez","tag-elvira-ramos-garcia","tag-fernando-sanchez-gascon","tag-jose-javier-Martinez-garceran","tag-jose-luis-alvarez-sala-walther","tag-miguel-rosales-jaldo"],"_links":{"self":[{"href":"https:\/\/www.deberes.net\/tesis\/wp-json\/wp\/v2\/posts\/28122","targetHints":{"allow":["GET"]}}],"collection":[{"href":"https:\/\/www.deberes.net\/tesis\/wp-json\/wp\/v2\/posts"}],"about":[{"href":"https:\/\/www.deberes.net\/tesis\/wp-json\/wp\/v2\/types\/post"}],"author":[{"embeddable":true,"href":"https:\/\/www.deberes.net\/tesis\/wp-json\/wp\/v2\/users\/1"}],"replies":[{"embeddable":true,"href":"https:\/\/www.deberes.net\/tesis\/wp-json\/wp\/v2\/comments?post=28122"}],"version-history":[{"count":0,"href":"https:\/\/www.deberes.net\/tesis\/wp-json\/wp\/v2\/posts\/28122\/revisions"}],"wp:attachment":[{"href":"https:\/\/www.deberes.net\/tesis\/wp-json\/wp\/v2\/media?parent=28122"}],"wp:term":[{"taxonomy":"category","embeddable":true,"href":"https:\/\/www.deberes.net\/tesis\/wp-json\/wp\/v2\/categories?post=28122"},{"taxonomy":"post_tag","embeddable":true,"href":"https:\/\/www.deberes.net\/tesis\/wp-json\/wp\/v2\/tags?post=28122"}],"curies":[{"name":"wp","href":"https:\/\/api.w.org\/{rel}","templated":true}]}}