{"id":28135,"date":"2018-03-09T09:20:42","date_gmt":"2018-03-09T09:20:42","guid":{"rendered":"https:\/\/www.deberes.net\/tesis\/sin-categoria\/el-contrato-de-opcion-como-instrumento-de-cesion-de-agua-una-aplicacion-a-la-zona-regable-del-viar-y-la-ciudad-de-sevilla\/"},"modified":"2018-03-09T09:20:42","modified_gmt":"2018-03-09T09:20:42","slug":"el-contrato-de-opcion-como-instrumento-de-cesion-de-agua-una-aplicacion-a-la-zona-regable-del-viar-y-la-ciudad-de-sevilla","status":"publish","type":"post","link":"https:\/\/www.deberes.net\/tesis\/politecnica-de-madrid\/el-contrato-de-opcion-como-instrumento-de-cesion-de-agua-una-aplicacion-a-la-zona-regable-del-viar-y-la-ciudad-de-sevilla\/","title":{"rendered":"El contrato de opci\u00f3n como instrumento de cesi\u00f3n de agua. una aplicaci\u00f3n a la zona regable del viar y la ciudad de sevilla"},"content":{"rendered":"<h2>Tesis doctoral de <strong> Almudena Gomez Ramos <\/strong><\/h2>\n<p>El contexto actual en el que se desenvuelve la asignaci\u00f3n de agua en la cuenca mediterr\u00e1nea se caracteriza por la escasez de los recursos h\u00eddricos y por el incremento de la incertidumbre sobre la disponibilidad de agua. este aumento de la incertidumbre plantea la necesidad de buscar nuevos mecanismos de asignaci\u00f3n que permitan un acceso igualitario al recurso y que tenga presente el riego, mediante su internalizaci\u00f3n en el propio proceso de planificaci\u00f3n.  la asignaci\u00f3n eficiente del riesgo exige una mayor flexibilidad en la trasmisi\u00f3n del derecho al uso de agua, de forma que puedan ser transferidos s\u00f3lo algunos de los atributos que tiene asociados el uso del recurso, especialmente aquellos que tienen relaci\u00f3n o inciden en el riesgo asumido por los usuarios.  un contrato de opci\u00f3n de cesi\u00f3n puede ser un instrumento apropiado para articular este tipo de intercambios basados en atributos espec\u00edficos. Sus caracter\u00edsticas permiten repartir el riesgo asociado a la oferta y al precio entre el actual usuario del agua -el regad\u00edo-, y los potenciales compradores del recurso, -titulares de los usos urbanos-, estimulando de esta forma un mercado m\u00e1s activo y eficiente.  el objetivo central de la tesis ha sido articular un marco anal\u00edtico y emp\u00edrico que permita contrastar la hip\u00f3tesis seg\u00fan la cual un contrato de opci\u00f3n podr\u00eda ser un instrumento viable para lograr un reparto eficiente del riesgo hidrol\u00f3gico entre usos con distintos grado de seguridad en el acceso al agua.  el marco anal\u00edtico desarrollado para contrastar dicha hip\u00f3tesis considera la programaci\u00f3n din\u00e1mica estoc\u00e1stica en tiempo discreto como la metodolog\u00eda m\u00e1s adecuada para optimizar la asignaci\u00f3n din\u00e1mica de un recurso entre dos usos en un contexto de incertidumbre. La aplicaci\u00f3n de esta metodolog\u00eda permite obtener de la prima de compensaci\u00f3n, que se calcula como una prima de riesgo.  la hip\u00f3tesis es contrastada emp\u00edricamente mediante la simula<\/p>\n<p>&nbsp;<\/p>\n<h3>Datos acad\u00e9micos de la tesis doctoral \u00ab<strong>El contrato de opci\u00f3n como instrumento de cesi\u00f3n de agua. una aplicaci\u00f3n a la zona regable del viar y la ciudad de sevilla<\/strong>\u00ab<\/h3>\n<ul>\n<li><strong>T\u00edtulo de la tesis:<\/strong>\u00a0 El contrato de opci\u00f3n como instrumento de cesi\u00f3n de agua. una aplicaci\u00f3n a la zona regable del viar y la ciudad de sevilla <\/li>\n<li><strong>Autor:<\/strong>\u00a0 Almudena Gomez Ramos <\/li>\n<li><strong>Universidad:<\/strong>\u00a0 Polit\u00e9cnica de Madrid<\/li>\n<li><strong>Fecha de lectura de la tesis:<\/strong>\u00a0 14\/01\/2004<\/li>\n<\/ul>\n<p>&nbsp;<\/p>\n<h3>Direcci\u00f3n y tribunal<\/h3>\n<ul>\n<li><strong>Director de la tesis<\/strong>\n<ul>\n<li>Alberto Garrido Colmenero<\/li>\n<\/ul>\n<\/li>\n<li><strong>Tribunal<\/strong>\n<ul>\n<li>Presidente del tribunal: Carlos Tio saralegui <\/li>\n<li> Garc\u00eda alvarez coque Jos\u00e9 Mar\u00eda (vocal)<\/li>\n<li> Del moral ituarte leandro (vocal)<\/li>\n<li> Gonzalez paramo Jos\u00e9 Manuel (vocal)<\/li>\n<\/ul>\n<\/li>\n<\/ul>\n<p>&nbsp;<\/p>\n","protected":false},"excerpt":{"rendered":"<p>Tesis doctoral de Almudena Gomez Ramos El contexto actual en el que se desenvuelve la asignaci\u00f3n de agua en la [&hellip;]<\/p>\n","protected":false},"author":1,"featured_media":0,"comment_status":"open","ping_status":"open","sticky":false,"template":"","format":"standard","meta":{"site-sidebar-layout":"default","site-content-layout":"","ast-site-content-layout":"","site-content-style":"default","site-sidebar-style":"default","ast-global-header-display":"","ast-banner-title-visibility":"","ast-main-header-display":"","ast-hfb-above-header-display":"","ast-hfb-below-header-display":"","ast-hfb-mobile-header-display":"","site-post-title":"","ast-breadcrumbs-content":"","ast-featured-img":"","footer-sml-layout":"","theme-transparent-header-meta":"","adv-header-id-meta":"","stick-header-meta":"","header-above-stick-meta":"","header-main-stick-meta":"","header-below-stick-meta":"","astra-migrate-meta-layouts":"default","ast-page-background-enabled":"default","ast-page-background-meta":{"desktop":{"background-color":"var(--ast-global-color-4)","background-image":"","background-repeat":"repeat","background-position":"center center","background-size":"auto","background-attachment":"scroll","background-type":"","background-media":"","overlay-type":"","overlay-color":"","overlay-gradient":""},"tablet":{"background-color":"","background-image":"","background-repeat":"repeat","background-position":"center center","background-size":"auto","background-attachment":"scroll","background-type":"","background-media":"","overlay-type":"","overlay-color":"","overlay-gradient":""},"mobile":{"background-color":"","background-image":"","background-repeat":"repeat","background-position":"center center","background-size":"auto","background-attachment":"scroll","background-type":"","background-media":"","overlay-type":"","overlay-color":"","overlay-gradient":""}},"ast-content-background-meta":{"desktop":{"background-color":"var(--ast-global-color-5)","background-image":"","background-repeat":"repeat","background-position":"center center","background-size":"auto","background-attachment":"scroll","background-type":"","background-media":"","overlay-type":"","overlay-color":"","overlay-gradient":""},"tablet":{"background-color":"var(--ast-global-color-5)","background-image":"","background-repeat":"repeat","background-position":"center center","background-size":"auto","background-attachment":"scroll","background-type":"","background-media":"","overlay-type":"","overlay-color":"","overlay-gradient":""},"mobile":{"background-color":"var(--ast-global-color-5)","background-image":"","background-repeat":"repeat","background-position":"center center","background-size":"auto","background-attachment":"scroll","background-type":"","background-media":"","overlay-type":"","overlay-color":"","overlay-gradient":""}},"footnotes":""},"categories":[16008],"tags":[30724,80355,48685,80356,53506,11617],"class_list":["post-28135","post","type-post","status-publish","format-standard","hentry","category-politecnica-de-madrid","tag-alberto-garrido-colmenero","tag-almudena-gomez-ramos","tag-carlos-tio-saralegui","tag-del-moral-ituarte-leandro","tag-garcia-alvarez-coque-jose-maria","tag-gonzalez-paramo-jose-manuel"],"_links":{"self":[{"href":"https:\/\/www.deberes.net\/tesis\/wp-json\/wp\/v2\/posts\/28135","targetHints":{"allow":["GET"]}}],"collection":[{"href":"https:\/\/www.deberes.net\/tesis\/wp-json\/wp\/v2\/posts"}],"about":[{"href":"https:\/\/www.deberes.net\/tesis\/wp-json\/wp\/v2\/types\/post"}],"author":[{"embeddable":true,"href":"https:\/\/www.deberes.net\/tesis\/wp-json\/wp\/v2\/users\/1"}],"replies":[{"embeddable":true,"href":"https:\/\/www.deberes.net\/tesis\/wp-json\/wp\/v2\/comments?post=28135"}],"version-history":[{"count":0,"href":"https:\/\/www.deberes.net\/tesis\/wp-json\/wp\/v2\/posts\/28135\/revisions"}],"wp:attachment":[{"href":"https:\/\/www.deberes.net\/tesis\/wp-json\/wp\/v2\/media?parent=28135"}],"wp:term":[{"taxonomy":"category","embeddable":true,"href":"https:\/\/www.deberes.net\/tesis\/wp-json\/wp\/v2\/categories?post=28135"},{"taxonomy":"post_tag","embeddable":true,"href":"https:\/\/www.deberes.net\/tesis\/wp-json\/wp\/v2\/tags?post=28135"}],"curies":[{"name":"wp","href":"https:\/\/api.w.org\/{rel}","templated":true}]}}