{"id":28153,"date":"2018-03-09T09:20:44","date_gmt":"2018-03-09T09:20:44","guid":{"rendered":"https:\/\/www.deberes.net\/tesis\/sin-categoria\/agressa%c2%a2o-e-vitimaa%c2%a7a%c2%a2o-entre-adolescentes-em-contexto-escolar-varieveis-sociodemograficas-psicosssocciais-e-sociocognitivas\/"},"modified":"2018-03-09T09:20:44","modified_gmt":"2018-03-09T09:20:44","slug":"agressa%c2%a2o-e-vitimaa%c2%a7a%c2%a2o-entre-adolescentes-em-contexto-escolar-varieveis-sociodemograficas-psicosssocciais-e-sociocognitivas","status":"publish","type":"post","link":"https:\/\/www.deberes.net\/tesis\/extremadura\/agressa%c2%a2o-e-vitimaa%c2%a7a%c2%a2o-entre-adolescentes-em-contexto-escolar-varieveis-sociodemograficas-psicosssocciais-e-sociocognitivas\/","title":{"rendered":"Agress\u00c1\u00a2o e vitima\u00c1\u00a7\u00c1\u00a2o entre adolescentes em contexto escolar: vari\u00e9veis sociodemogr\u00e1ficas, psicosssocciais e sociocognitivas"},"content":{"rendered":"<h2>Tesis doctoral de <strong> Mar\u00eda  Jose Das Dores Martins <\/strong><\/h2>\n<p>El trabajo incide en el tema de la violencia escolar, m\u00e1s espec\u00edficamente en el problema de agresi\u00f3n y victimismo entre los adolescentes, dentro del contexto escolar, el denominado \u00abbullying\u00bb. El tema ha puesto en evidencia el car\u00e1cter transcultural y transnacional del problema y la necesidad de la elaboraci\u00f3n de programas de prevenci\u00f3n para mejorar el clima social de las escuelas a fin de evitar y erradicar la aparici\u00f3n de los problemas de agresi\u00f3n y victimismo entre los j\u00f3venes.  el trabajo de investigaci\u00f3n presenta, principalmente, dos objetivos: obtener datos que permitiesen conocer la incidencia y las varias manifestaciones de los comportamientos de agresi\u00f3n y victimismo entre los adolescentes que asit\u00edan a las escuelas de ense\u00f1anza oficial de la ciudad de portalegre. en segundo lugar, identificar algunas de las variables sociodemogr\u00e1ficas, psicosociales y sociocognitivas que aparencen asociadas a los comportamientos de agresi\u00f3n y victimizaci\u00f3n que suceden entre los adolescentes, dentro del contexto escolar, y que podr\u00e1n, ocasionalmente, ayudar a explicar la aparici\u00f3n de esas conductas.  la investigaci\u00f3n ha segudio el modelo cognitivo evolutivo, a trav\u00e9s del per\u00edodo de la adolescencia, y por otra parte, hemos intentado comprender algunos de los mecanismos sociocognitivos que ocasionalmente, explican o se encuentran asociados a este tipo de conductas en la medida en que estos parecen desempe\u00f1ar un papel crucial en el desarrollo y socializaci\u00f3n del adolescente.  los resultados obtenidos permiten diferenciar, seg\u00fan varias dimensiones y caracter\u00edsticas, a las v\u00edctimas de los agresores, y a los sujetos no involucrados en este tipo de problemas. Podemos afirmar que los problemas de  agresi\u00f3n y de victimizaci\u00f3n entre adolescentes, a pesar de que no alcanzan notas altas, est\u00e1n presentes en las escuelas de ense\u00f1anza b\u00e1sica y secundaria de la ciudad de portalegre, de manera similar a lo que ocurre en otros p<\/p>\n<p>&nbsp;<\/p>\n<h3>Datos acad\u00e9micos de la tesis doctoral \u00ab<strong>Agress\u00c1\u00a2o e vitima\u00c1\u00a7\u00c1\u00a2o entre adolescentes em contexto escolar: vari\u00e9veis sociodemogr\u00e1ficas, psicosssocciais e sociocognitivas<\/strong>\u00ab<\/h3>\n<ul>\n<li><strong>T\u00edtulo de la tesis:<\/strong>\u00a0 Agress\u00c1\u00a2o e vitima\u00c1\u00a7\u00c1\u00a2o entre adolescentes em contexto escolar: vari\u00e9veis sociodemogr\u00e1ficas, psicosssocciais e sociocognitivas <\/li>\n<li><strong>Autor:<\/strong>\u00a0 Mar\u00eda  Jose Das Dores Martins <\/li>\n<li><strong>Universidad:<\/strong>\u00a0 Extremadura<\/li>\n<li><strong>Fecha de lectura de la tesis:<\/strong>\u00a0 16\/01\/2004<\/li>\n<\/ul>\n<p>&nbsp;<\/p>\n<h3>Direcci\u00f3n y tribunal<\/h3>\n<ul>\n<li><strong>Director de la tesis<\/strong>\n<ul>\n<li>Florencio Vicente Castro<\/li>\n<\/ul>\n<\/li>\n<li><strong>Tribunal<\/strong>\n<ul>\n<li>Presidente del tribunal: giorgio Soro <\/li>\n<li>Jos\u00e9 Cant\u00f3n duarte (vocal)<\/li>\n<li>Antonio Gallardo jose (vocal)<\/li>\n<li>Mar\u00eda isabel Fajardo caldera (vocal)<\/li>\n<\/ul>\n<\/li>\n<\/ul>\n<p>&nbsp;<\/p>\n","protected":false},"excerpt":{"rendered":"<p>Tesis doctoral de Mar\u00eda Jose Das Dores Martins El trabajo incide en el tema de la violencia escolar, m\u00e1s espec\u00edficamente [&hellip;]<\/p>\n","protected":false},"author":1,"featured_media":0,"comment_status":"open","ping_status":"open","sticky":false,"template":"","format":"standard","meta":{"site-sidebar-layout":"default","site-content-layout":"","ast-site-content-layout":"","site-content-style":"default","site-sidebar-style":"default","ast-global-header-display":"","ast-banner-title-visibility":"","ast-main-header-display":"","ast-hfb-above-header-display":"","ast-hfb-below-header-display":"","ast-hfb-mobile-header-display":"","site-post-title":"","ast-breadcrumbs-content":"","ast-featured-img":"","footer-sml-layout":"","theme-transparent-header-meta":"","adv-header-id-meta":"","stick-header-meta":"","header-above-stick-meta":"","header-main-stick-meta":"","header-below-stick-meta":"","astra-migrate-meta-layouts":"default","ast-page-background-enabled":"default","ast-page-background-meta":{"desktop":{"background-color":"var(--ast-global-color-4)","background-image":"","background-repeat":"repeat","background-position":"center center","background-size":"auto","background-attachment":"scroll","background-type":"","background-media":"","overlay-type":"","overlay-color":"","overlay-gradient":""},"tablet":{"background-color":"","background-image":"","background-repeat":"repeat","background-position":"center center","background-size":"auto","background-attachment":"scroll","background-type":"","background-media":"","overlay-type":"","overlay-color":"","overlay-gradient":""},"mobile":{"background-color":"","background-image":"","background-repeat":"repeat","background-position":"center center","background-size":"auto","background-attachment":"scroll","background-type":"","background-media":"","overlay-type":"","overlay-color":"","overlay-gradient":""}},"ast-content-background-meta":{"desktop":{"background-color":"var(--ast-global-color-5)","background-image":"","background-repeat":"repeat","background-position":"center center","background-size":"auto","background-attachment":"scroll","background-type":"","background-media":"","overlay-type":"","overlay-color":"","overlay-gradient":""},"tablet":{"background-color":"var(--ast-global-color-5)","background-image":"","background-repeat":"repeat","background-position":"center center","background-size":"auto","background-attachment":"scroll","background-type":"","background-media":"","overlay-type":"","overlay-color":"","overlay-gradient":""},"mobile":{"background-color":"var(--ast-global-color-5)","background-image":"","background-repeat":"repeat","background-position":"center center","background-size":"auto","background-attachment":"scroll","background-type":"","background-media":"","overlay-type":"","overlay-color":"","overlay-gradient":""}},"footnotes":""},"categories":[949],"tags":[80397,7144,80396,3577,56535,80395],"class_list":["post-28153","post","type-post","status-publish","format-standard","hentry","category-extremadura","tag-antonio-gallardo-jose","tag-florencio-vicente-castro","tag-giorgio-soro","tag-jose-canton-duarte","tag-maria-isabel-fajardo-caldera","tag-maria-jose-das-dores-martins"],"_links":{"self":[{"href":"https:\/\/www.deberes.net\/tesis\/wp-json\/wp\/v2\/posts\/28153","targetHints":{"allow":["GET"]}}],"collection":[{"href":"https:\/\/www.deberes.net\/tesis\/wp-json\/wp\/v2\/posts"}],"about":[{"href":"https:\/\/www.deberes.net\/tesis\/wp-json\/wp\/v2\/types\/post"}],"author":[{"embeddable":true,"href":"https:\/\/www.deberes.net\/tesis\/wp-json\/wp\/v2\/users\/1"}],"replies":[{"embeddable":true,"href":"https:\/\/www.deberes.net\/tesis\/wp-json\/wp\/v2\/comments?post=28153"}],"version-history":[{"count":0,"href":"https:\/\/www.deberes.net\/tesis\/wp-json\/wp\/v2\/posts\/28153\/revisions"}],"wp:attachment":[{"href":"https:\/\/www.deberes.net\/tesis\/wp-json\/wp\/v2\/media?parent=28153"}],"wp:term":[{"taxonomy":"category","embeddable":true,"href":"https:\/\/www.deberes.net\/tesis\/wp-json\/wp\/v2\/categories?post=28153"},{"taxonomy":"post_tag","embeddable":true,"href":"https:\/\/www.deberes.net\/tesis\/wp-json\/wp\/v2\/tags?post=28153"}],"curies":[{"name":"wp","href":"https:\/\/api.w.org\/{rel}","templated":true}]}}