{"id":28160,"date":"2018-03-09T09:20:45","date_gmt":"2018-03-09T09:20:45","guid":{"rendered":"https:\/\/www.deberes.net\/tesis\/sin-categoria\/la-ambivalencia-social-del-nuevo-voluntariado-estudio-cualitativo-del-voluntariado-social-joven-en-madrid\/"},"modified":"2018-03-09T09:20:45","modified_gmt":"2018-03-09T09:20:45","slug":"la-ambivalencia-social-del-nuevo-voluntariado-estudio-cualitativo-del-voluntariado-social-joven-en-madrid","status":"publish","type":"post","link":"https:\/\/www.deberes.net\/tesis\/sin-categoria\/la-ambivalencia-social-del-nuevo-voluntariado-estudio-cualitativo-del-voluntariado-social-joven-en-madrid\/","title":{"rendered":"La ambiValencia social del nuevo voluntariado: estudio cualitativo del voluntariado social joven en Madrid"},"content":{"rendered":"<h2>Tesis doctoral de <strong> \u00e1ngel Zurdo Alaguero <\/strong><\/h2>\n<p>Este trabajo supone un an\u00e1lisis del \u00abnuevo voluntariado\u00bb social (joven), en clave sociol\u00f3gica.  revisando distintas teorizaciones cl\u00e1sicas y contempor\u00e1neas, se hace hincapi\u00e9 en las profundas ambiValencias que presenta el voluntariado en las sociedades contempor\u00e1neas (y especialmente en la espa\u00f1ola) con respecto a: el mercado de trabajo, las relaciones con la administraci\u00f3n, la prestaci\u00f3n de servicios, su v\u00ednculo con las situaciones de exclusi\u00f3n, etc.  adem\u00e1s, se profundiza  en el an\u00e1lisis del nuevo voluntariado como arquetipo dominante de participaci\u00f3n social; modelo de participaci\u00f3n marcadamente individualista (en sus expresiones m\u00e1s t\u00edpicas).  una buena parte del an\u00e1lisis emp\u00edrico se corresponde con una aproximaci\u00f3n (a trav\u00e9s de pr\u00e1cticas cualitativas de investigaci\u00f3n social: grupos de discusi\u00f3n y entrevistas abiertas) a la estructura motivacional -extraordinamiente compleja- del nuevo voluntariado.<\/p>\n<p>&nbsp;<\/p>\n<h3>Datos acad\u00e9micos de la tesis doctoral \u00ab<strong>La ambiValencia social del nuevo voluntariado: estudio cualitativo del voluntariado social joven en Madrid<\/strong>\u00ab<\/h3>\n<ul>\n<li><strong>T\u00edtulo de la tesis:<\/strong>\u00a0 La ambiValencia social del nuevo voluntariado: estudio cualitativo del voluntariado social joven en Madrid <\/li>\n<li><strong>Autor:<\/strong>\u00a0 \u00e1ngel Zurdo Alaguero <\/li>\n<li><strong>Universidad:<\/strong>\u00a0 Complutense de Madrid<\/li>\n<li><strong>Fecha de lectura de la tesis:<\/strong>\u00a0 16\/01\/2004<\/li>\n<\/ul>\n<p>&nbsp;<\/p>\n<h3>Direcci\u00f3n y tribunal<\/h3>\n<ul>\n<li><strong>Director de la tesis<\/strong>\n<ul>\n<li>Luis Enrique Alonso Benito<\/li>\n<\/ul>\n<\/li>\n<li><strong>Tribunal<\/strong>\n<ul>\n<li>Presidente del tribunal: eduardo Crespo suarez <\/li>\n<li>Javier Callejo gallego (vocal)<\/li>\n<li>gregorio Rodriguez cabrero (vocal)<\/li>\n<li>Andr\u00e9s Garc\u00eda inda (vocal)<\/li>\n<\/ul>\n<\/li>\n<\/ul>\n<p>&nbsp;<\/p>\n","protected":false},"excerpt":{"rendered":"<p>Tesis doctoral de \u00e1ngel Zurdo Alaguero Este trabajo supone un an\u00e1lisis del \u00abnuevo voluntariado\u00bb social (joven), en clave sociol\u00f3gica. revisando [&hellip;]<\/p>\n","protected":false},"author":1,"featured_media":0,"comment_status":"open","ping_status":"open","sticky":false,"template":"","format":"standard","meta":{"site-sidebar-layout":"default","site-content-layout":"","ast-site-content-layout":"","site-content-style":"default","site-sidebar-style":"default","ast-global-header-display":"","ast-banner-title-visibility":"","ast-main-header-display":"","ast-hfb-above-header-display":"","ast-hfb-below-header-display":"","ast-hfb-mobile-header-display":"","site-post-title":"","ast-breadcrumbs-content":"","ast-featured-img":"","footer-sml-layout":"","theme-transparent-header-meta":"","adv-header-id-meta":"","stick-header-meta":"","header-above-stick-meta":"","header-main-stick-meta":"","header-below-stick-meta":"","astra-migrate-meta-layouts":"default","ast-page-background-enabled":"default","ast-page-background-meta":{"desktop":{"background-color":"var(--ast-global-color-4)","background-image":"","background-repeat":"repeat","background-position":"center center","background-size":"auto","background-attachment":"scroll","background-type":"","background-media":"","overlay-type":"","overlay-color":"","overlay-gradient":""},"tablet":{"background-color":"","background-image":"","background-repeat":"repeat","background-position":"center center","background-size":"auto","background-attachment":"scroll","background-type":"","background-media":"","overlay-type":"","overlay-color":"","overlay-gradient":""},"mobile":{"background-color":"","background-image":"","background-repeat":"repeat","background-position":"center center","background-size":"auto","background-attachment":"scroll","background-type":"","background-media":"","overlay-type":"","overlay-color":"","overlay-gradient":""}},"ast-content-background-meta":{"desktop":{"background-color":"var(--ast-global-color-5)","background-image":"","background-repeat":"repeat","background-position":"center center","background-size":"auto","background-attachment":"scroll","background-type":"","background-media":"","overlay-type":"","overlay-color":"","overlay-gradient":""},"tablet":{"background-color":"var(--ast-global-color-5)","background-image":"","background-repeat":"repeat","background-position":"center center","background-size":"auto","background-attachment":"scroll","background-type":"","background-media":"","overlay-type":"","overlay-color":"","overlay-gradient":""},"mobile":{"background-color":"var(--ast-global-color-5)","background-image":"","background-repeat":"repeat","background-position":"center center","background-size":"auto","background-attachment":"scroll","background-type":"","background-media":"","overlay-type":"","overlay-color":"","overlay-gradient":""}},"footnotes":""},"categories":[1],"tags":[80419,80418,23867,23004,45196,4645],"class_list":["post-28160","post","type-post","status-publish","format-standard","hentry","category-sin-categoria","tag-andres-garcia-inda","tag-angel-zurdo-alaguero","tag-eduardo-crespo-suarez","tag-gregorio-rodriguez-cabrero","tag-javier-callejo-gallego","tag-luis-enrique-alonso-benito"],"_links":{"self":[{"href":"https:\/\/www.deberes.net\/tesis\/wp-json\/wp\/v2\/posts\/28160","targetHints":{"allow":["GET"]}}],"collection":[{"href":"https:\/\/www.deberes.net\/tesis\/wp-json\/wp\/v2\/posts"}],"about":[{"href":"https:\/\/www.deberes.net\/tesis\/wp-json\/wp\/v2\/types\/post"}],"author":[{"embeddable":true,"href":"https:\/\/www.deberes.net\/tesis\/wp-json\/wp\/v2\/users\/1"}],"replies":[{"embeddable":true,"href":"https:\/\/www.deberes.net\/tesis\/wp-json\/wp\/v2\/comments?post=28160"}],"version-history":[{"count":0,"href":"https:\/\/www.deberes.net\/tesis\/wp-json\/wp\/v2\/posts\/28160\/revisions"}],"wp:attachment":[{"href":"https:\/\/www.deberes.net\/tesis\/wp-json\/wp\/v2\/media?parent=28160"}],"wp:term":[{"taxonomy":"category","embeddable":true,"href":"https:\/\/www.deberes.net\/tesis\/wp-json\/wp\/v2\/categories?post=28160"},{"taxonomy":"post_tag","embeddable":true,"href":"https:\/\/www.deberes.net\/tesis\/wp-json\/wp\/v2\/tags?post=28160"}],"curies":[{"name":"wp","href":"https:\/\/api.w.org\/{rel}","templated":true}]}}