{"id":28171,"date":"2018-03-09T09:20:45","date_gmt":"2018-03-09T09:20:45","guid":{"rendered":"https:\/\/www.deberes.net\/tesis\/sin-categoria\/evolucion-de-los-sa%c2%adntomas-negativos-en-psicosis-nunca-tratada\/"},"modified":"2018-03-09T09:20:45","modified_gmt":"2018-03-09T09:20:45","slug":"evolucion-de-los-sa%c2%adntomas-negativos-en-psicosis-nunca-tratada","status":"publish","type":"post","link":"https:\/\/www.deberes.net\/tesis\/murcia\/evolucion-de-los-sa%c2%adntomas-negativos-en-psicosis-nunca-tratada\/","title":{"rendered":"Evoluci\u00f3n de los s\u00edntomas negativos en psicosis nunca tratada"},"content":{"rendered":"<h2>Tesis doctoral de <strong>  Manzanera L\u00f3pez Francisco Javier <\/strong><\/h2>\n<p>La esquizofrenia es, probablemente, la enfermedad, o grupo de enfermedades, m\u00e1s complejo que puede afectar al cerebro humano. Es una enfermedad cr\u00f3nica y recurrente que conduce a una significativa morbilidad residual a trav\u00e9s de un proceso de deterioro conductual. Comienza, por lo general, en la adolescencia o en los primeros a\u00f1os de la vida adulta. Se caracteriza por una mezcla de signos y s\u00edntomas, ninguno de los cuales est\u00e1 invariablemente presente. Durante los \u00faltimos a\u00f1os, hemos asistido a un resurgir en el inter\u00e9s por los s\u00edntomas negativos de la esquizofrenia, que ya hab\u00edan sido considerados s\u00edntomas nucleares por kraepelin y bleuler, en base de estudios que ponen de manifiesto su papel fundamental en aspectos cl\u00ednicos tales como calidad de vida, funcionamiento cognitivo, adaptaci\u00f3n social y laboral, evoluci\u00f3n de la enfermedad, etc. Es por ello por lo que, a principio de la d\u00e9cada pasada, se enfatiz\u00f3 la importancia de analizar, de manera directa, las etapas iniciales de estos pacientes con la finalidad de intentar reducir la amplia variabilidad de los hallazgos en la literatura, casi siempre atribuida a la heterogeneidad cl\u00ednica. Objetivos: describir la evoluci\u00f3n de los s\u00edntomas negativos as\u00ed como tratar de identificar sus factores determinantes basales, a los 6 meses y a lo largo del periodo de tratamiento, en una muestra de psicosis de inicio durante los 6 primeros meses de tto. Neurol\u00e9ptico.  conclusiones: la dimensi\u00f3n negativa (aplanamiento efectivo \/ alogia) extra\u00edda de la sans y evaluada durante un primer episodio psic\u00f3tico, antes de comenzar un tratamiento con neurol\u00e9pticos y durante los 6 primeros meses de tratamiento tiene como un car\u00e1cter fundamentalmente primario y deber\u00eda considerarse como una manifestaci\u00f3n directa de las disfunciones b\u00e1sicas de la esquizofrenia. la dimensi\u00f3n negativa basal, previa a la introducci\u00f3n del tratamiento, y la de los 6 meses, despu\u00e9s del tratamiento, aunque indi<\/p>\n<p>&nbsp;<\/p>\n<h3>Datos acad\u00e9micos de la tesis doctoral \u00ab<strong>Evoluci\u00f3n de los s\u00edntomas negativos en psicosis nunca tratada<\/strong>\u00ab<\/h3>\n<ul>\n<li><strong>T\u00edtulo de la tesis:<\/strong>\u00a0 Evoluci\u00f3n de los s\u00edntomas negativos en psicosis nunca tratada <\/li>\n<li><strong>Autor:<\/strong>\u00a0  Manzanera L\u00f3pez Francisco Javier <\/li>\n<li><strong>Universidad:<\/strong>\u00a0 Murcia<\/li>\n<li><strong>Fecha de lectura de la tesis:<\/strong>\u00a0 16\/01\/2004<\/li>\n<\/ul>\n<p>&nbsp;<\/p>\n<h3>Direcci\u00f3n y tribunal<\/h3>\n<ul>\n<li><strong>Director de la tesis<\/strong>\n<ul>\n<li>Jos\u00e9 Hern\u00e1ndez Mart\u00ednez<\/li>\n<\/ul>\n<\/li>\n<li><strong>Tribunal<\/strong>\n<ul>\n<li>Presidente del tribunal: pedro Pozo navarro <\/li>\n<li>joaqu\u00edn Nieto munuera (vocal)<\/li>\n<li> Sala ayma Jos\u00e9 Mar\u00eda (vocal)<\/li>\n<li>  (vocal)<\/li>\n<\/ul>\n<\/li>\n<\/ul>\n<p>&nbsp;<\/p>\n","protected":false},"excerpt":{"rendered":"<p>Tesis doctoral de Manzanera L\u00f3pez Francisco Javier La esquizofrenia es, probablemente, la enfermedad, o grupo de enfermedades, m\u00e1s complejo que [&hellip;]<\/p>\n","protected":false},"author":1,"featured_media":0,"comment_status":"open","ping_status":"open","sticky":false,"template":"","format":"standard","meta":{"site-sidebar-layout":"default","site-content-layout":"","ast-site-content-layout":"","site-content-style":"default","site-sidebar-style":"default","ast-global-header-display":"","ast-banner-title-visibility":"","ast-main-header-display":"","ast-hfb-above-header-display":"","ast-hfb-below-header-display":"","ast-hfb-mobile-header-display":"","site-post-title":"","ast-breadcrumbs-content":"","ast-featured-img":"","footer-sml-layout":"","theme-transparent-header-meta":"","adv-header-id-meta":"","stick-header-meta":"","header-above-stick-meta":"","header-main-stick-meta":"","header-below-stick-meta":"","astra-migrate-meta-layouts":"default","ast-page-background-enabled":"default","ast-page-background-meta":{"desktop":{"background-color":"var(--ast-global-color-4)","background-image":"","background-repeat":"repeat","background-position":"center center","background-size":"auto","background-attachment":"scroll","background-type":"","background-media":"","overlay-type":"","overlay-color":"","overlay-gradient":""},"tablet":{"background-color":"","background-image":"","background-repeat":"repeat","background-position":"center center","background-size":"auto","background-attachment":"scroll","background-type":"","background-media":"","overlay-type":"","overlay-color":"","overlay-gradient":""},"mobile":{"background-color":"","background-image":"","background-repeat":"repeat","background-position":"center center","background-size":"auto","background-attachment":"scroll","background-type":"","background-media":"","overlay-type":"","overlay-color":"","overlay-gradient":""}},"ast-content-background-meta":{"desktop":{"background-color":"var(--ast-global-color-5)","background-image":"","background-repeat":"repeat","background-position":"center center","background-size":"auto","background-attachment":"scroll","background-type":"","background-media":"","overlay-type":"","overlay-color":"","overlay-gradient":""},"tablet":{"background-color":"var(--ast-global-color-5)","background-image":"","background-repeat":"repeat","background-position":"center center","background-size":"auto","background-attachment":"scroll","background-type":"","background-media":"","overlay-type":"","overlay-color":"","overlay-gradient":""},"mobile":{"background-color":"var(--ast-global-color-5)","background-image":"","background-repeat":"repeat","background-position":"center center","background-size":"auto","background-attachment":"scroll","background-type":"","background-media":"","overlay-type":"","overlay-color":"","overlay-gradient":""}},"footnotes":""},"categories":[8235],"tags":[21844,24900,80441,27488,80442],"class_list":["post-28171","post","type-post","status-publish","format-standard","hentry","category-murcia","tag-joaquin-nieto-munuera","tag-jose-hernandez-Martinez","tag-manzanera-lopez-francisco-javier","tag-pedro-pozo-navarro","tag-sala-ayma-jose-maria"],"_links":{"self":[{"href":"https:\/\/www.deberes.net\/tesis\/wp-json\/wp\/v2\/posts\/28171","targetHints":{"allow":["GET"]}}],"collection":[{"href":"https:\/\/www.deberes.net\/tesis\/wp-json\/wp\/v2\/posts"}],"about":[{"href":"https:\/\/www.deberes.net\/tesis\/wp-json\/wp\/v2\/types\/post"}],"author":[{"embeddable":true,"href":"https:\/\/www.deberes.net\/tesis\/wp-json\/wp\/v2\/users\/1"}],"replies":[{"embeddable":true,"href":"https:\/\/www.deberes.net\/tesis\/wp-json\/wp\/v2\/comments?post=28171"}],"version-history":[{"count":0,"href":"https:\/\/www.deberes.net\/tesis\/wp-json\/wp\/v2\/posts\/28171\/revisions"}],"wp:attachment":[{"href":"https:\/\/www.deberes.net\/tesis\/wp-json\/wp\/v2\/media?parent=28171"}],"wp:term":[{"taxonomy":"category","embeddable":true,"href":"https:\/\/www.deberes.net\/tesis\/wp-json\/wp\/v2\/categories?post=28171"},{"taxonomy":"post_tag","embeddable":true,"href":"https:\/\/www.deberes.net\/tesis\/wp-json\/wp\/v2\/tags?post=28171"}],"curies":[{"name":"wp","href":"https:\/\/api.w.org\/{rel}","templated":true}]}}