{"id":28172,"date":"2018-03-09T09:20:46","date_gmt":"2018-03-09T09:20:46","guid":{"rendered":"https:\/\/www.deberes.net\/tesis\/sin-categoria\/la-iniciativa-comunitaria-leader-en-el-desarrollo-local-de-noroeste-murciano\/"},"modified":"2018-03-09T09:20:46","modified_gmt":"2018-03-09T09:20:46","slug":"la-iniciativa-comunitaria-leader-en-el-desarrollo-local-de-noroeste-murciano","status":"publish","type":"post","link":"https:\/\/www.deberes.net\/tesis\/murcia\/la-iniciativa-comunitaria-leader-en-el-desarrollo-local-de-noroeste-murciano\/","title":{"rendered":"La iniciativa comunitaria leader en el desarrollo local de noroeste murciano"},"content":{"rendered":"<h2>Tesis doctoral de <strong> Mercedes Mill\u00e1n Estriche <\/strong><\/h2>\n<p>Se analiza el papel desempe\u00f1ado por las pol\u00edticas de la uni\u00f3n europea y , de manera m\u00e1s espec\u00edfica, por su iniciativa comunitaria leader, en la consecuci\u00f3n del desarrollo para determinados espacios rurales considerados desfavorecidos, como ocurre con el espacio elegido: el noroeste de la regi\u00f3n de murcia. En su realizaci\u00f3n se ha utilizado abundante bibliograf\u00eda de autores que abordan esta problem\u00e1tica desde perspectivas muy diversas. as\u00ed mismo se han vaciado censos y otras estad\u00edsticas agrarias, censos de poblaci\u00f3n, datos de la confederaci\u00f3n regional de organizaciones empresariales, del catastro y, sobre todo, fuentes procedentes de la uni\u00f3n europea: comunicaciones, decisiones, reglamentos y los diarios oficiales donde se han publicado las pol\u00edticas a las que se refiere el trabajo.  metodol\u00f3gicamente se ha utilizado el criterio de la competitividad territorial para elaborar la entrevista realizada a la poblaci\u00f3n del noroeste con el fin de conocer su percepci\u00f3n de las actuaciones llevadas a cabo por leader y si \u00e9stas se acercan a sus aut\u00e9nticas necesidades de desarrollo.<\/p>\n<p>&nbsp;<\/p>\n<h3>Datos acad\u00e9micos de la tesis doctoral \u00ab<strong>La iniciativa comunitaria leader en el desarrollo local de noroeste murciano<\/strong>\u00ab<\/h3>\n<ul>\n<li><strong>T\u00edtulo de la tesis:<\/strong>\u00a0 La iniciativa comunitaria leader en el desarrollo local de noroeste murciano <\/li>\n<li><strong>Autor:<\/strong>\u00a0 Mercedes Mill\u00e1n Estriche <\/li>\n<li><strong>Universidad:<\/strong>\u00a0 Murcia<\/li>\n<li><strong>Fecha de lectura de la tesis:<\/strong>\u00a0 16\/01\/2004<\/li>\n<\/ul>\n<p>&nbsp;<\/p>\n<h3>Direcci\u00f3n y tribunal<\/h3>\n<ul>\n<li><strong>Director de la tesis<\/strong>\n<ul>\n<li> Andr\u00e9s Sarasa Jos\u00e9 Luis<\/li>\n<\/ul>\n<\/li>\n<li><strong>Tribunal<\/strong>\n<ul>\n<li>Presidente del tribunal: Francisco Calvo Garc\u00eda-tornel <\/li>\n<li>Miguel Panadero moya (vocal)<\/li>\n<li>Juan Roca guillamon (vocal)<\/li>\n<li>gregorio Canales mart\u00ednez (vocal)<\/li>\n<\/ul>\n<\/li>\n<\/ul>\n<p>&nbsp;<\/p>\n","protected":false},"excerpt":{"rendered":"<p>Tesis doctoral de Mercedes Mill\u00e1n Estriche Se analiza el papel desempe\u00f1ado por las pol\u00edticas de la uni\u00f3n europea y , [&hellip;]<\/p>\n","protected":false},"author":1,"featured_media":0,"comment_status":"open","ping_status":"open","sticky":false,"template":"","format":"standard","meta":{"site-sidebar-layout":"default","site-content-layout":"","ast-site-content-layout":"","site-content-style":"default","site-sidebar-style":"default","ast-global-header-display":"","ast-banner-title-visibility":"","ast-main-header-display":"","ast-hfb-above-header-display":"","ast-hfb-below-header-display":"","ast-hfb-mobile-header-display":"","site-post-title":"","ast-breadcrumbs-content":"","ast-featured-img":"","footer-sml-layout":"","theme-transparent-header-meta":"","adv-header-id-meta":"","stick-header-meta":"","header-above-stick-meta":"","header-main-stick-meta":"","header-below-stick-meta":"","astra-migrate-meta-layouts":"default","ast-page-background-enabled":"default","ast-page-background-meta":{"desktop":{"background-color":"var(--ast-global-color-4)","background-image":"","background-repeat":"repeat","background-position":"center center","background-size":"auto","background-attachment":"scroll","background-type":"","background-media":"","overlay-type":"","overlay-color":"","overlay-gradient":""},"tablet":{"background-color":"","background-image":"","background-repeat":"repeat","background-position":"center center","background-size":"auto","background-attachment":"scroll","background-type":"","background-media":"","overlay-type":"","overlay-color":"","overlay-gradient":""},"mobile":{"background-color":"","background-image":"","background-repeat":"repeat","background-position":"center center","background-size":"auto","background-attachment":"scroll","background-type":"","background-media":"","overlay-type":"","overlay-color":"","overlay-gradient":""}},"ast-content-background-meta":{"desktop":{"background-color":"var(--ast-global-color-5)","background-image":"","background-repeat":"repeat","background-position":"center center","background-size":"auto","background-attachment":"scroll","background-type":"","background-media":"","overlay-type":"","overlay-color":"","overlay-gradient":""},"tablet":{"background-color":"var(--ast-global-color-5)","background-image":"","background-repeat":"repeat","background-position":"center center","background-size":"auto","background-attachment":"scroll","background-type":"","background-media":"","overlay-type":"","overlay-color":"","overlay-gradient":""},"mobile":{"background-color":"var(--ast-global-color-5)","background-image":"","background-repeat":"repeat","background-position":"center center","background-size":"auto","background-attachment":"scroll","background-type":"","background-media":"","overlay-type":"","overlay-color":"","overlay-gradient":""}},"footnotes":""},"categories":[8235],"tags":[8389,8390,8524,19213,80443,7393],"class_list":["post-28172","post","type-post","status-publish","format-standard","hentry","category-murcia","tag-andres-sarasa-jose-luis","tag-francisco-calvo-garcia-tornel","tag-gregorio-canales-Martinez","tag-juan-roca-guillamon","tag-mercedes-millan-estriche","tag-miguel-panadero-moya"],"_links":{"self":[{"href":"https:\/\/www.deberes.net\/tesis\/wp-json\/wp\/v2\/posts\/28172","targetHints":{"allow":["GET"]}}],"collection":[{"href":"https:\/\/www.deberes.net\/tesis\/wp-json\/wp\/v2\/posts"}],"about":[{"href":"https:\/\/www.deberes.net\/tesis\/wp-json\/wp\/v2\/types\/post"}],"author":[{"embeddable":true,"href":"https:\/\/www.deberes.net\/tesis\/wp-json\/wp\/v2\/users\/1"}],"replies":[{"embeddable":true,"href":"https:\/\/www.deberes.net\/tesis\/wp-json\/wp\/v2\/comments?post=28172"}],"version-history":[{"count":0,"href":"https:\/\/www.deberes.net\/tesis\/wp-json\/wp\/v2\/posts\/28172\/revisions"}],"wp:attachment":[{"href":"https:\/\/www.deberes.net\/tesis\/wp-json\/wp\/v2\/media?parent=28172"}],"wp:term":[{"taxonomy":"category","embeddable":true,"href":"https:\/\/www.deberes.net\/tesis\/wp-json\/wp\/v2\/categories?post=28172"},{"taxonomy":"post_tag","embeddable":true,"href":"https:\/\/www.deberes.net\/tesis\/wp-json\/wp\/v2\/tags?post=28172"}],"curies":[{"name":"wp","href":"https:\/\/api.w.org\/{rel}","templated":true}]}}