{"id":28205,"date":"2018-03-09T09:20:48","date_gmt":"2018-03-09T09:20:48","guid":{"rendered":"https:\/\/www.deberes.net\/tesis\/sin-categoria\/el-poblamiento-de-la-epoca-iberica-en-la-provincia-de-ciudad-real\/"},"modified":"2018-03-09T09:20:48","modified_gmt":"2018-03-09T09:20:48","slug":"el-poblamiento-de-la-epoca-iberica-en-la-provincia-de-ciudad-real","status":"publish","type":"post","link":"https:\/\/www.deberes.net\/tesis\/castilla-la-mancha\/el-poblamiento-de-la-epoca-iberica-en-la-provincia-de-ciudad-real\/","title":{"rendered":"El poblamiento de la \u00e9poca ib\u00e9rica en la provincia de ciudad real"},"content":{"rendered":"<h2>Tesis doctoral de <strong> Francisco Javier Morales Hervas <\/strong><\/h2>\n<p>Sobre la &#8212; metodol\u00f3gica y te\u00f3rica de la actual arqueolog\u00eda del paisaje, la tesis, a partir de la hip\u00f3tesis de la expansi\u00f3n a la zona de ciudad real, de la cultura urbana ib\u00e9rica, rab\u00eda un exhaustivo an\u00e1lisis de la documentaci\u00f3n arqueol\u00f3gica y la &#8212; en un cuadro completamente renovador de la cultura ib\u00e9rica en la zona, con especial atenci\u00f3n al &#8212; y la organizaci\u00f3n y jerarquizaci\u00f3n del poblamiento.<\/p>\n<p>&nbsp;<\/p>\n<h3>Datos acad\u00e9micos de la tesis doctoral \u00ab<strong>El poblamiento de la \u00e9poca ib\u00e9rica en la provincia de ciudad real<\/strong>\u00ab<\/h3>\n<ul>\n<li><strong>T\u00edtulo de la tesis:<\/strong>\u00a0 El poblamiento de la \u00e9poca ib\u00e9rica en la provincia de ciudad real <\/li>\n<li><strong>Autor:<\/strong>\u00a0 Francisco Javier Morales Hervas <\/li>\n<li><strong>Universidad:<\/strong>\u00a0 Castilla-la mancha<\/li>\n<li><strong>Fecha de lectura de la tesis:<\/strong>\u00a0 16\/01\/2004<\/li>\n<\/ul>\n<p>&nbsp;<\/p>\n<h3>Direcci\u00f3n y tribunal<\/h3>\n<ul>\n<li><strong>Director de la tesis<\/strong>\n<ul>\n<li>Rosario Garcia Huerta<\/li>\n<\/ul>\n<\/li>\n<li><strong>Tribunal<\/strong>\n<ul>\n<li>Presidente del tribunal: lorenzo Abad casal <\/li>\n<li>Juan Blanquez perez (vocal)<\/li>\n<li>consuelo Mata parre\u00f1o (vocal)<\/li>\n<li>  (vocal)<\/li>\n<\/ul>\n<\/li>\n<\/ul>\n<p>&nbsp;<\/p>\n","protected":false},"excerpt":{"rendered":"<p>Tesis doctoral de Francisco Javier Morales Hervas Sobre la &#8212; metodol\u00f3gica y te\u00f3rica de la actual arqueolog\u00eda del paisaje, la [&hellip;]<\/p>\n","protected":false},"author":1,"featured_media":0,"comment_status":"open","ping_status":"open","sticky":false,"template":"","format":"standard","meta":{"site-sidebar-layout":"default","site-content-layout":"","ast-site-content-layout":"","site-content-style":"default","site-sidebar-style":"default","ast-global-header-display":"","ast-banner-title-visibility":"","ast-main-header-display":"","ast-hfb-above-header-display":"","ast-hfb-below-header-display":"","ast-hfb-mobile-header-display":"","site-post-title":"","ast-breadcrumbs-content":"","ast-featured-img":"","footer-sml-layout":"","theme-transparent-header-meta":"","adv-header-id-meta":"","stick-header-meta":"","header-above-stick-meta":"","header-main-stick-meta":"","header-below-stick-meta":"","astra-migrate-meta-layouts":"default","ast-page-background-enabled":"default","ast-page-background-meta":{"desktop":{"background-color":"var(--ast-global-color-4)","background-image":"","background-repeat":"repeat","background-position":"center center","background-size":"auto","background-attachment":"scroll","background-type":"","background-media":"","overlay-type":"","overlay-color":"","overlay-gradient":""},"tablet":{"background-color":"","background-image":"","background-repeat":"repeat","background-position":"center center","background-size":"auto","background-attachment":"scroll","background-type":"","background-media":"","overlay-type":"","overlay-color":"","overlay-gradient":""},"mobile":{"background-color":"","background-image":"","background-repeat":"repeat","background-position":"center center","background-size":"auto","background-attachment":"scroll","background-type":"","background-media":"","overlay-type":"","overlay-color":"","overlay-gradient":""}},"ast-content-background-meta":{"desktop":{"background-color":"var(--ast-global-color-5)","background-image":"","background-repeat":"repeat","background-position":"center center","background-size":"auto","background-attachment":"scroll","background-type":"","background-media":"","overlay-type":"","overlay-color":"","overlay-gradient":""},"tablet":{"background-color":"var(--ast-global-color-5)","background-image":"","background-repeat":"repeat","background-position":"center center","background-size":"auto","background-attachment":"scroll","background-type":"","background-media":"","overlay-type":"","overlay-color":"","overlay-gradient":""},"mobile":{"background-color":"var(--ast-global-color-5)","background-image":"","background-repeat":"repeat","background-position":"center center","background-size":"auto","background-attachment":"scroll","background-type":"","background-media":"","overlay-type":"","overlay-color":"","overlay-gradient":""}},"footnotes":""},"categories":[18451],"tags":[74893,80511,14490,8283,66150],"class_list":["post-28205","post","type-post","status-publish","format-standard","hentry","category-castilla-la-mancha","tag-consuelo-mata-parreno","tag-francisco-javier-morales-hervas","tag-juan-blanquez-perez","tag-lorenzo-abad-casal","tag-rosario-garcia-huerta"],"_links":{"self":[{"href":"https:\/\/www.deberes.net\/tesis\/wp-json\/wp\/v2\/posts\/28205","targetHints":{"allow":["GET"]}}],"collection":[{"href":"https:\/\/www.deberes.net\/tesis\/wp-json\/wp\/v2\/posts"}],"about":[{"href":"https:\/\/www.deberes.net\/tesis\/wp-json\/wp\/v2\/types\/post"}],"author":[{"embeddable":true,"href":"https:\/\/www.deberes.net\/tesis\/wp-json\/wp\/v2\/users\/1"}],"replies":[{"embeddable":true,"href":"https:\/\/www.deberes.net\/tesis\/wp-json\/wp\/v2\/comments?post=28205"}],"version-history":[{"count":0,"href":"https:\/\/www.deberes.net\/tesis\/wp-json\/wp\/v2\/posts\/28205\/revisions"}],"wp:attachment":[{"href":"https:\/\/www.deberes.net\/tesis\/wp-json\/wp\/v2\/media?parent=28205"}],"wp:term":[{"taxonomy":"category","embeddable":true,"href":"https:\/\/www.deberes.net\/tesis\/wp-json\/wp\/v2\/categories?post=28205"},{"taxonomy":"post_tag","embeddable":true,"href":"https:\/\/www.deberes.net\/tesis\/wp-json\/wp\/v2\/tags?post=28205"}],"curies":[{"name":"wp","href":"https:\/\/api.w.org\/{rel}","templated":true}]}}