{"id":28208,"date":"2018-03-09T09:20:49","date_gmt":"2018-03-09T09:20:49","guid":{"rendered":"https:\/\/www.deberes.net\/tesis\/sin-categoria\/actitudes-y-percepciones-respecto-de-los-derechos-de-los-usuarios-de-los-hospitales-del-sector-sanitario-de-reus\/"},"modified":"2018-03-09T09:20:49","modified_gmt":"2018-03-09T09:20:49","slug":"actitudes-y-percepciones-respecto-de-los-derechos-de-los-usuarios-de-los-hospitales-del-sector-sanitario-de-reus","status":"publish","type":"post","link":"https:\/\/www.deberes.net\/tesis\/rovira-i-virgili\/actitudes-y-percepciones-respecto-de-los-derechos-de-los-usuarios-de-los-hospitales-del-sector-sanitario-de-reus\/","title":{"rendered":"Actitudes y percepciones respecto de los derechos de los usuarios de los hospitales del sector sanitario de reus"},"content":{"rendered":"<h2>Tesis doctoral de <strong> Joan Guix Oliver <\/strong><\/h2>\n<p>Una caracter\u00edstica de la relaci\u00f3n m\u00e9dico &#8211; paciente es la asimetr\u00eda de informaci\u00f3n, lo cual comporta el establecimiento de una relaci\u00f3n de poder del m\u00e9dico con respeto hacia el paciente, que, en ocasiones, puede llegar a afectar su autonom\u00eda y dignidad.  como derivaci\u00f3n de la declaraci\u00f3n de los derechos humanos, en los ee.Uu., el a\u00f1o 1973 se formula la primera declaraci\u00f3n de los derechos del paciente que, en el estado espa\u00f1ol se concreta en la inclusi\u00f3n de un conjunto de derechos del pacientes incluidos en la ley general de sanidad.  en el presente trabajo se analizan las expectativas y percepciones de expacientes, m\u00e9dicos y enfermeros de los dos hospitales p\u00fablicos del sector sanitario de reus, mediante encuesta elaborada a partir de grupos focales, y posteriormente validada.  los resultados obtenidos indican que los pacientes quieren ser informados, pero que el 37,9% no quieren participar en las decisiones que les afecten e, incluso, un 28% piensan que no pueden negarse a las decisiones que tome su m\u00e9dico respecto de su propia salud. Los pacientes quieren que la confidencialidad e intimidad les sean respetadas. Mayoritariamente ven como positiva la existencia de unos derechos del paciente. Un 5,5% se han sentido ofendidos o avergonzados durante su estancia hospitalaria.  para los m\u00e9dicos, la existencia de los derechos del paciente no se ve como una dificultad ni como una injerencia y un 51,5% creen que pueden cambiar positivamente la relaci\u00f3n m\u00e9dica-paciente. Un 48,1% afirman conocer los derechos de los pacientes, mientras que un 35,2% aceptan abiertamente que les desconocen. Un 20% creen que el paciente es el \u00fanico que deben que decidir qu\u00e9 quiere que se le haga para curar su enfermedad, mientras que un 65,5% est\u00e1n en desacuerdo y un 7,5% no creen que los pacientes quieran tomar parte en las decisiones que afecten a su enfermedad, mientras que un 79,5% piensan que s\u00ed.  un 38,8% de los enfermeros encuesta<\/p>\n<p>&nbsp;<\/p>\n<h3>Datos acad\u00e9micos de la tesis doctoral \u00ab<strong>Actitudes y percepciones respecto de los derechos de los usuarios de los hospitales del sector sanitario de reus<\/strong>\u00ab<\/h3>\n<ul>\n<li><strong>T\u00edtulo de la tesis:<\/strong>\u00a0 Actitudes y percepciones respecto de los derechos de los usuarios de los hospitales del sector sanitario de reus <\/li>\n<li><strong>Autor:<\/strong>\u00a0 Joan Guix Oliver <\/li>\n<li><strong>Universidad:<\/strong>\u00a0 Rovira i virgili<\/li>\n<li><strong>Fecha de lectura de la tesis:<\/strong>\u00a0 16\/01\/2004<\/li>\n<\/ul>\n<p>&nbsp;<\/p>\n<h3>Direcci\u00f3n y tribunal<\/h3>\n<ul>\n<li><strong>Director de la tesis<\/strong>\n<ul>\n<li>Joan Fernandez Ballart<\/li>\n<\/ul>\n<\/li>\n<li><strong>Tribunal<\/strong>\n<ul>\n<li>Presidente del tribunal: vicente Navarro l\u00f3pez <\/li>\n<li>andreu Segura benedicto (vocal)<\/li>\n<li>josep Mar\u00eda Comelles esteban (vocal)<\/li>\n<li>rosa Su\u00f1ol sala (vocal)<\/li>\n<\/ul>\n<\/li>\n<\/ul>\n<p>&nbsp;<\/p>\n","protected":false},"excerpt":{"rendered":"<p>Tesis doctoral de Joan Guix Oliver Una caracter\u00edstica de la relaci\u00f3n m\u00e9dico &#8211; paciente es la asimetr\u00eda de informaci\u00f3n, lo [&hellip;]<\/p>\n","protected":false},"author":1,"featured_media":0,"comment_status":"open","ping_status":"open","sticky":false,"template":"","format":"standard","meta":{"site-sidebar-layout":"default","site-content-layout":"","ast-site-content-layout":"","site-content-style":"default","site-sidebar-style":"default","ast-global-header-display":"","ast-banner-title-visibility":"","ast-main-header-display":"","ast-hfb-above-header-display":"","ast-hfb-below-header-display":"","ast-hfb-mobile-header-display":"","site-post-title":"","ast-breadcrumbs-content":"","ast-featured-img":"","footer-sml-layout":"","theme-transparent-header-meta":"","adv-header-id-meta":"","stick-header-meta":"","header-above-stick-meta":"","header-main-stick-meta":"","header-below-stick-meta":"","astra-migrate-meta-layouts":"default","ast-page-background-enabled":"default","ast-page-background-meta":{"desktop":{"background-color":"var(--ast-global-color-4)","background-image":"","background-repeat":"repeat","background-position":"center center","background-size":"auto","background-attachment":"scroll","background-type":"","background-media":"","overlay-type":"","overlay-color":"","overlay-gradient":""},"tablet":{"background-color":"","background-image":"","background-repeat":"repeat","background-position":"center center","background-size":"auto","background-attachment":"scroll","background-type":"","background-media":"","overlay-type":"","overlay-color":"","overlay-gradient":""},"mobile":{"background-color":"","background-image":"","background-repeat":"repeat","background-position":"center center","background-size":"auto","background-attachment":"scroll","background-type":"","background-media":"","overlay-type":"","overlay-color":"","overlay-gradient":""}},"ast-content-background-meta":{"desktop":{"background-color":"var(--ast-global-color-5)","background-image":"","background-repeat":"repeat","background-position":"center center","background-size":"auto","background-attachment":"scroll","background-type":"","background-media":"","overlay-type":"","overlay-color":"","overlay-gradient":""},"tablet":{"background-color":"var(--ast-global-color-5)","background-image":"","background-repeat":"repeat","background-position":"center center","background-size":"auto","background-attachment":"scroll","background-type":"","background-media":"","overlay-type":"","overlay-color":"","overlay-gradient":""},"mobile":{"background-color":"var(--ast-global-color-5)","background-image":"","background-repeat":"repeat","background-position":"center center","background-size":"auto","background-attachment":"scroll","background-type":"","background-media":"","overlay-type":"","overlay-color":"","overlay-gradient":""}},"footnotes":""},"categories":[18759],"tags":[13704,32746,80515,29162,53134,80516],"class_list":["post-28208","post","type-post","status-publish","format-standard","hentry","category-rovira-i-virgili","tag-andreu-segura-benedicto","tag-joan-fernandez-ballart","tag-joan-guix-oliver","tag-josep-maria-comelles-esteban","tag-rosa-sunol-sala","tag-vicente-navarro-lopez"],"_links":{"self":[{"href":"https:\/\/www.deberes.net\/tesis\/wp-json\/wp\/v2\/posts\/28208","targetHints":{"allow":["GET"]}}],"collection":[{"href":"https:\/\/www.deberes.net\/tesis\/wp-json\/wp\/v2\/posts"}],"about":[{"href":"https:\/\/www.deberes.net\/tesis\/wp-json\/wp\/v2\/types\/post"}],"author":[{"embeddable":true,"href":"https:\/\/www.deberes.net\/tesis\/wp-json\/wp\/v2\/users\/1"}],"replies":[{"embeddable":true,"href":"https:\/\/www.deberes.net\/tesis\/wp-json\/wp\/v2\/comments?post=28208"}],"version-history":[{"count":0,"href":"https:\/\/www.deberes.net\/tesis\/wp-json\/wp\/v2\/posts\/28208\/revisions"}],"wp:attachment":[{"href":"https:\/\/www.deberes.net\/tesis\/wp-json\/wp\/v2\/media?parent=28208"}],"wp:term":[{"taxonomy":"category","embeddable":true,"href":"https:\/\/www.deberes.net\/tesis\/wp-json\/wp\/v2\/categories?post=28208"},{"taxonomy":"post_tag","embeddable":true,"href":"https:\/\/www.deberes.net\/tesis\/wp-json\/wp\/v2\/tags?post=28208"}],"curies":[{"name":"wp","href":"https:\/\/api.w.org\/{rel}","templated":true}]}}