{"id":28220,"date":"2018-03-09T09:20:50","date_gmt":"2018-03-09T09:20:50","guid":{"rendered":"https:\/\/www.deberes.net\/tesis\/sin-categoria\/analisis-del-seguro-privado-de-enfermedad-en-espana\/"},"modified":"2018-03-09T09:20:50","modified_gmt":"2018-03-09T09:20:50","slug":"analisis-del-seguro-privado-de-enfermedad-en-espana","status":"publish","type":"post","link":"https:\/\/www.deberes.net\/tesis\/sevilla\/analisis-del-seguro-privado-de-enfermedad-en-espana\/","title":{"rendered":"An\u00e1lisis del seguro privado de enfermedad en espa\u00f1a"},"content":{"rendered":"<h2>Tesis doctoral de <strong> Jos\u00e9 Antonio Ordaz Sanz <\/strong><\/h2>\n<p>El mercado de seguro privado de enfermedad constituye hoy d\u00eda en nuestro pa\u00eds uno de los principales motores de todo el conjunto de la actividad aseguradora. El auge que ha cobrado en los \u00faltimos a\u00f1os lo hace ciertamente atractivo. Su desarrollo no s\u00f3lo debe contemplarse dentro del marco del sector del seguro, sino tambi\u00e9n en referencia a la estrecha relaci\u00f3n que guarda con la situaci\u00f3n y evoluci\u00f3n del sistema sanitario p\u00fablico, lo que conlleva importante repercursiones de tipo econ\u00f3mico, social y p\u00fablico. el inter\u00e9s que suscita este mercado constituye, pues, la motivaci\u00f3n fundamental de este trabajo.  de acuerdo con ello, el objetivo primordial de la presente investigaci\u00f3n es conocer los factores y caracter\u00edsticas m\u00e1s relevantes que definen el mercado de seguro privado de enfermedad en espa\u00f1a, tanto por el lado de la oferta, como en especial por el lado de la demanda. Para ello nos servimos del an\u00e1lisis por el lado de la demanda. Para ello nos servimos del an\u00e1lisis descriptivo, as\u00ed como de las herramientas econom\u00e9tricas m\u00e1s adecuadas.  en al consecuci\u00f3n de este objetivo final, asimismo, consulta necesario conocer previamente el contacto en que se enmarca este mercado.<\/p>\n<p>&nbsp;<\/p>\n<h3>Datos acad\u00e9micos de la tesis doctoral \u00ab<strong>An\u00e1lisis del seguro privado de enfermedad en espa\u00f1a<\/strong>\u00ab<\/h3>\n<ul>\n<li><strong>T\u00edtulo de la tesis:<\/strong>\u00a0 An\u00e1lisis del seguro privado de enfermedad en espa\u00f1a <\/li>\n<li><strong>Autor:<\/strong>\u00a0 Jos\u00e9 Antonio Ordaz Sanz <\/li>\n<li><strong>Universidad:<\/strong>\u00a0 Sevilla<\/li>\n<li><strong>Fecha de lectura de la tesis:<\/strong>\u00a0 19\/01\/2004<\/li>\n<\/ul>\n<p>&nbsp;<\/p>\n<h3>Direcci\u00f3n y tribunal<\/h3>\n<ul>\n<li><strong>Director de la tesis<\/strong>\n<ul>\n<li>Flor Mar\u00eda Guerrero Casas<\/li>\n<\/ul>\n<\/li>\n<li><strong>Tribunal<\/strong>\n<ul>\n<li>Presidente del tribunal: guillermina Mart\u00edn reyes <\/li>\n<li> Rodr\u00edguez mart\u00ednez Mar\u00eda soledad (vocal)<\/li>\n<li> V\u00e1zquez cueto Mar\u00eda Jos\u00e9 (vocal)<\/li>\n<li> M\u00e1rmol conde amparo Mar\u00eda (vocal)<\/li>\n<\/ul>\n<\/li>\n<\/ul>\n<p>&nbsp;<\/p>\n","protected":false},"excerpt":{"rendered":"<p>Tesis doctoral de Jos\u00e9 Antonio Ordaz Sanz El mercado de seguro privado de enfermedad constituye hoy d\u00eda en nuestro pa\u00eds [&hellip;]<\/p>\n","protected":false},"author":1,"featured_media":0,"comment_status":"open","ping_status":"open","sticky":false,"template":"","format":"standard","meta":{"site-sidebar-layout":"default","site-content-layout":"","ast-site-content-layout":"","site-content-style":"default","site-sidebar-style":"default","ast-global-header-display":"","ast-banner-title-visibility":"","ast-main-header-display":"","ast-hfb-above-header-display":"","ast-hfb-below-header-display":"","ast-hfb-mobile-header-display":"","site-post-title":"","ast-breadcrumbs-content":"","ast-featured-img":"","footer-sml-layout":"","theme-transparent-header-meta":"","adv-header-id-meta":"","stick-header-meta":"","header-above-stick-meta":"","header-main-stick-meta":"","header-below-stick-meta":"","astra-migrate-meta-layouts":"default","ast-page-background-enabled":"default","ast-page-background-meta":{"desktop":{"background-color":"var(--ast-global-color-4)","background-image":"","background-repeat":"repeat","background-position":"center center","background-size":"auto","background-attachment":"scroll","background-type":"","background-media":"","overlay-type":"","overlay-color":"","overlay-gradient":""},"tablet":{"background-color":"","background-image":"","background-repeat":"repeat","background-position":"center center","background-size":"auto","background-attachment":"scroll","background-type":"","background-media":"","overlay-type":"","overlay-color":"","overlay-gradient":""},"mobile":{"background-color":"","background-image":"","background-repeat":"repeat","background-position":"center center","background-size":"auto","background-attachment":"scroll","background-type":"","background-media":"","overlay-type":"","overlay-color":"","overlay-gradient":""}},"ast-content-background-meta":{"desktop":{"background-color":"var(--ast-global-color-5)","background-image":"","background-repeat":"repeat","background-position":"center center","background-size":"auto","background-attachment":"scroll","background-type":"","background-media":"","overlay-type":"","overlay-color":"","overlay-gradient":""},"tablet":{"background-color":"var(--ast-global-color-5)","background-image":"","background-repeat":"repeat","background-position":"center center","background-size":"auto","background-attachment":"scroll","background-type":"","background-media":"","overlay-type":"","overlay-color":"","overlay-gradient":""},"mobile":{"background-color":"var(--ast-global-color-5)","background-image":"","background-repeat":"repeat","background-position":"center center","background-size":"auto","background-attachment":"scroll","background-type":"","background-media":"","overlay-type":"","overlay-color":"","overlay-gradient":""}},"footnotes":""},"categories":[10715],"tags":[24914,12866,80540,80542,80541,51423],"class_list":["post-28220","post","type-post","status-publish","format-standard","hentry","category-sevilla","tag-flor-maria-guerrero-casas","tag-guillermina-martin-reyes","tag-jose-antonio-ordaz-sanz","tag-marmol-conde-amparo-maria","tag-rodriguez-Martinez-maria-soledad","tag-vazquez-cueto-maria-jose"],"_links":{"self":[{"href":"https:\/\/www.deberes.net\/tesis\/wp-json\/wp\/v2\/posts\/28220","targetHints":{"allow":["GET"]}}],"collection":[{"href":"https:\/\/www.deberes.net\/tesis\/wp-json\/wp\/v2\/posts"}],"about":[{"href":"https:\/\/www.deberes.net\/tesis\/wp-json\/wp\/v2\/types\/post"}],"author":[{"embeddable":true,"href":"https:\/\/www.deberes.net\/tesis\/wp-json\/wp\/v2\/users\/1"}],"replies":[{"embeddable":true,"href":"https:\/\/www.deberes.net\/tesis\/wp-json\/wp\/v2\/comments?post=28220"}],"version-history":[{"count":0,"href":"https:\/\/www.deberes.net\/tesis\/wp-json\/wp\/v2\/posts\/28220\/revisions"}],"wp:attachment":[{"href":"https:\/\/www.deberes.net\/tesis\/wp-json\/wp\/v2\/media?parent=28220"}],"wp:term":[{"taxonomy":"category","embeddable":true,"href":"https:\/\/www.deberes.net\/tesis\/wp-json\/wp\/v2\/categories?post=28220"},{"taxonomy":"post_tag","embeddable":true,"href":"https:\/\/www.deberes.net\/tesis\/wp-json\/wp\/v2\/tags?post=28220"}],"curies":[{"name":"wp","href":"https:\/\/api.w.org\/{rel}","templated":true}]}}