{"id":28232,"date":"2018-03-09T09:20:51","date_gmt":"2018-03-09T09:20:51","guid":{"rendered":"https:\/\/www.deberes.net\/tesis\/sin-categoria\/valoracion-del-diagnostico-de-las-bacteriemias-asociadas-a-cateter-por-staphylococcus-coagulasa-negativa-a-la-luz-de-la-biologa%c2%ada-molecular\/"},"modified":"2018-03-09T09:20:51","modified_gmt":"2018-03-09T09:20:51","slug":"valoracion-del-diagnostico-de-las-bacteriemias-asociadas-a-cateter-por-staphylococcus-coagulasa-negativa-a-la-luz-de-la-biologa%c2%ada-molecular","status":"publish","type":"post","link":"https:\/\/www.deberes.net\/tesis\/sin-categoria\/valoracion-del-diagnostico-de-las-bacteriemias-asociadas-a-cateter-por-staphylococcus-coagulasa-negativa-a-la-luz-de-la-biologa%c2%ada-molecular\/","title":{"rendered":"Valoraci\u00f3n del diagn\u00f3stico de las bacteriemias asociadas a cat\u00e9ter por staphylococcus coagulasa negativa a la luz de la biolog\u00eda molecular"},"content":{"rendered":"<h2>Tesis doctoral de <strong> Carmen Aldea Mansilla <\/strong><\/h2>\n<p>El diagn\u00f3stico de las bacteriemias asociadas a cat\u00e9ter (bac) por staphylococcus coagulasa negativa (scn) se basa en el aislamiento del mismo microorganismo, especie y antibiograma. En los aislados de sangre y  punta de cat\u00e9ter. se pretende estudiar la realidad molecular de las bac por snc. Considerado como m\u00e9todo de referencia. Adem\u00e1s, dicho estudio se realiz\u00f3 con el aislamiento de todos los morfotipos posibles de los cultivos. En base a esto se definieron bac o no bac de 61 episodios.  compar\u00e1ndo los resultados con los obtenidos en los m\u00e9todos de rutina, basados en la identificaci\u00f3n fenot\u00edpica (especie, biotipo y antibiotipo) de un \u00fanico morfotipo de los aislados de sangre y punta de cat\u00e9ter, por \u00faltimo, se compararon los resultados con un m\u00e9todo de rutina optimizado, basado en la identificaci\u00f3n fenot\u00edpica de todos los morfotipos aislados en los cultivos.<\/p>\n<p>&nbsp;<\/p>\n<h3>Datos acad\u00e9micos de la tesis doctoral \u00ab<strong>Valoraci\u00f3n del diagn\u00f3stico de las bacteriemias asociadas a cat\u00e9ter por staphylococcus coagulasa negativa a la luz de la biolog\u00eda molecular<\/strong>\u00ab<\/h3>\n<ul>\n<li><strong>T\u00edtulo de la tesis:<\/strong>\u00a0 Valoraci\u00f3n del diagn\u00f3stico de las bacteriemias asociadas a cat\u00e9ter por staphylococcus coagulasa negativa a la luz de la biolog\u00eda molecular <\/li>\n<li><strong>Autor:<\/strong>\u00a0 Carmen Aldea Mansilla <\/li>\n<li><strong>Universidad:<\/strong>\u00a0 Complutense de Madrid<\/li>\n<li><strong>Fecha de lectura de la tesis:<\/strong>\u00a0 20\/01\/2004<\/li>\n<\/ul>\n<p>&nbsp;<\/p>\n<h3>Direcci\u00f3n y tribunal<\/h3>\n<ul>\n<li><strong>Director de la tesis<\/strong>\n<ul>\n<li>Emilio Bouza Santiago<\/li>\n<\/ul>\n<\/li>\n<li><strong>Tribunal<\/strong>\n<ul>\n<li>Presidente del tribunal: jose Prieto prieto <\/li>\n<li>dar\u00edo Garc\u00eda de viedma (vocal)<\/li>\n<li>josefina Li\u00f1ares louzao (vocal)<\/li>\n<li>Jes\u00fas Fort\u00fan abete (vocal)<\/li>\n<\/ul>\n<\/li>\n<\/ul>\n<p>&nbsp;<\/p>\n","protected":false},"excerpt":{"rendered":"<p>Tesis doctoral de Carmen Aldea Mansilla El diagn\u00f3stico de las bacteriemias asociadas a cat\u00e9ter (bac) por staphylococcus coagulasa negativa (scn) [&hellip;]<\/p>\n","protected":false},"author":1,"featured_media":0,"comment_status":"open","ping_status":"open","sticky":false,"template":"","format":"standard","meta":{"site-sidebar-layout":"default","site-content-layout":"","ast-site-content-layout":"","site-content-style":"default","site-sidebar-style":"default","ast-global-header-display":"","ast-banner-title-visibility":"","ast-main-header-display":"","ast-hfb-above-header-display":"","ast-hfb-below-header-display":"","ast-hfb-mobile-header-display":"","site-post-title":"","ast-breadcrumbs-content":"","ast-featured-img":"","footer-sml-layout":"","theme-transparent-header-meta":"","adv-header-id-meta":"","stick-header-meta":"","header-above-stick-meta":"","header-main-stick-meta":"","header-below-stick-meta":"","astra-migrate-meta-layouts":"default","ast-page-background-enabled":"default","ast-page-background-meta":{"desktop":{"background-color":"var(--ast-global-color-4)","background-image":"","background-repeat":"repeat","background-position":"center center","background-size":"auto","background-attachment":"scroll","background-type":"","background-media":"","overlay-type":"","overlay-color":"","overlay-gradient":""},"tablet":{"background-color":"","background-image":"","background-repeat":"repeat","background-position":"center center","background-size":"auto","background-attachment":"scroll","background-type":"","background-media":"","overlay-type":"","overlay-color":"","overlay-gradient":""},"mobile":{"background-color":"","background-image":"","background-repeat":"repeat","background-position":"center center","background-size":"auto","background-attachment":"scroll","background-type":"","background-media":"","overlay-type":"","overlay-color":"","overlay-gradient":""}},"ast-content-background-meta":{"desktop":{"background-color":"var(--ast-global-color-5)","background-image":"","background-repeat":"repeat","background-position":"center center","background-size":"auto","background-attachment":"scroll","background-type":"","background-media":"","overlay-type":"","overlay-color":"","overlay-gradient":""},"tablet":{"background-color":"var(--ast-global-color-5)","background-image":"","background-repeat":"repeat","background-position":"center center","background-size":"auto","background-attachment":"scroll","background-type":"","background-media":"","overlay-type":"","overlay-color":"","overlay-gradient":""},"mobile":{"background-color":"var(--ast-global-color-5)","background-image":"","background-repeat":"repeat","background-position":"center center","background-size":"auto","background-attachment":"scroll","background-type":"","background-media":"","overlay-type":"","overlay-color":"","overlay-gradient":""}},"footnotes":""},"categories":[1],"tags":[80568,31749,5227,69919,3474,9057],"class_list":["post-28232","post","type-post","status-publish","format-standard","hentry","category-sin-categoria","tag-carmen-aldea-mansilla","tag-dario-garcia-de-viedma","tag-emilio-bouza-santiago","tag-jesus-fortun-abete","tag-jose-prieto-prieto","tag-josefina-linares-louzao"],"_links":{"self":[{"href":"https:\/\/www.deberes.net\/tesis\/wp-json\/wp\/v2\/posts\/28232","targetHints":{"allow":["GET"]}}],"collection":[{"href":"https:\/\/www.deberes.net\/tesis\/wp-json\/wp\/v2\/posts"}],"about":[{"href":"https:\/\/www.deberes.net\/tesis\/wp-json\/wp\/v2\/types\/post"}],"author":[{"embeddable":true,"href":"https:\/\/www.deberes.net\/tesis\/wp-json\/wp\/v2\/users\/1"}],"replies":[{"embeddable":true,"href":"https:\/\/www.deberes.net\/tesis\/wp-json\/wp\/v2\/comments?post=28232"}],"version-history":[{"count":0,"href":"https:\/\/www.deberes.net\/tesis\/wp-json\/wp\/v2\/posts\/28232\/revisions"}],"wp:attachment":[{"href":"https:\/\/www.deberes.net\/tesis\/wp-json\/wp\/v2\/media?parent=28232"}],"wp:term":[{"taxonomy":"category","embeddable":true,"href":"https:\/\/www.deberes.net\/tesis\/wp-json\/wp\/v2\/categories?post=28232"},{"taxonomy":"post_tag","embeddable":true,"href":"https:\/\/www.deberes.net\/tesis\/wp-json\/wp\/v2\/tags?post=28232"}],"curies":[{"name":"wp","href":"https:\/\/api.w.org\/{rel}","templated":true}]}}