{"id":28262,"date":"2018-03-09T09:20:54","date_gmt":"2018-03-09T09:20:54","guid":{"rendered":"https:\/\/www.deberes.net\/tesis\/sin-categoria\/el-signo-completo-la-perfeccion-narrativa-del-arte-conceptual\/"},"modified":"2018-03-09T09:20:54","modified_gmt":"2018-03-09T09:20:54","slug":"el-signo-completo-la-perfeccion-narrativa-del-arte-conceptual","status":"publish","type":"post","link":"https:\/\/www.deberes.net\/tesis\/castilla-la-mancha\/el-signo-completo-la-perfeccion-narrativa-del-arte-conceptual\/","title":{"rendered":"El signo completo. la perfecci\u00f3n narrativa del arte conceptual"},"content":{"rendered":"<h2>Tesis doctoral de <strong> David Garcia Casado <\/strong><\/h2>\n<p>Localizaci\u00f3n de elementos b\u00e1sicos de articulaci\u00f3n del discurso art\u00edstico, atendiendo al instante de su producci\u00f3n; las razones (los mecanismos) que impelen al sujeto a construir un artefacto con capacidad de transformaci\u00f3n est\u00e9tica y las implicaciones pol\u00edticas que llevan al sujeto a formalizar la idea para \u00e9sta sea experimentada por otros sujetos de conocimiento.<\/p>\n<p>&nbsp;<\/p>\n<h3>Datos acad\u00e9micos de la tesis doctoral \u00ab<strong>El signo completo. la perfecci\u00f3n narrativa del arte conceptual<\/strong>\u00ab<\/h3>\n<ul>\n<li><strong>T\u00edtulo de la tesis:<\/strong>\u00a0 El signo completo. la perfecci\u00f3n narrativa del arte conceptual <\/li>\n<li><strong>Autor:<\/strong>\u00a0 David Garcia Casado <\/li>\n<li><strong>Universidad:<\/strong>\u00a0 Castilla-la mancha<\/li>\n<li><strong>Fecha de lectura de la tesis:<\/strong>\u00a0 21\/01\/2004<\/li>\n<\/ul>\n<p>&nbsp;<\/p>\n<h3>Direcci\u00f3n y tribunal<\/h3>\n<ul>\n<li><strong>Director de la tesis<\/strong>\n<ul>\n<li>Armando Montesinos Blanco<\/li>\n<\/ul>\n<\/li>\n<li><strong>Tribunal<\/strong>\n<ul>\n<li>Presidente del tribunal: Jos\u00e9 Mar\u00eda Lillo perez <\/li>\n<li>Jos\u00e9 Luis Brea cobo (vocal)<\/li>\n<li>Ana Navarrete tudela (vocal)<\/li>\n<li>Fernando Gil sinaga (vocal)<\/li>\n<\/ul>\n<\/li>\n<\/ul>\n<p>&nbsp;<\/p>\n","protected":false},"excerpt":{"rendered":"<p>Tesis doctoral de David Garcia Casado Localizaci\u00f3n de elementos b\u00e1sicos de articulaci\u00f3n del discurso art\u00edstico, atendiendo al instante de su [&hellip;]<\/p>\n","protected":false},"author":1,"featured_media":0,"comment_status":"open","ping_status":"open","sticky":false,"template":"","format":"standard","meta":{"site-sidebar-layout":"default","site-content-layout":"","ast-site-content-layout":"","site-content-style":"default","site-sidebar-style":"default","ast-global-header-display":"","ast-banner-title-visibility":"","ast-main-header-display":"","ast-hfb-above-header-display":"","ast-hfb-below-header-display":"","ast-hfb-mobile-header-display":"","site-post-title":"","ast-breadcrumbs-content":"","ast-featured-img":"","footer-sml-layout":"","theme-transparent-header-meta":"","adv-header-id-meta":"","stick-header-meta":"","header-above-stick-meta":"","header-main-stick-meta":"","header-below-stick-meta":"","astra-migrate-meta-layouts":"default","ast-page-background-enabled":"default","ast-page-background-meta":{"desktop":{"background-color":"var(--ast-global-color-4)","background-image":"","background-repeat":"repeat","background-position":"center center","background-size":"auto","background-attachment":"scroll","background-type":"","background-media":"","overlay-type":"","overlay-color":"","overlay-gradient":""},"tablet":{"background-color":"","background-image":"","background-repeat":"repeat","background-position":"center center","background-size":"auto","background-attachment":"scroll","background-type":"","background-media":"","overlay-type":"","overlay-color":"","overlay-gradient":""},"mobile":{"background-color":"","background-image":"","background-repeat":"repeat","background-position":"center center","background-size":"auto","background-attachment":"scroll","background-type":"","background-media":"","overlay-type":"","overlay-color":"","overlay-gradient":""}},"ast-content-background-meta":{"desktop":{"background-color":"var(--ast-global-color-5)","background-image":"","background-repeat":"repeat","background-position":"center center","background-size":"auto","background-attachment":"scroll","background-type":"","background-media":"","overlay-type":"","overlay-color":"","overlay-gradient":""},"tablet":{"background-color":"var(--ast-global-color-5)","background-image":"","background-repeat":"repeat","background-position":"center center","background-size":"auto","background-attachment":"scroll","background-type":"","background-media":"","overlay-type":"","overlay-color":"","overlay-gradient":""},"mobile":{"background-color":"var(--ast-global-color-5)","background-image":"","background-repeat":"repeat","background-position":"center center","background-size":"auto","background-attachment":"scroll","background-type":"","background-media":"","overlay-type":"","overlay-color":"","overlay-gradient":""}},"footnotes":""},"categories":[18451],"tags":[44577,80587,80629,9438,13423,9440],"class_list":["post-28262","post","type-post","status-publish","format-standard","hentry","category-castilla-la-mancha","tag-ana-navarrete-tudela","tag-armando-montesinos-blanco","tag-david-garcia-casado","tag-fernando-gil-sinaga","tag-jose-luis-brea-cobo","tag-jose-maria-lillo-perez"],"_links":{"self":[{"href":"https:\/\/www.deberes.net\/tesis\/wp-json\/wp\/v2\/posts\/28262","targetHints":{"allow":["GET"]}}],"collection":[{"href":"https:\/\/www.deberes.net\/tesis\/wp-json\/wp\/v2\/posts"}],"about":[{"href":"https:\/\/www.deberes.net\/tesis\/wp-json\/wp\/v2\/types\/post"}],"author":[{"embeddable":true,"href":"https:\/\/www.deberes.net\/tesis\/wp-json\/wp\/v2\/users\/1"}],"replies":[{"embeddable":true,"href":"https:\/\/www.deberes.net\/tesis\/wp-json\/wp\/v2\/comments?post=28262"}],"version-history":[{"count":0,"href":"https:\/\/www.deberes.net\/tesis\/wp-json\/wp\/v2\/posts\/28262\/revisions"}],"wp:attachment":[{"href":"https:\/\/www.deberes.net\/tesis\/wp-json\/wp\/v2\/media?parent=28262"}],"wp:term":[{"taxonomy":"category","embeddable":true,"href":"https:\/\/www.deberes.net\/tesis\/wp-json\/wp\/v2\/categories?post=28262"},{"taxonomy":"post_tag","embeddable":true,"href":"https:\/\/www.deberes.net\/tesis\/wp-json\/wp\/v2\/tags?post=28262"}],"curies":[{"name":"wp","href":"https:\/\/api.w.org\/{rel}","templated":true}]}}