{"id":28277,"date":"2018-03-09T09:20:55","date_gmt":"2018-03-09T09:20:55","guid":{"rendered":"https:\/\/www.deberes.net\/tesis\/sin-categoria\/dinamica-urbana-de-la-ciencia-lisboa-y-madrid-1851-1900\/"},"modified":"2018-03-09T09:20:55","modified_gmt":"2018-03-09T09:20:55","slug":"dinamica-urbana-de-la-ciencia-lisboa-y-madrid-1851-1900","status":"publish","type":"post","link":"https:\/\/www.deberes.net\/tesis\/sin-categoria\/dinamica-urbana-de-la-ciencia-lisboa-y-madrid-1851-1900\/","title":{"rendered":"Din\u00e1mica urbana de la ciencia. lisboa y Madrid (1851-1900)"},"content":{"rendered":"<h2>Tesis doctoral de <strong> Tiago Figueiredo Saraiva <\/strong><\/h2>\n<p>En la tesis se hace un estudio comparado de la relaciones entre \u00abciencia y ciudad\u00bb en el caso de las ciudades de Madrid y de lisboa. Se da cuenta tanto de la gran cantidad de ciencia involucrada en la expansi\u00f3n de ambas capitales, como de papel vertebrador de la urbe en las iniciativas cient\u00edficas. se describen los caminos de la organizaci\u00f3n de la ciencia desde los temas del imperio, t\u00edpicos del siglo xviii, hasta los problemas de la urbe en el xix. Se defiende que es un cambio que no s\u00f3lo relacionado con las instituciones, sino con transformaciones en los mismos actores de los procesos. De todas ellas destaca la emergencia de los m\u00e9dicos higienistas y de los ingenieros. los higienistas fueron los primeros en convertir la ciudad en objeto cient\u00edfico, pero los ingenieros, sobre todo los ingenieros de caminos, se convirtieron en los promotores del cambio de la faz de la ciudad con sus grandes proyectos: ferrocarriles, puertos, canales, ensanches, etc. En la tesis se describen con mucho detalle cada uno de dicho proyecto trat\u00e1ndolos en conjunto como una aut\u00e9ntica \u00abbig science\u00bb que involucr\u00f3 no s\u00f3lo una gran cantidad de recursos materiales, sino tambi\u00e9n multitud de participantes, entre ingenieros, pol\u00edticos, periodistas y p\u00fablicos.<\/p>\n<p>&nbsp;<\/p>\n<h3>Datos acad\u00e9micos de la tesis doctoral \u00ab<strong>Din\u00e1mica urbana de la ciencia. lisboa y Madrid (1851-1900)<\/strong>\u00ab<\/h3>\n<ul>\n<li><strong>T\u00edtulo de la tesis:<\/strong>\u00a0 Din\u00e1mica urbana de la ciencia. lisboa y Madrid (1851-1900) <\/li>\n<li><strong>Autor:<\/strong>\u00a0 Tiago Figueiredo Saraiva <\/li>\n<li><strong>Universidad:<\/strong>\u00a0 Aut\u00f3noma de Madrid<\/li>\n<li><strong>Fecha de lectura de la tesis:<\/strong>\u00a0 22\/01\/2004<\/li>\n<\/ul>\n<p>&nbsp;<\/p>\n<h3>Direcci\u00f3n y tribunal<\/h3>\n<ul>\n<li><strong>Director de la tesis<\/strong>\n<ul>\n<li>Antonio Lafuente Garcia<\/li>\n<\/ul>\n<\/li>\n<li><strong>Tribunal<\/strong>\n<ul>\n<li>Presidente del tribunal: javier Ordo\u00f1ez rodriguez <\/li>\n<li>Jos\u00e9 Manuel S\u00e1nchez ron (vocal)<\/li>\n<li>horacio Capel saez (vocal)<\/li>\n<li>paula Diogo Mar\u00eda (vocal)<\/li>\n<\/ul>\n<\/li>\n<\/ul>\n<p>&nbsp;<\/p>\n","protected":false},"excerpt":{"rendered":"<p>Tesis doctoral de Tiago Figueiredo Saraiva En la tesis se hace un estudio comparado de la relaciones entre \u00abciencia y [&hellip;]<\/p>\n","protected":false},"author":1,"featured_media":0,"comment_status":"open","ping_status":"open","sticky":false,"template":"","format":"standard","meta":{"site-sidebar-layout":"default","site-content-layout":"","ast-site-content-layout":"","site-content-style":"default","site-sidebar-style":"default","ast-global-header-display":"","ast-banner-title-visibility":"","ast-main-header-display":"","ast-hfb-above-header-display":"","ast-hfb-below-header-display":"","ast-hfb-mobile-header-display":"","site-post-title":"","ast-breadcrumbs-content":"","ast-featured-img":"","footer-sml-layout":"","theme-transparent-header-meta":"","adv-header-id-meta":"","stick-header-meta":"","header-above-stick-meta":"","header-main-stick-meta":"","header-below-stick-meta":"","astra-migrate-meta-layouts":"default","ast-page-background-enabled":"default","ast-page-background-meta":{"desktop":{"background-color":"var(--ast-global-color-4)","background-image":"","background-repeat":"repeat","background-position":"center center","background-size":"auto","background-attachment":"scroll","background-type":"","background-media":"","overlay-type":"","overlay-color":"","overlay-gradient":""},"tablet":{"background-color":"","background-image":"","background-repeat":"repeat","background-position":"center center","background-size":"auto","background-attachment":"scroll","background-type":"","background-media":"","overlay-type":"","overlay-color":"","overlay-gradient":""},"mobile":{"background-color":"","background-image":"","background-repeat":"repeat","background-position":"center center","background-size":"auto","background-attachment":"scroll","background-type":"","background-media":"","overlay-type":"","overlay-color":"","overlay-gradient":""}},"ast-content-background-meta":{"desktop":{"background-color":"var(--ast-global-color-5)","background-image":"","background-repeat":"repeat","background-position":"center center","background-size":"auto","background-attachment":"scroll","background-type":"","background-media":"","overlay-type":"","overlay-color":"","overlay-gradient":""},"tablet":{"background-color":"var(--ast-global-color-5)","background-image":"","background-repeat":"repeat","background-position":"center center","background-size":"auto","background-attachment":"scroll","background-type":"","background-media":"","overlay-type":"","overlay-color":"","overlay-gradient":""},"mobile":{"background-color":"var(--ast-global-color-5)","background-image":"","background-repeat":"repeat","background-position":"center center","background-size":"auto","background-attachment":"scroll","background-type":"","background-media":"","overlay-type":"","overlay-color":"","overlay-gradient":""}},"footnotes":""},"categories":[1],"tags":[7177,1404,13158,6490,80666,80665],"class_list":["post-28277","post","type-post","status-publish","format-standard","hentry","category-sin-categoria","tag-antonio-lafuente-garcia","tag-horacio-capel-saez","tag-javier-ordonez-rodriguez","tag-jose-manuel-sanchez-ron","tag-paula-diogo-maria","tag-tiago-figueiredo-saraiva"],"_links":{"self":[{"href":"https:\/\/www.deberes.net\/tesis\/wp-json\/wp\/v2\/posts\/28277","targetHints":{"allow":["GET"]}}],"collection":[{"href":"https:\/\/www.deberes.net\/tesis\/wp-json\/wp\/v2\/posts"}],"about":[{"href":"https:\/\/www.deberes.net\/tesis\/wp-json\/wp\/v2\/types\/post"}],"author":[{"embeddable":true,"href":"https:\/\/www.deberes.net\/tesis\/wp-json\/wp\/v2\/users\/1"}],"replies":[{"embeddable":true,"href":"https:\/\/www.deberes.net\/tesis\/wp-json\/wp\/v2\/comments?post=28277"}],"version-history":[{"count":0,"href":"https:\/\/www.deberes.net\/tesis\/wp-json\/wp\/v2\/posts\/28277\/revisions"}],"wp:attachment":[{"href":"https:\/\/www.deberes.net\/tesis\/wp-json\/wp\/v2\/media?parent=28277"}],"wp:term":[{"taxonomy":"category","embeddable":true,"href":"https:\/\/www.deberes.net\/tesis\/wp-json\/wp\/v2\/categories?post=28277"},{"taxonomy":"post_tag","embeddable":true,"href":"https:\/\/www.deberes.net\/tesis\/wp-json\/wp\/v2\/tags?post=28277"}],"curies":[{"name":"wp","href":"https:\/\/api.w.org\/{rel}","templated":true}]}}