{"id":28300,"date":"2018-03-09T09:20:57","date_gmt":"2018-03-09T09:20:57","guid":{"rendered":"https:\/\/www.deberes.net\/tesis\/sin-categoria\/los-llamados-verbos-inseparables-de-la-semantica-a-la-sintaxis\/"},"modified":"2018-03-09T09:20:57","modified_gmt":"2018-03-09T09:20:57","slug":"los-llamados-verbos-inseparables-de-la-semantica-a-la-sintaxis","status":"publish","type":"post","link":"https:\/\/www.deberes.net\/tesis\/sin-categoria\/los-llamados-verbos-inseparables-de-la-semantica-a-la-sintaxis\/","title":{"rendered":"Los llamados \u00abverbos inseparables\u00bb. de la sem\u00e1ntica a la sintaxis"},"content":{"rendered":"<h2>Tesis doctoral de <strong> Javier D\u00edaz Alonso <\/strong><\/h2>\n<p>Los verbos inseparables alemanes han sido investigados desde multiples puntos de vista y perspectivas. Esta tesis propone un estuido en el que se ponga de manifiesto la estrecha relaci\u00f3n entre el valor sem\u00e1ntico de determinados prefijos inseparables &#8211; en concreto be-, er- y ver- &#8211; y la estructura sint\u00e1ctica de la frase donde estos prefijos aparecen combinados con las diferentes bases  verbales.  de este modo, la investigaci\u00f3n del significado de estos prefijos conduce a la fundamentac\u00f3n sem\u00e1ntica de fen\u00f3menos como la transitivizaci\u00f3n o el cambio de Valencia.  para realizar esta investigaci\u00f3n del significado ha sido necesario adentrarse en \u00e1mbitos morfosem\u00e1nticos como son: la lexicalizaci\u00f3n de los prefijos, la separabilidad o inseparabilidad de estas part\u00edculas, etc.  las conclusiones obtenidas pueden ser aplicadas a la did\u00e1ctica del d.A.F.<\/p>\n<p>&nbsp;<\/p>\n<h3>Datos acad\u00e9micos de la tesis doctoral \u00ab<strong>Los llamados \u00abverbos inseparables\u00bb. de la sem\u00e1ntica a la sintaxis<\/strong>\u00ab<\/h3>\n<ul>\n<li><strong>T\u00edtulo de la tesis:<\/strong>\u00a0 Los llamados \u00abverbos inseparables\u00bb. de la sem\u00e1ntica a la sintaxis <\/li>\n<li><strong>Autor:<\/strong>\u00a0 Javier D\u00edaz Alonso <\/li>\n<li><strong>Universidad:<\/strong>\u00a0 Complutense de Madrid<\/li>\n<li><strong>Fecha de lectura de la tesis:<\/strong>\u00a0 23\/01\/2004<\/li>\n<\/ul>\n<p>&nbsp;<\/p>\n<h3>Direcci\u00f3n y tribunal<\/h3>\n<ul>\n<li><strong>Director de la tesis<\/strong>\n<ul>\n<li>Eustaquio Barjau Riu<\/li>\n<\/ul>\n<\/li>\n<li><strong>Tribunal<\/strong>\n<ul>\n<li>Presidente del tribunal: m  i.teresa Zurdo ruiz-ayucar <\/li>\n<li>jan\u00e9 Marta Fern\u00e1ndez villanueva (vocal)<\/li>\n<li>andreu Castell  vicente (vocal)<\/li>\n<li>Rafael L\u00f3pez-campos bodineau (vocal)<\/li>\n<\/ul>\n<\/li>\n<\/ul>\n<p>&nbsp;<\/p>\n","protected":false},"excerpt":{"rendered":"<p>Tesis doctoral de Javier D\u00edaz Alonso Los verbos inseparables alemanes han sido investigados desde multiples puntos de vista y perspectivas. [&hellip;]<\/p>\n","protected":false},"author":1,"featured_media":0,"comment_status":"open","ping_status":"open","sticky":false,"template":"","format":"standard","meta":{"site-sidebar-layout":"default","site-content-layout":"","ast-site-content-layout":"","site-content-style":"default","site-sidebar-style":"default","ast-global-header-display":"","ast-banner-title-visibility":"","ast-main-header-display":"","ast-hfb-above-header-display":"","ast-hfb-below-header-display":"","ast-hfb-mobile-header-display":"","site-post-title":"","ast-breadcrumbs-content":"","ast-featured-img":"","footer-sml-layout":"","theme-transparent-header-meta":"","adv-header-id-meta":"","stick-header-meta":"","header-above-stick-meta":"","header-main-stick-meta":"","header-below-stick-meta":"","astra-migrate-meta-layouts":"default","ast-page-background-enabled":"default","ast-page-background-meta":{"desktop":{"background-color":"var(--ast-global-color-4)","background-image":"","background-repeat":"repeat","background-position":"center center","background-size":"auto","background-attachment":"scroll","background-type":"","background-media":"","overlay-type":"","overlay-color":"","overlay-gradient":""},"tablet":{"background-color":"","background-image":"","background-repeat":"repeat","background-position":"center center","background-size":"auto","background-attachment":"scroll","background-type":"","background-media":"","overlay-type":"","overlay-color":"","overlay-gradient":""},"mobile":{"background-color":"","background-image":"","background-repeat":"repeat","background-position":"center center","background-size":"auto","background-attachment":"scroll","background-type":"","background-media":"","overlay-type":"","overlay-color":"","overlay-gradient":""}},"ast-content-background-meta":{"desktop":{"background-color":"var(--ast-global-color-5)","background-image":"","background-repeat":"repeat","background-position":"center center","background-size":"auto","background-attachment":"scroll","background-type":"","background-media":"","overlay-type":"","overlay-color":"","overlay-gradient":""},"tablet":{"background-color":"var(--ast-global-color-5)","background-image":"","background-repeat":"repeat","background-position":"center center","background-size":"auto","background-attachment":"scroll","background-type":"","background-media":"","overlay-type":"","overlay-color":"","overlay-gradient":""},"mobile":{"background-color":"var(--ast-global-color-5)","background-image":"","background-repeat":"repeat","background-position":"center center","background-size":"auto","background-attachment":"scroll","background-type":"","background-media":"","overlay-type":"","overlay-color":"","overlay-gradient":""}},"footnotes":""},"categories":[1],"tags":[33820,20387,33816,80715,33818,44500],"class_list":["post-28300","post","type-post","status-publish","format-standard","hentry","category-sin-categoria","tag-andreu-castell-vicente","tag-eustaquio-barjau-riu","tag-jane-marta-fernandez-villanueva","tag-javier-diaz-alonso","tag-m-i-teresa-zurdo-ruiz-ayucar","tag-rafael-lopez-campos-bodineau"],"_links":{"self":[{"href":"https:\/\/www.deberes.net\/tesis\/wp-json\/wp\/v2\/posts\/28300","targetHints":{"allow":["GET"]}}],"collection":[{"href":"https:\/\/www.deberes.net\/tesis\/wp-json\/wp\/v2\/posts"}],"about":[{"href":"https:\/\/www.deberes.net\/tesis\/wp-json\/wp\/v2\/types\/post"}],"author":[{"embeddable":true,"href":"https:\/\/www.deberes.net\/tesis\/wp-json\/wp\/v2\/users\/1"}],"replies":[{"embeddable":true,"href":"https:\/\/www.deberes.net\/tesis\/wp-json\/wp\/v2\/comments?post=28300"}],"version-history":[{"count":0,"href":"https:\/\/www.deberes.net\/tesis\/wp-json\/wp\/v2\/posts\/28300\/revisions"}],"wp:attachment":[{"href":"https:\/\/www.deberes.net\/tesis\/wp-json\/wp\/v2\/media?parent=28300"}],"wp:term":[{"taxonomy":"category","embeddable":true,"href":"https:\/\/www.deberes.net\/tesis\/wp-json\/wp\/v2\/categories?post=28300"},{"taxonomy":"post_tag","embeddable":true,"href":"https:\/\/www.deberes.net\/tesis\/wp-json\/wp\/v2\/tags?post=28300"}],"curies":[{"name":"wp","href":"https:\/\/api.w.org\/{rel}","templated":true}]}}