{"id":28310,"date":"2018-03-09T09:20:58","date_gmt":"2018-03-09T09:20:58","guid":{"rendered":"https:\/\/www.deberes.net\/tesis\/sin-categoria\/evaluacion-formativa-de-un-centro-de-reeducacion\/"},"modified":"2018-03-09T09:20:58","modified_gmt":"2018-03-09T09:20:58","slug":"evaluacion-formativa-de-un-centro-de-reeducacion","status":"publish","type":"post","link":"https:\/\/www.deberes.net\/tesis\/sin-categoria\/evaluacion-formativa-de-un-centro-de-reeducacion\/","title":{"rendered":"Evaluaci\u00f3n formativa de un centro de reeducaci\u00f3n"},"content":{"rendered":"<h2>Tesis doctoral de <strong>  Portet Tiebas Jaume J. <\/strong><\/h2>\n<p>El internamiento de un\/a adolescente en un centro de reeducaci\u00f3n y el trato que reciba en el mismo depende de la representaci\u00f3n social que se tenga sobre:  1,- la infancia y \u00abmenor\u00bb (como identidad jur\u00eddico-social).  2,- la historia institucional de trato de la marginaci\u00f3n.  3,- las atribuciones con que se explica la conducta desviada.  4,- las respuestas penales que se le aplicaban.  5,- del marco jur\u00eddico que regula el procedimiento.  en una segunda parte se hace un repaso a las teor\u00edas de la evaluaci\u00f3n y la organizaci\u00f3n, a las aportaciones de algunos an\u00e1lisis de internados infantiles y penales realizados en espa\u00f1a y a lo que dice la literatura sobre:  a,- los agentes de estos centros (direcci\u00f3n, educadores, internos).  b,- las instituciones de internamiento.  c,- la metodolog\u00eda de intervenci\u00f3n socio-educativa.  luego, pasando de la concepci\u00f3n de la concreci\u00f3n, se describe un centro en sus aspectos f\u00edsicos, hist\u00f3ricos, personales, organizativos, metodol\u00f3gicos y vivenciales. Se contrasta la legislaci\u00f3n con su pr\u00e1ctica y se plantea esta instituci\u00f3n como constructora de identidades (goffman), para terminar con unas conclusiones en las que se recogen ense\u00f1anzas de este an\u00e1lisis.  algunas conclusiones son: los centros de reeducaci\u00f3n responden a una l\u00f3gica jur\u00eddico-administrativa y no educativa. No parece compatible una relaci\u00f3n vital (del interno) con una laboral (del educador). El r\u00e9gimen es el marco necesario para aplicar un programa socio-educativo pero no lo sustituye. este programa debe contar con t\u00e9cnicas socio-cognitivas y de habilidades sociales, aceptadas por el interno, con una intervenci\u00f3n en medio abierto y la implicaci\u00f3n comunitaria. No basta eliminar los factores que llevaron a conductas desviadas, ni corregir \u00e9stas, hay que ense\u00f1ar formas diferentes de ser y comportarse. La identidad social que crea la instituci\u00f3n es fundamental. a\u00fan nos falta saber mucho sobre reinserci\u00f3n: la eva<\/p>\n<p>&nbsp;<\/p>\n<h3>Datos acad\u00e9micos de la tesis doctoral \u00ab<strong>Evaluaci\u00f3n formativa de un centro de reeducaci\u00f3n<\/strong>\u00ab<\/h3>\n<ul>\n<li><strong>T\u00edtulo de la tesis:<\/strong>\u00a0 Evaluaci\u00f3n formativa de un centro de reeducaci\u00f3n <\/li>\n<li><strong>Autor:<\/strong>\u00a0  Portet Tiebas Jaume J. <\/li>\n<li><strong>Universidad:<\/strong>\u00a0 Universitat de val\u00e9ncia (estudi general)<\/li>\n<li><strong>Fecha de lectura de la tesis:<\/strong>\u00a0 23\/01\/2004<\/li>\n<\/ul>\n<p>&nbsp;<\/p>\n<h3>Direcci\u00f3n y tribunal<\/h3>\n<ul>\n<li><strong>Director de la tesis<\/strong>\n<ul>\n<li>Gonzalo Anaya Santos<\/li>\n<\/ul>\n<\/li>\n<li><strong>Tribunal<\/strong>\n<ul>\n<li>Presidente del tribunal: ernest Garc\u00eda Garc\u00eda <\/li>\n<li>Francisco Fernandez palomares (vocal)<\/li>\n<li>raimundo Drudis baldrich (vocal)<\/li>\n<li>amparo Martinez sanchez (vocal)<\/li>\n<\/ul>\n<\/li>\n<\/ul>\n<p>&nbsp;<\/p>\n","protected":false},"excerpt":{"rendered":"<p>Tesis doctoral de Portet Tiebas Jaume J. El internamiento de un\/a adolescente en un centro de reeducaci\u00f3n y el trato [&hellip;]<\/p>\n","protected":false},"author":1,"featured_media":0,"comment_status":"open","ping_status":"open","sticky":false,"template":"","format":"standard","meta":{"site-sidebar-layout":"default","site-content-layout":"","ast-site-content-layout":"","site-content-style":"default","site-sidebar-style":"default","ast-global-header-display":"","ast-banner-title-visibility":"","ast-main-header-display":"","ast-hfb-above-header-display":"","ast-hfb-below-header-display":"","ast-hfb-mobile-header-display":"","site-post-title":"","ast-breadcrumbs-content":"","ast-featured-img":"","footer-sml-layout":"","theme-transparent-header-meta":"","adv-header-id-meta":"","stick-header-meta":"","header-above-stick-meta":"","header-main-stick-meta":"","header-below-stick-meta":"","astra-migrate-meta-layouts":"default","ast-page-background-enabled":"default","ast-page-background-meta":{"desktop":{"background-color":"var(--ast-global-color-4)","background-image":"","background-repeat":"repeat","background-position":"center center","background-size":"auto","background-attachment":"scroll","background-type":"","background-media":"","overlay-type":"","overlay-color":"","overlay-gradient":""},"tablet":{"background-color":"","background-image":"","background-repeat":"repeat","background-position":"center center","background-size":"auto","background-attachment":"scroll","background-type":"","background-media":"","overlay-type":"","overlay-color":"","overlay-gradient":""},"mobile":{"background-color":"","background-image":"","background-repeat":"repeat","background-position":"center center","background-size":"auto","background-attachment":"scroll","background-type":"","background-media":"","overlay-type":"","overlay-color":"","overlay-gradient":""}},"ast-content-background-meta":{"desktop":{"background-color":"var(--ast-global-color-5)","background-image":"","background-repeat":"repeat","background-position":"center center","background-size":"auto","background-attachment":"scroll","background-type":"","background-media":"","overlay-type":"","overlay-color":"","overlay-gradient":""},"tablet":{"background-color":"var(--ast-global-color-5)","background-image":"","background-repeat":"repeat","background-position":"center center","background-size":"auto","background-attachment":"scroll","background-type":"","background-media":"","overlay-type":"","overlay-color":"","overlay-gradient":""},"mobile":{"background-color":"var(--ast-global-color-5)","background-image":"","background-repeat":"repeat","background-position":"center center","background-size":"auto","background-attachment":"scroll","background-type":"","background-media":"","overlay-type":"","overlay-color":"","overlay-gradient":""}},"footnotes":""},"categories":[1],"tags":[11434,14190,22228,62609,80731,80732],"class_list":["post-28310","post","type-post","status-publish","format-standard","hentry","category-sin-categoria","tag-amparo-Martinez-sanchez","tag-ernest-garcia-garcia","tag-francisco-fernandez-palomares","tag-gonzalo-anaya-santos","tag-portet-tiebas-jaume-j","tag-raimundo-drudis-baldrich"],"_links":{"self":[{"href":"https:\/\/www.deberes.net\/tesis\/wp-json\/wp\/v2\/posts\/28310","targetHints":{"allow":["GET"]}}],"collection":[{"href":"https:\/\/www.deberes.net\/tesis\/wp-json\/wp\/v2\/posts"}],"about":[{"href":"https:\/\/www.deberes.net\/tesis\/wp-json\/wp\/v2\/types\/post"}],"author":[{"embeddable":true,"href":"https:\/\/www.deberes.net\/tesis\/wp-json\/wp\/v2\/users\/1"}],"replies":[{"embeddable":true,"href":"https:\/\/www.deberes.net\/tesis\/wp-json\/wp\/v2\/comments?post=28310"}],"version-history":[{"count":0,"href":"https:\/\/www.deberes.net\/tesis\/wp-json\/wp\/v2\/posts\/28310\/revisions"}],"wp:attachment":[{"href":"https:\/\/www.deberes.net\/tesis\/wp-json\/wp\/v2\/media?parent=28310"}],"wp:term":[{"taxonomy":"category","embeddable":true,"href":"https:\/\/www.deberes.net\/tesis\/wp-json\/wp\/v2\/categories?post=28310"},{"taxonomy":"post_tag","embeddable":true,"href":"https:\/\/www.deberes.net\/tesis\/wp-json\/wp\/v2\/tags?post=28310"}],"curies":[{"name":"wp","href":"https:\/\/api.w.org\/{rel}","templated":true}]}}