{"id":28334,"date":"2018-03-09T09:21:00","date_gmt":"2018-03-09T09:21:00","guid":{"rendered":"https:\/\/www.deberes.net\/tesis\/sin-categoria\/estudio-de-factores-epidemiologicos-y-geneticos-en-la-migrana\/"},"modified":"2018-03-09T09:21:00","modified_gmt":"2018-03-09T09:21:00","slug":"estudio-de-factores-epidemiologicos-y-geneticos-en-la-migrana","status":"publish","type":"post","link":"https:\/\/www.deberes.net\/tesis\/salamanca\/estudio-de-factores-epidemiologicos-y-geneticos-en-la-migrana\/","title":{"rendered":"Estudio de factores epidemiol\u00f3gicos y gen\u00e9ticos en la migra\u00f1a"},"content":{"rendered":"<h2>Tesis doctoral de <strong>  Adeva Bartolom\u00e9 M. Teresa <\/strong><\/h2>\n<p>La migra\u00f1a es un importante problema sanitario, por su elevada preValencia (estimada para hombres entre un 3 y un 12% y para mujeres entre un 13 y un 25%) y por afectar a poblaci\u00f3n joven en edad laboral, con las repercusiones econ\u00f3micas que ello conlleva.  de las observaciones cl\u00ednicas se dedujo que presenta una elevada incidencia familiar, mayor para la migra\u00f1a con aura. Se han propuesto divesos modelos de transmisi\u00f3n, que aunque ninguno est\u00e1 aceptado, el m\u00e1s plausible es el patr\u00f3n autos\u00f3mico dominante.  por estas razones, en el presente trabajo hemos estudiado diversos factores epidemiol\u00f3gicos y gen\u00e9ticos en 50 pacientes con migra\u00f1a con aura y sin aura. (Hemos estudiado tambi\u00e9n 50 sujetos control). Los genes que hemos estudiado son el gen de la cyp2d6*4 (g1934r), el gen de la homociste\u00edna (c\/t 677), el gen del receptor drd2 de la dopamina (polimorfismos de la taqia).  los resultados del estudio epidemiol\u00f3gico, en general, no han mostrado diferencias significativas entre ambos grupos de pacientes, y es similar al resto de series publicadas en la literatura.  los resultados del estudio gen\u00e9tico han mostrado diferencias significativas en los genes de la cyp2d6*4, donde los pacientes con migra\u00f1a son portadores del genotipo a2a2 (p: 0.003) y en el gen del factor ii, donde ninguno de los pacientes y un 12% de los controles son portadores del alelo mutado (p: 0.012). El estudio gen\u00e9tico en relaci\u00f3n con los diferentes factores epidemiol\u00f3gicos s\u00f3lo mostr\u00f3 diferencias significativas, salvo en el gen del receptor drd2 de dopamina, donde los pacientes portadores del alelo a1 tienen un inicio m\u00e1s precoz.<\/p>\n<p>&nbsp;<\/p>\n<h3>Datos acad\u00e9micos de la tesis doctoral \u00ab<strong>Estudio de factores epidemiol\u00f3gicos y gen\u00e9ticos en la migra\u00f1a<\/strong>\u00ab<\/h3>\n<ul>\n<li><strong>T\u00edtulo de la tesis:<\/strong>\u00a0 Estudio de factores epidemiol\u00f3gicos y gen\u00e9ticos en la migra\u00f1a <\/li>\n<li><strong>Autor:<\/strong>\u00a0  Adeva Bartolom\u00e9 M. Teresa <\/li>\n<li><strong>Universidad:<\/strong>\u00a0 Salamanca<\/li>\n<li><strong>Fecha de lectura de la tesis:<\/strong>\u00a0 24\/01\/2004<\/li>\n<\/ul>\n<p>&nbsp;<\/p>\n<h3>Direcci\u00f3n y tribunal<\/h3>\n<ul>\n<li><strong>Director de la tesis<\/strong>\n<ul>\n<li>Julio Fermoso Garcia<\/li>\n<\/ul>\n<\/li>\n<li><strong>Tribunal<\/strong>\n<ul>\n<li>Presidente del tribunal: angel Sanchez rodriguez <\/li>\n<li>adrian Llerena ruiz (vocal)<\/li>\n<li>julio Pascual g\u00f3mez (vocal)<\/li>\n<li>isabel Pastor (vocal)<\/li>\n<\/ul>\n<\/li>\n<\/ul>\n<p>&nbsp;<\/p>\n","protected":false},"excerpt":{"rendered":"<p>Tesis doctoral de Adeva Bartolom\u00e9 M. Teresa La migra\u00f1a es un importante problema sanitario, por su elevada preValencia (estimada para [&hellip;]<\/p>\n","protected":false},"author":1,"featured_media":0,"comment_status":"open","ping_status":"open","sticky":false,"template":"","format":"standard","meta":{"site-sidebar-layout":"default","site-content-layout":"","ast-site-content-layout":"","site-content-style":"default","site-sidebar-style":"default","ast-global-header-display":"","ast-banner-title-visibility":"","ast-main-header-display":"","ast-hfb-above-header-display":"","ast-hfb-below-header-display":"","ast-hfb-mobile-header-display":"","site-post-title":"","ast-breadcrumbs-content":"","ast-featured-img":"","footer-sml-layout":"","theme-transparent-header-meta":"","adv-header-id-meta":"","stick-header-meta":"","header-above-stick-meta":"","header-main-stick-meta":"","header-below-stick-meta":"","astra-migrate-meta-layouts":"default","ast-page-background-enabled":"default","ast-page-background-meta":{"desktop":{"background-color":"var(--ast-global-color-4)","background-image":"","background-repeat":"repeat","background-position":"center center","background-size":"auto","background-attachment":"scroll","background-type":"","background-media":"","overlay-type":"","overlay-color":"","overlay-gradient":""},"tablet":{"background-color":"","background-image":"","background-repeat":"repeat","background-position":"center center","background-size":"auto","background-attachment":"scroll","background-type":"","background-media":"","overlay-type":"","overlay-color":"","overlay-gradient":""},"mobile":{"background-color":"","background-image":"","background-repeat":"repeat","background-position":"center center","background-size":"auto","background-attachment":"scroll","background-type":"","background-media":"","overlay-type":"","overlay-color":"","overlay-gradient":""}},"ast-content-background-meta":{"desktop":{"background-color":"var(--ast-global-color-5)","background-image":"","background-repeat":"repeat","background-position":"center center","background-size":"auto","background-attachment":"scroll","background-type":"","background-media":"","overlay-type":"","overlay-color":"","overlay-gradient":""},"tablet":{"background-color":"var(--ast-global-color-5)","background-image":"","background-repeat":"repeat","background-position":"center center","background-size":"auto","background-attachment":"scroll","background-type":"","background-media":"","overlay-type":"","overlay-color":"","overlay-gradient":""},"mobile":{"background-color":"var(--ast-global-color-5)","background-image":"","background-repeat":"repeat","background-position":"center center","background-size":"auto","background-attachment":"scroll","background-type":"","background-media":"","overlay-type":"","overlay-color":"","overlay-gradient":""}},"footnotes":""},"categories":[9386],"tags":[80792,19604,52094,80793,47683,33240],"class_list":["post-28334","post","type-post","status-publish","format-standard","hentry","category-salamanca","tag-adeva-bartolome-m-teresa","tag-adrian-llerena-ruiz","tag-angel-sanchez-rodriguez","tag-isabel-pastor","tag-julio-fermoso-garcia","tag-julio-pascual-gomez"],"_links":{"self":[{"href":"https:\/\/www.deberes.net\/tesis\/wp-json\/wp\/v2\/posts\/28334","targetHints":{"allow":["GET"]}}],"collection":[{"href":"https:\/\/www.deberes.net\/tesis\/wp-json\/wp\/v2\/posts"}],"about":[{"href":"https:\/\/www.deberes.net\/tesis\/wp-json\/wp\/v2\/types\/post"}],"author":[{"embeddable":true,"href":"https:\/\/www.deberes.net\/tesis\/wp-json\/wp\/v2\/users\/1"}],"replies":[{"embeddable":true,"href":"https:\/\/www.deberes.net\/tesis\/wp-json\/wp\/v2\/comments?post=28334"}],"version-history":[{"count":0,"href":"https:\/\/www.deberes.net\/tesis\/wp-json\/wp\/v2\/posts\/28334\/revisions"}],"wp:attachment":[{"href":"https:\/\/www.deberes.net\/tesis\/wp-json\/wp\/v2\/media?parent=28334"}],"wp:term":[{"taxonomy":"category","embeddable":true,"href":"https:\/\/www.deberes.net\/tesis\/wp-json\/wp\/v2\/categories?post=28334"},{"taxonomy":"post_tag","embeddable":true,"href":"https:\/\/www.deberes.net\/tesis\/wp-json\/wp\/v2\/tags?post=28334"}],"curies":[{"name":"wp","href":"https:\/\/api.w.org\/{rel}","templated":true}]}}