{"id":28369,"date":"2018-03-09T09:21:02","date_gmt":"2018-03-09T09:21:02","guid":{"rendered":"https:\/\/www.deberes.net\/tesis\/sin-categoria\/el-papel-del-poder-judicial-en-la-consolidacion-de-la-democracia-y-el-estado-de-derecho-en-el-salvador\/"},"modified":"2018-03-09T09:21:02","modified_gmt":"2018-03-09T09:21:02","slug":"el-papel-del-poder-judicial-en-la-consolidacion-de-la-democracia-y-el-estado-de-derecho-en-el-salvador","status":"publish","type":"post","link":"https:\/\/www.deberes.net\/tesis\/carlos-iii-de-madrid\/el-papel-del-poder-judicial-en-la-consolidacion-de-la-democracia-y-el-estado-de-derecho-en-el-salvador\/","title":{"rendered":"El papel del poder judicial en la consolidaci\u00f3n de la democracia y el estado de derecho en el salvador"},"content":{"rendered":"<h2>Tesis doctoral de <strong>  Benitez Giralt Rafael Le\u00f3nidas <\/strong><\/h2>\n<p>La realidad jur\u00eddica y pol\u00edtica del poder judicial en nuestros tiempos exige un serio y profundo replanteo. Las crisis pol\u00edticas y de la ley, las desigualdades econ\u00f3micas y sociales, la complejidad de los problemas culturales y de la sociedad, obligan al poder judicial a tener la capacidad de afrontar dichas realidades. Esta misma situaci\u00f3n ha estado acompa\u00f1ada de una expansi\u00f3n de la funci\u00f3n judicial, la cual, puede traer problemas y desajustes en el orden pol\u00edtico y en la relaci\u00f3n con los otros poderes del estado, si dicha relaci\u00f3n no es moderada y equilibrada. Esta definici\u00f3n de la funci\u00f3n judicial no es ajena para aquellas situaciones de pa\u00edses que luchan por salir delante de reg\u00edmenes autoritarios o totalitarios. la democracia y el estado de derecho, en un contexto o en otro, exigen al poder judicial que brinde certeza, seguridad jur\u00eddica y previsibilidad como parte de la defensa y garant\u00eda de los derechos fundamentales. Esto se puede lograr a trav\u00e9s de la superaci\u00f3n de los viejos esquemas decimon\u00f3nicos del juez bur\u00f3crata y aut\u00f3mata aplicador de la ley. La motivaci\u00f3n y la fundamentaci\u00f3n de las sentencias, en este sentido, son garant\u00eda ciudadana en un estado de derecho democr\u00e1tico.<\/p>\n<p>&nbsp;<\/p>\n<h3>Datos acad\u00e9micos de la tesis doctoral \u00ab<strong>El papel del poder judicial en la consolidaci\u00f3n de la democracia y el estado de derecho en el salvador<\/strong>\u00ab<\/h3>\n<ul>\n<li><strong>T\u00edtulo de la tesis:<\/strong>\u00a0 El papel del poder judicial en la consolidaci\u00f3n de la democracia y el estado de derecho en el salvador <\/li>\n<li><strong>Autor:<\/strong>\u00a0  Benitez Giralt Rafael Le\u00f3nidas <\/li>\n<li><strong>Universidad:<\/strong>\u00a0 Carlos III de Madrid<\/li>\n<li><strong>Fecha de lectura de la tesis:<\/strong>\u00a0 27\/01\/2004<\/li>\n<\/ul>\n<p>&nbsp;<\/p>\n<h3>Direcci\u00f3n y tribunal<\/h3>\n<ul>\n<li><strong>Director de la tesis<\/strong>\n<ul>\n<li>Eusebio Fernandez Garcia<\/li>\n<\/ul>\n<\/li>\n<li><strong>Tribunal<\/strong>\n<ul>\n<li>Presidente del tribunal: victor Moreno catena <\/li>\n<li>vicente Carlos Guzm\u00e1n fluja (vocal)<\/li>\n<li>Francisco Javier Ansu\u00e1tegui roig (vocal)<\/li>\n<li>ignacio Colomer hernandez (vocal)<\/li>\n<\/ul>\n<\/li>\n<\/ul>\n<p>&nbsp;<\/p>\n","protected":false},"excerpt":{"rendered":"<p>Tesis doctoral de Benitez Giralt Rafael Le\u00f3nidas La realidad jur\u00eddica y pol\u00edtica del poder judicial en nuestros tiempos exige un [&hellip;]<\/p>\n","protected":false},"author":1,"featured_media":0,"comment_status":"open","ping_status":"open","sticky":false,"template":"","format":"standard","meta":{"site-sidebar-layout":"default","site-content-layout":"","ast-site-content-layout":"","site-content-style":"default","site-sidebar-style":"default","ast-global-header-display":"","ast-banner-title-visibility":"","ast-main-header-display":"","ast-hfb-above-header-display":"","ast-hfb-below-header-display":"","ast-hfb-mobile-header-display":"","site-post-title":"","ast-breadcrumbs-content":"","ast-featured-img":"","footer-sml-layout":"","theme-transparent-header-meta":"","adv-header-id-meta":"","stick-header-meta":"","header-above-stick-meta":"","header-main-stick-meta":"","header-below-stick-meta":"","astra-migrate-meta-layouts":"default","ast-page-background-enabled":"default","ast-page-background-meta":{"desktop":{"background-color":"var(--ast-global-color-4)","background-image":"","background-repeat":"repeat","background-position":"center center","background-size":"auto","background-attachment":"scroll","background-type":"","background-media":"","overlay-type":"","overlay-color":"","overlay-gradient":""},"tablet":{"background-color":"","background-image":"","background-repeat":"repeat","background-position":"center center","background-size":"auto","background-attachment":"scroll","background-type":"","background-media":"","overlay-type":"","overlay-color":"","overlay-gradient":""},"mobile":{"background-color":"","background-image":"","background-repeat":"repeat","background-position":"center center","background-size":"auto","background-attachment":"scroll","background-type":"","background-media":"","overlay-type":"","overlay-color":"","overlay-gradient":""}},"ast-content-background-meta":{"desktop":{"background-color":"var(--ast-global-color-5)","background-image":"","background-repeat":"repeat","background-position":"center center","background-size":"auto","background-attachment":"scroll","background-type":"","background-media":"","overlay-type":"","overlay-color":"","overlay-gradient":""},"tablet":{"background-color":"var(--ast-global-color-5)","background-image":"","background-repeat":"repeat","background-position":"center center","background-size":"auto","background-attachment":"scroll","background-type":"","background-media":"","overlay-type":"","overlay-color":"","overlay-gradient":""},"mobile":{"background-color":"var(--ast-global-color-5)","background-image":"","background-repeat":"repeat","background-position":"center center","background-size":"auto","background-attachment":"scroll","background-type":"","background-media":"","overlay-type":"","overlay-color":"","overlay-gradient":""}},"footnotes":""},"categories":[18550],"tags":[80866,3198,63291,80868,80867,11249],"class_list":["post-28369","post","type-post","status-publish","format-standard","hentry","category-carlos-iii-de-madrid","tag-benitez-giralt-rafael-leonidas","tag-eusebio-fernandez-garcia","tag-francisco-javier-ansuategui-roig","tag-ignacio-colomer-hernandez","tag-vicente-carlos-guzman-fluja","tag-victor-moreno-catena"],"_links":{"self":[{"href":"https:\/\/www.deberes.net\/tesis\/wp-json\/wp\/v2\/posts\/28369","targetHints":{"allow":["GET"]}}],"collection":[{"href":"https:\/\/www.deberes.net\/tesis\/wp-json\/wp\/v2\/posts"}],"about":[{"href":"https:\/\/www.deberes.net\/tesis\/wp-json\/wp\/v2\/types\/post"}],"author":[{"embeddable":true,"href":"https:\/\/www.deberes.net\/tesis\/wp-json\/wp\/v2\/users\/1"}],"replies":[{"embeddable":true,"href":"https:\/\/www.deberes.net\/tesis\/wp-json\/wp\/v2\/comments?post=28369"}],"version-history":[{"count":0,"href":"https:\/\/www.deberes.net\/tesis\/wp-json\/wp\/v2\/posts\/28369\/revisions"}],"wp:attachment":[{"href":"https:\/\/www.deberes.net\/tesis\/wp-json\/wp\/v2\/media?parent=28369"}],"wp:term":[{"taxonomy":"category","embeddable":true,"href":"https:\/\/www.deberes.net\/tesis\/wp-json\/wp\/v2\/categories?post=28369"},{"taxonomy":"post_tag","embeddable":true,"href":"https:\/\/www.deberes.net\/tesis\/wp-json\/wp\/v2\/tags?post=28369"}],"curies":[{"name":"wp","href":"https:\/\/api.w.org\/{rel}","templated":true}]}}