{"id":28370,"date":"2018-03-09T09:21:03","date_gmt":"2018-03-09T09:21:03","guid":{"rendered":"https:\/\/www.deberes.net\/tesis\/sin-categoria\/las-pola%c2%adticas-nacionales-de-informacion-del-mercosur-frente-a-la-sociedad-la-informacion-y-el-conocimiento\/"},"modified":"2018-03-09T09:21:03","modified_gmt":"2018-03-09T09:21:03","slug":"las-pola%c2%adticas-nacionales-de-informacion-del-mercosur-frente-a-la-sociedad-la-informacion-y-el-conocimiento","status":"publish","type":"post","link":"https:\/\/www.deberes.net\/tesis\/carlos-iii-de-madrid\/las-pola%c2%adticas-nacionales-de-informacion-del-mercosur-frente-a-la-sociedad-la-informacion-y-el-conocimiento\/","title":{"rendered":"Las pol\u00edticas nacionales de informaci\u00f3n del mercosur frente a la sociedad la informaci\u00f3n y el conocimiento"},"content":{"rendered":"<h2>Tesis doctoral de <strong>  Sena Correa Emilce Noem\u00ed <\/strong><\/h2>\n<p>Este trabajo tiene como objetivo principal: realizar un diagn\u00f3stico sobre la situaci\u00f3n actual de las pol\u00edticas nacionales de informaci\u00f3n en el mercado com\u00fan del sur y proponer algunos lineamientos que permitan su ingreso a la sociedad global de la informaci\u00f3n y del conocimiento. La delimitaci\u00f3n espacial de la investigaci\u00f3n se centra en el \u00e1rea geogr\u00e1fica conocida como mercosur, integrada por los siguientes pa\u00edses: argentina, brasil, paraguay y uruguay. De ah\u00ed el inter\u00e9s para el an\u00e1lisis de la situaci\u00f3n actual en materia de pol\u00edticas de informaci\u00f3n, con el fin de proponer algunos lineamientos para el desarrollo de dichas infraestructuras encaradas hacia la sociedad de la informaci\u00f3n y la sociedad del conocimiento.  con respecto a la delimitaci\u00f3n del trabajo como consecuencia de la extensi\u00f3n del tema y del corto tiempo disponible para el desarrollo del trabajo se han excluidos o tratados sucintamente los temas de car\u00e1cter general, centr\u00e1ndonos espec\u00edficamente a la gesti\u00f3n de la informaci\u00f3n en el mercosur. Dentro de los l\u00edmites de car\u00e1cter temporal el estudio se enmarca en el periodo comprendido entre 1991, cuando se inicia el mercado com\u00fan del sur, hasta el a\u00f1o 2002. esta tesis doctoral est\u00e1 estructurada en siete cap\u00edtulos organizados en este orden:                                cap\u00edtulo i: el objeto y la metodolog\u00eda de la investigaci\u00f3n; cap\u00edtulo ii: el concepto de las pni y su influencia en la gesti\u00f3n de la sociedad del conocimiento; cap\u00edtulo iii: el desarrollo de la sociedad del conocimiento en am\u00e9rica latina; cap\u00edtulo iv: la cooperaci\u00f3n internacional en el marco de la informaci\u00f3n en am\u00e9rica latina; cap\u00edtulo v: la sociedad global de la informaci\u00f3n: sus posibilidades y sus limitaciones; cap\u00edtulo vi: el an\u00e1lisis de las pni del mercosur en el contexto de la si y la sc; cap\u00edtulo vii: lineamientos para una pi en el mercosur. Cada cap\u00edtulo consta de sus respectivas conclusiones y al final del desar<\/p>\n<p>&nbsp;<\/p>\n<h3>Datos acad\u00e9micos de la tesis doctoral \u00ab<strong>Las pol\u00edticas nacionales de informaci\u00f3n del mercosur frente a la sociedad la informaci\u00f3n y el conocimiento<\/strong>\u00ab<\/h3>\n<ul>\n<li><strong>T\u00edtulo de la tesis:<\/strong>\u00a0 Las pol\u00edticas nacionales de informaci\u00f3n del mercosur frente a la sociedad la informaci\u00f3n y el conocimiento <\/li>\n<li><strong>Autor:<\/strong>\u00a0  Sena Correa Emilce Noem\u00ed <\/li>\n<li><strong>Universidad:<\/strong>\u00a0 Carlos III de Madrid<\/li>\n<li><strong>Fecha de lectura de la tesis:<\/strong>\u00a0 27\/01\/2004<\/li>\n<\/ul>\n<p>&nbsp;<\/p>\n<h3>Direcci\u00f3n y tribunal<\/h3>\n<ul>\n<li><strong>Director de la tesis<\/strong>\n<ul>\n<li>Mercedes Caridad Sebastian<\/li>\n<\/ul>\n<\/li>\n<li><strong>Tribunal<\/strong>\n<ul>\n<li>Presidente del tribunal: Jos\u00e9 Antonio Moreiro gonzalez <\/li>\n<li>Mar\u00eda  dolores Ayuso garcia (vocal)<\/li>\n<li>Luis Joyanes aguilar (vocal)<\/li>\n<li>fern\u00e1ndo Ramos sim\u00f3n (vocal)<\/li>\n<\/ul>\n<\/li>\n<\/ul>\n<p>&nbsp;<\/p>\n","protected":false},"excerpt":{"rendered":"<p>Tesis doctoral de Sena Correa Emilce Noem\u00ed Este trabajo tiene como objetivo principal: realizar un diagn\u00f3stico sobre la situaci\u00f3n actual [&hellip;]<\/p>\n","protected":false},"author":1,"featured_media":0,"comment_status":"open","ping_status":"open","sticky":false,"template":"","format":"standard","meta":{"site-sidebar-layout":"default","site-content-layout":"","ast-site-content-layout":"","site-content-style":"default","site-sidebar-style":"default","ast-global-header-display":"","ast-banner-title-visibility":"","ast-main-header-display":"","ast-hfb-above-header-display":"","ast-hfb-below-header-display":"","ast-hfb-mobile-header-display":"","site-post-title":"","ast-breadcrumbs-content":"","ast-featured-img":"","footer-sml-layout":"","theme-transparent-header-meta":"","adv-header-id-meta":"","stick-header-meta":"","header-above-stick-meta":"","header-main-stick-meta":"","header-below-stick-meta":"","astra-migrate-meta-layouts":"default","ast-page-background-enabled":"default","ast-page-background-meta":{"desktop":{"background-color":"var(--ast-global-color-4)","background-image":"","background-repeat":"repeat","background-position":"center center","background-size":"auto","background-attachment":"scroll","background-type":"","background-media":"","overlay-type":"","overlay-color":"","overlay-gradient":""},"tablet":{"background-color":"","background-image":"","background-repeat":"repeat","background-position":"center center","background-size":"auto","background-attachment":"scroll","background-type":"","background-media":"","overlay-type":"","overlay-color":"","overlay-gradient":""},"mobile":{"background-color":"","background-image":"","background-repeat":"repeat","background-position":"center center","background-size":"auto","background-attachment":"scroll","background-type":"","background-media":"","overlay-type":"","overlay-color":"","overlay-gradient":""}},"ast-content-background-meta":{"desktop":{"background-color":"var(--ast-global-color-5)","background-image":"","background-repeat":"repeat","background-position":"center center","background-size":"auto","background-attachment":"scroll","background-type":"","background-media":"","overlay-type":"","overlay-color":"","overlay-gradient":""},"tablet":{"background-color":"var(--ast-global-color-5)","background-image":"","background-repeat":"repeat","background-position":"center center","background-size":"auto","background-attachment":"scroll","background-type":"","background-media":"","overlay-type":"","overlay-color":"","overlay-gradient":""},"mobile":{"background-color":"var(--ast-global-color-5)","background-image":"","background-repeat":"repeat","background-position":"center center","background-size":"auto","background-attachment":"scroll","background-type":"","background-media":"","overlay-type":"","overlay-color":"","overlay-gradient":""}},"footnotes":""},"categories":[18550],"tags":[7827,7185,40865,24930,6939,80869],"class_list":["post-28370","post","type-post","status-publish","format-standard","hentry","category-carlos-iii-de-madrid","tag-fernando-ramos-simon","tag-jose-antonio-moreiro-gonzalez","tag-luis-joyanes-aguilar","tag-maria-dolores-ayuso-garcia","tag-mercedes-caridad-sebastian","tag-sena-correa-emilce-noemi"],"_links":{"self":[{"href":"https:\/\/www.deberes.net\/tesis\/wp-json\/wp\/v2\/posts\/28370","targetHints":{"allow":["GET"]}}],"collection":[{"href":"https:\/\/www.deberes.net\/tesis\/wp-json\/wp\/v2\/posts"}],"about":[{"href":"https:\/\/www.deberes.net\/tesis\/wp-json\/wp\/v2\/types\/post"}],"author":[{"embeddable":true,"href":"https:\/\/www.deberes.net\/tesis\/wp-json\/wp\/v2\/users\/1"}],"replies":[{"embeddable":true,"href":"https:\/\/www.deberes.net\/tesis\/wp-json\/wp\/v2\/comments?post=28370"}],"version-history":[{"count":0,"href":"https:\/\/www.deberes.net\/tesis\/wp-json\/wp\/v2\/posts\/28370\/revisions"}],"wp:attachment":[{"href":"https:\/\/www.deberes.net\/tesis\/wp-json\/wp\/v2\/media?parent=28370"}],"wp:term":[{"taxonomy":"category","embeddable":true,"href":"https:\/\/www.deberes.net\/tesis\/wp-json\/wp\/v2\/categories?post=28370"},{"taxonomy":"post_tag","embeddable":true,"href":"https:\/\/www.deberes.net\/tesis\/wp-json\/wp\/v2\/tags?post=28370"}],"curies":[{"name":"wp","href":"https:\/\/api.w.org\/{rel}","templated":true}]}}