{"id":28393,"date":"2018-03-09T09:21:04","date_gmt":"2018-03-09T09:21:04","guid":{"rendered":"https:\/\/www.deberes.net\/tesis\/sin-categoria\/analisis-y-modelizacion-grafica-de-variables-economicas-industriales-localizadas\/"},"modified":"2018-03-09T09:21:04","modified_gmt":"2018-03-09T09:21:04","slug":"analisis-y-modelizacion-grafica-de-variables-economicas-industriales-localizadas","status":"publish","type":"post","link":"https:\/\/www.deberes.net\/tesis\/politecnica-de-valencia\/analisis-y-modelizacion-grafica-de-variables-economicas-industriales-localizadas\/","title":{"rendered":"An\u00e1lisis y modelizaci\u00f3n gr\u00e1fica de variables econ\u00f3micas industriales localizadas"},"content":{"rendered":"<h2>Tesis doctoral de <strong> Joaquin Gonz\u00e1lez Garc\u00eda <\/strong><\/h2>\n<p>El an\u00e1lisis de variables de naturaleza socioecon\u00f3mica localizadas geogr\u00e1ficamente presenta una problem\u00e1tica de especial complejidad si se aborda desde una perspectiva cl\u00e1sica textual y tabulada.  tal es as\u00ed que en la mayor\u00eda de los casos, resulta pr\u00e1cticamente imposible explorar e identificar patrones de concentraci\u00f3n y localizaci\u00f3n espacial de las variables a estudiar en el marco de una regi\u00f3n objetivo.  en esta tesis doctoral se ha propuesto un enfoque de an\u00e1lisis de naturaleza esencialmente gr\u00e1fica que ha permitido la creaci\u00f3n de mapas y modelos gr\u00e1ficos virtuales. Esto ha posibilitado la integraci\u00f3n, modelizaci\u00f3n y representaci\u00f3n de entidades de naturaleza socioecon\u00f3mica geogr\u00e1ficamente localizadas y distribuidas en superficies que no son directamente observables en el entorno f\u00edsico real.  la tarea modelizadora se ha llevado a cabo a trav\u00e9s de ciertas informaciones predeterminadas o hip\u00f3tesis de trabajo que han considerado un modelo gravitacional de la estructura locacional de la variable socioecon\u00f3mica a estudiar y tomando como origen de referencia el centroide constituido por el centro de gravedad. La modelizaci\u00f3n propuesta se ha aplicado a la variable industrial localizada denominada \u00abfacturaci\u00f3n registrada\u00bb en la regi\u00f3n objetivo de la comunidad Valenciana y ha permitido identificar y visualizar de forma gr\u00e1fica patrones de concentraci\u00f3n y localizaci\u00f3n espacial.  la utilizaci\u00f3n de mapas digitales de naturaleza vectorial ha permitido separar la representaci\u00f3n gr\u00e1fica de los aspectos de c\u00e1lculos matem\u00e1ticos inherentes a las modelizaciones y m\u00e9todos de interpolaci\u00f3n ligados a la variabilidad espacial de la variable considerada.  la cantidad y calidad de informaci\u00f3n contenida en las representaciones y modelizaciones gr\u00e1ficas se ha maximizado a trav\u00e9s del uso del color, los intervalos de clase y las leyendas que han constituido una poderosa herramienta de simbolizaci\u00f3n y representaci\u00f3n gr\u00e1<\/p>\n<p>&nbsp;<\/p>\n<h3>Datos acad\u00e9micos de la tesis doctoral \u00ab<strong>An\u00e1lisis y modelizaci\u00f3n gr\u00e1fica de variables econ\u00f3micas industriales localizadas<\/strong>\u00ab<\/h3>\n<ul>\n<li><strong>T\u00edtulo de la tesis:<\/strong>\u00a0 An\u00e1lisis y modelizaci\u00f3n gr\u00e1fica de variables econ\u00f3micas industriales localizadas <\/li>\n<li><strong>Autor:<\/strong>\u00a0 Joaquin Gonz\u00e1lez Garc\u00eda <\/li>\n<li><strong>Universidad:<\/strong>\u00a0 Polit\u00e9cnica de Valencia<\/li>\n<li><strong>Fecha de lectura de la tesis:<\/strong>\u00a0 29\/01\/2004<\/li>\n<\/ul>\n<p>&nbsp;<\/p>\n<h3>Direcci\u00f3n y tribunal<\/h3>\n<ul>\n<li><strong>Director de la tesis<\/strong>\n<ul>\n<li>Fernando Brusola Sim\u00f3n<\/li>\n<\/ul>\n<\/li>\n<li><strong>Tribunal<\/strong>\n<ul>\n<li>Presidente del tribunal: Jos\u00e9 Luis Berne valero <\/li>\n<li>angel Corber\u00e1n salvador (vocal)<\/li>\n<li>david Soler fern\u00e1ndez (vocal)<\/li>\n<li>vicente Campos ahucejo (vocal)<\/li>\n<\/ul>\n<\/li>\n<\/ul>\n<p>&nbsp;<\/p>\n","protected":false},"excerpt":{"rendered":"<p>Tesis doctoral de Joaquin Gonz\u00e1lez Garc\u00eda El an\u00e1lisis de variables de naturaleza socioecon\u00f3mica localizadas geogr\u00e1ficamente presenta una problem\u00e1tica de especial [&hellip;]<\/p>\n","protected":false},"author":1,"featured_media":0,"comment_status":"open","ping_status":"open","sticky":false,"template":"","format":"standard","meta":{"site-sidebar-layout":"default","site-content-layout":"","ast-site-content-layout":"","site-content-style":"default","site-sidebar-style":"default","ast-global-header-display":"","ast-banner-title-visibility":"","ast-main-header-display":"","ast-hfb-above-header-display":"","ast-hfb-below-header-display":"","ast-hfb-mobile-header-display":"","site-post-title":"","ast-breadcrumbs-content":"","ast-featured-img":"","footer-sml-layout":"","theme-transparent-header-meta":"","adv-header-id-meta":"","stick-header-meta":"","header-above-stick-meta":"","header-main-stick-meta":"","header-below-stick-meta":"","astra-migrate-meta-layouts":"default","ast-page-background-enabled":"default","ast-page-background-meta":{"desktop":{"background-color":"var(--ast-global-color-4)","background-image":"","background-repeat":"repeat","background-position":"center center","background-size":"auto","background-attachment":"scroll","background-type":"","background-media":"","overlay-type":"","overlay-color":"","overlay-gradient":""},"tablet":{"background-color":"","background-image":"","background-repeat":"repeat","background-position":"center center","background-size":"auto","background-attachment":"scroll","background-type":"","background-media":"","overlay-type":"","overlay-color":"","overlay-gradient":""},"mobile":{"background-color":"","background-image":"","background-repeat":"repeat","background-position":"center center","background-size":"auto","background-attachment":"scroll","background-type":"","background-media":"","overlay-type":"","overlay-color":"","overlay-gradient":""}},"ast-content-background-meta":{"desktop":{"background-color":"var(--ast-global-color-5)","background-image":"","background-repeat":"repeat","background-position":"center center","background-size":"auto","background-attachment":"scroll","background-type":"","background-media":"","overlay-type":"","overlay-color":"","overlay-gradient":""},"tablet":{"background-color":"var(--ast-global-color-5)","background-image":"","background-repeat":"repeat","background-position":"center center","background-size":"auto","background-attachment":"scroll","background-type":"","background-media":"","overlay-type":"","overlay-color":"","overlay-gradient":""},"mobile":{"background-color":"var(--ast-global-color-5)","background-image":"","background-repeat":"repeat","background-position":"center center","background-size":"auto","background-attachment":"scroll","background-type":"","background-media":"","overlay-type":"","overlay-color":"","overlay-gradient":""}},"footnotes":""},"categories":[16820],"tags":[11398,27579,76934,80922,44666,80923],"class_list":["post-28393","post","type-post","status-publish","format-standard","hentry","category-politecnica-de-valencia","tag-angel-corberan-salvador","tag-david-soler-fernandez","tag-fernando-brusola-simon","tag-joaquin-gonzalez-garcia","tag-jose-luis-berne-valero","tag-vicente-campos-ahucejo"],"_links":{"self":[{"href":"https:\/\/www.deberes.net\/tesis\/wp-json\/wp\/v2\/posts\/28393","targetHints":{"allow":["GET"]}}],"collection":[{"href":"https:\/\/www.deberes.net\/tesis\/wp-json\/wp\/v2\/posts"}],"about":[{"href":"https:\/\/www.deberes.net\/tesis\/wp-json\/wp\/v2\/types\/post"}],"author":[{"embeddable":true,"href":"https:\/\/www.deberes.net\/tesis\/wp-json\/wp\/v2\/users\/1"}],"replies":[{"embeddable":true,"href":"https:\/\/www.deberes.net\/tesis\/wp-json\/wp\/v2\/comments?post=28393"}],"version-history":[{"count":0,"href":"https:\/\/www.deberes.net\/tesis\/wp-json\/wp\/v2\/posts\/28393\/revisions"}],"wp:attachment":[{"href":"https:\/\/www.deberes.net\/tesis\/wp-json\/wp\/v2\/media?parent=28393"}],"wp:term":[{"taxonomy":"category","embeddable":true,"href":"https:\/\/www.deberes.net\/tesis\/wp-json\/wp\/v2\/categories?post=28393"},{"taxonomy":"post_tag","embeddable":true,"href":"https:\/\/www.deberes.net\/tesis\/wp-json\/wp\/v2\/tags?post=28393"}],"curies":[{"name":"wp","href":"https:\/\/api.w.org\/{rel}","templated":true}]}}