{"id":28466,"date":"2004-02-02T00:00:00","date_gmt":"2004-02-02T00:00:00","guid":{"rendered":"https:\/\/www.deberes.net\/tesis\/sin-categoria\/eficacia-a-medio-plazo-de-un-programa-de-intervencion-familiar-en-la-esquizofrenia\/"},"modified":"2004-02-02T00:00:00","modified_gmt":"2004-02-02T00:00:00","slug":"eficacia-a-medio-plazo-de-un-programa-de-intervencion-familiar-en-la-esquizofrenia","status":"publish","type":"post","link":"https:\/\/www.deberes.net\/tesis\/sin-categoria\/eficacia-a-medio-plazo-de-un-programa-de-intervencion-familiar-en-la-esquizofrenia\/","title":{"rendered":"Eficacia a medio plazo de un programa de intervenci\u00f3n familiar en la esquizofrenia"},"content":{"rendered":"<h2>Tesis doctoral de <strong>  Masanet Garc\u00eda M. Jos\u00e9 <\/strong><\/h2>\n<p>El estudio pretende determinar si una intervenci\u00f3n familiar (if) de car\u00e1cter psicoeducativo en la esquizofrenia, de 12 meses de duraci\u00f3n, mantiene su eficacia a medio-largo plazo, incluyendo no s\u00f3lo las reca\u00eddas psic\u00f3ticas y los ingresos hospitalarios de los pacientes, sino tambi\u00e9n los cambios experimentados en otras variables de curso y en medidas referentes al familiar clave.  87 pacientes esquizofr\u00e9nicos y sus familias hab\u00edan sido asignados de forma aleatoria a dos modalidades de if que hab\u00edan demostrado eficacia a corto plazo en la prevenci\u00f3n de reca\u00eddas psic\u00f3ticas. A los 5 a\u00f1os de finalizar la if se realiza una evaluaci\u00f3n de seguimientos a 71 de los casos, siendo esta evaluaci\u00f3n id\u00e9ntica a las realizadas antes y despu\u00e9s de la if.  de los 71 pacientes de la muestra seguida, 21 (29,6%) no present\u00f3 reca\u00edda en los 5 a\u00f1os posteriores a la finalizaci\u00f3n de la if, 38 (53,5%) s\u00ed que tuvieron al menos una y 12 (16,9%) sigui\u00f3 un curso continuo. La frecuencia de ingreso fue del 38%. Los pacientes se mantienen con escasos s\u00edntomas psic\u00f3ticos productivos, con un nivel similar al que ten\u00edan al inicio de la if y mayor que el que presentaban al finalizar \u00e9sta. El ajuste social se mantiene en niveles similares a los alcanzados al final de la if.  la mayor\u00eda de familiares tienen buenos conocimientos sobre la enfermedad, el nivel de conocimientos ha empeorado de forma significativa respecto al final de la if, aunque se mantienen beneficios respecto al inicio de \u00e9sta. Un 71% de los familiares mostraba una baja ee en el seguimiento, la mayor\u00eda manten\u00eda el mismo nivel que ten\u00eda al finalizar la intervenci\u00f3n. la repercusi\u00f3n sobre el estado de salud ps\u00edquica del familiar dismnuye con el tiempo, aunque el cambio s\u00f3lo es significativo cuando se toma todo el periodo, desde el inicio de la if.  no se hallan diferencias estad\u00edsticamente significativas en los resultados en funci\u00f3n de la modalidad de intervenci\u00f3n al que fue<\/p>\n<p>&nbsp;<\/p>\n<h3>Datos acad\u00e9micos de la tesis doctoral \u00ab<strong>Eficacia a medio plazo de un programa de intervenci\u00f3n familiar en la esquizofrenia<\/strong>\u00ab<\/h3>\n<ul>\n<li><strong>T\u00edtulo de la tesis:<\/strong>\u00a0 Eficacia a medio plazo de un programa de intervenci\u00f3n familiar en la esquizofrenia <\/li>\n<li><strong>Autor:<\/strong>\u00a0  Masanet Garc\u00eda M. Jos\u00e9 <\/li>\n<li><strong>Universidad:<\/strong>\u00a0 Universitat de val\u00e9ncia (estudi general)<\/li>\n<li><strong>Fecha de lectura de la tesis:<\/strong>\u00a0 02\/02\/2004<\/li>\n<\/ul>\n<p>&nbsp;<\/p>\n<h3>Direcci\u00f3n y tribunal<\/h3>\n<ul>\n<li><strong>Director de la tesis<\/strong>\n<ul>\n<li>Isabel Montero Pi\u00f1ar<\/li>\n<\/ul>\n<\/li>\n<li><strong>Tribunal<\/strong>\n<ul>\n<li>Presidente del tribunal: carmen Leal cerc\u00f3s <\/li>\n<li>Francisco Jos\u00e9 Vaz leal (vocal)<\/li>\n<li>amparo Belloch fuster (vocal)<\/li>\n<li>isabel Ruiz perez (vocal)<\/li>\n<\/ul>\n<\/li>\n<\/ul>\n<p>&nbsp;<\/p>\n","protected":false},"excerpt":{"rendered":"<p>Tesis doctoral de Masanet Garc\u00eda M. Jos\u00e9 El estudio pretende determinar si una intervenci\u00f3n familiar (if) de car\u00e1cter psicoeducativo en [&hellip;]<\/p>\n","protected":false},"author":1,"featured_media":0,"comment_status":"open","ping_status":"open","sticky":false,"template":"","format":"standard","meta":{"site-sidebar-layout":"default","site-content-layout":"","ast-site-content-layout":"","site-content-style":"default","site-sidebar-style":"default","ast-global-header-display":"","ast-banner-title-visibility":"","ast-main-header-display":"","ast-hfb-above-header-display":"","ast-hfb-below-header-display":"","ast-hfb-mobile-header-display":"","site-post-title":"","ast-breadcrumbs-content":"","ast-featured-img":"","footer-sml-layout":"","theme-transparent-header-meta":"","adv-header-id-meta":"","stick-header-meta":"","header-above-stick-meta":"","header-main-stick-meta":"","header-below-stick-meta":"","astra-migrate-meta-layouts":"default","ast-page-background-enabled":"default","ast-page-background-meta":{"desktop":{"background-color":"var(--ast-global-color-4)","background-image":"","background-repeat":"repeat","background-position":"center center","background-size":"auto","background-attachment":"scroll","background-type":"","background-media":"","overlay-type":"","overlay-color":"","overlay-gradient":""},"tablet":{"background-color":"","background-image":"","background-repeat":"repeat","background-position":"center center","background-size":"auto","background-attachment":"scroll","background-type":"","background-media":"","overlay-type":"","overlay-color":"","overlay-gradient":""},"mobile":{"background-color":"","background-image":"","background-repeat":"repeat","background-position":"center center","background-size":"auto","background-attachment":"scroll","background-type":"","background-media":"","overlay-type":"","overlay-color":"","overlay-gradient":""}},"ast-content-background-meta":{"desktop":{"background-color":"var(--ast-global-color-5)","background-image":"","background-repeat":"repeat","background-position":"center center","background-size":"auto","background-attachment":"scroll","background-type":"","background-media":"","overlay-type":"","overlay-color":"","overlay-gradient":""},"tablet":{"background-color":"var(--ast-global-color-5)","background-image":"","background-repeat":"repeat","background-position":"center center","background-size":"auto","background-attachment":"scroll","background-type":"","background-media":"","overlay-type":"","overlay-color":"","overlay-gradient":""},"mobile":{"background-color":"var(--ast-global-color-5)","background-image":"","background-repeat":"repeat","background-position":"center center","background-size":"auto","background-attachment":"scroll","background-type":"","background-media":"","overlay-type":"","overlay-color":"","overlay-gradient":""}},"footnotes":""},"categories":[1],"tags":[13480,6501,20801,21152,34243,81080],"class_list":["post-28466","post","type-post","status-publish","format-standard","hentry","category-sin-categoria","tag-amparo-belloch-fuster","tag-carmen-leal-cercos","tag-francisco-jose-vaz-leal","tag-isabel-montero-pinar","tag-isabel-ruiz-perez","tag-masanet-garcia-m-jose"],"_links":{"self":[{"href":"https:\/\/www.deberes.net\/tesis\/wp-json\/wp\/v2\/posts\/28466","targetHints":{"allow":["GET"]}}],"collection":[{"href":"https:\/\/www.deberes.net\/tesis\/wp-json\/wp\/v2\/posts"}],"about":[{"href":"https:\/\/www.deberes.net\/tesis\/wp-json\/wp\/v2\/types\/post"}],"author":[{"embeddable":true,"href":"https:\/\/www.deberes.net\/tesis\/wp-json\/wp\/v2\/users\/1"}],"replies":[{"embeddable":true,"href":"https:\/\/www.deberes.net\/tesis\/wp-json\/wp\/v2\/comments?post=28466"}],"version-history":[{"count":0,"href":"https:\/\/www.deberes.net\/tesis\/wp-json\/wp\/v2\/posts\/28466\/revisions"}],"wp:attachment":[{"href":"https:\/\/www.deberes.net\/tesis\/wp-json\/wp\/v2\/media?parent=28466"}],"wp:term":[{"taxonomy":"category","embeddable":true,"href":"https:\/\/www.deberes.net\/tesis\/wp-json\/wp\/v2\/categories?post=28466"},{"taxonomy":"post_tag","embeddable":true,"href":"https:\/\/www.deberes.net\/tesis\/wp-json\/wp\/v2\/tags?post=28466"}],"curies":[{"name":"wp","href":"https:\/\/api.w.org\/{rel}","templated":true}]}}