{"id":28478,"date":"2004-03-02T00:00:00","date_gmt":"2004-03-02T00:00:00","guid":{"rendered":"https:\/\/www.deberes.net\/tesis\/sin-categoria\/repercusiones-del-deseo-y-la-busqueda-activa-de-informacion-sobre-la-toma-de-decisiones-en-pacientes-asmaticos\/"},"modified":"2004-03-02T00:00:00","modified_gmt":"2004-03-02T00:00:00","slug":"repercusiones-del-deseo-y-la-busqueda-activa-de-informacion-sobre-la-toma-de-decisiones-en-pacientes-asmaticos","status":"publish","type":"post","link":"https:\/\/www.deberes.net\/tesis\/sin-categoria\/repercusiones-del-deseo-y-la-busqueda-activa-de-informacion-sobre-la-toma-de-decisiones-en-pacientes-asmaticos\/","title":{"rendered":"Repercusiones del deseo y la b\u00fasqueda activa de informaci\u00f3n sobre la toma de decisiones en pacientes asm\u00e1ticos"},"content":{"rendered":"<h2>Tesis doctoral de <strong> Esther Ayllon Negrillo <\/strong><\/h2>\n<p>Partiendo de la premisa de que el asma es una enfermedad cr\u00f3nica, la participaci\u00f3n del paciente en el control de su propia enfermedad constituye un punto clave dentro de las estrategias terap\u00e9uticas para esta enfermedad. Por razones obvias, ello exige que el sujeto disponga de informaci\u00f3n adecuada a fin de poder adoptar las iniciativas m\u00e1s pertinentes en cada momento. para conseguir tales objetivos, durante los \u00faltimos a\u00f1os se han desarrollado diversos programas educativos dirigidos a mejorar el conocimiento de los asm\u00e1ticos acerca del proceso que padecen y su capacidad para tomar las decisiones terap\u00e9uticas m\u00e1s oportunas en cada momento. Ahora bien, \u00c2\u00bfdesean los pacientes tener esa informaci\u00f3n? Y, sobre todo, \u00c2\u00bfhasta qu\u00e9 punto est\u00e1n dispuestos a tomar decisiones?. A nuestro entender ambas preguntas tienen gran importancia porque cuanto m\u00e1s negativas sean las respuestas, menos eficiente resultar\u00e1 la tarea educativa.  con el fin de afrontar dichos interrogantes, el presente trabajo ha tenido por objetivo fundamental, desarrollar una nueva herramienta, el cuestionario informaci\u00f3n y decisiones en el asma (idea), que permitiera conocer con mayor seguridad la actitud de los pacientes asm\u00e1ticos en torno a estos elementos: el deseo de obtener informaci\u00f3n (di), la b\u00fasqueda activa de la misma (bi), y la capacidad para tomar decisiones al respecto de la propia enfermedad (td) y su tratamiento. Adem\u00e1s, del idea todos los pacientes complementaron una entrevista diagn\u00f3stica, cuestionarios de depresi\u00f3n, ansiedad, alexitimia y personalidad, y se analizaron los datos m\u00e9dicos relativos a su asma. La muestra estuvo constituida por 80 asm\u00e1ticos adultos (52 mujeres y 28 varones), vistos en las consultas externas del servicio de neumolog\u00eda del hospital la fe y el hospital arnau de vilanova de Valencia y que cumplimentaron una serie de entrevistas y cuestionarios. Los resultados obtenidos indican que:  * el idea es un instrumento fiab<\/p>\n<p>&nbsp;<\/p>\n<h3>Datos acad\u00e9micos de la tesis doctoral \u00ab<strong>Repercusiones del deseo y la b\u00fasqueda activa de informaci\u00f3n sobre la toma de decisiones en pacientes asm\u00e1ticos<\/strong>\u00ab<\/h3>\n<ul>\n<li><strong>T\u00edtulo de la tesis:<\/strong>\u00a0 Repercusiones del deseo y la b\u00fasqueda activa de informaci\u00f3n sobre la toma de decisiones en pacientes asm\u00e1ticos <\/li>\n<li><strong>Autor:<\/strong>\u00a0 Esther Ayllon Negrillo <\/li>\n<li><strong>Universidad:<\/strong>\u00a0 Universitat de val\u00e9ncia (estudi general)<\/li>\n<li><strong>Fecha de lectura de la tesis:<\/strong>\u00a0 03\/02\/2004<\/li>\n<\/ul>\n<p>&nbsp;<\/p>\n<h3>Direcci\u00f3n y tribunal<\/h3>\n<ul>\n<li><strong>Director de la tesis<\/strong>\n<ul>\n<li>Amparo Belloch Fuster<\/li>\n<\/ul>\n<\/li>\n<li><strong>Tribunal<\/strong>\n<ul>\n<li>Presidente del tribunal: jose Sanchez canovas <\/li>\n<li>Rafael Ballester arnal (vocal)<\/li>\n<li>victor Sobradillo pe\u00f1a (vocal)<\/li>\n<li> Pascual orts Luis m. (vocal)<\/li>\n<\/ul>\n<\/li>\n<\/ul>\n<p>&nbsp;<\/p>\n","protected":false},"excerpt":{"rendered":"<p>Tesis doctoral de Esther Ayllon Negrillo Partiendo de la premisa de que el asma es una enfermedad cr\u00f3nica, la participaci\u00f3n [&hellip;]<\/p>\n","protected":false},"author":1,"featured_media":0,"comment_status":"open","ping_status":"open","sticky":false,"template":"","format":"standard","meta":{"site-sidebar-layout":"default","site-content-layout":"","ast-site-content-layout":"","site-content-style":"default","site-sidebar-style":"default","ast-global-header-display":"","ast-banner-title-visibility":"","ast-main-header-display":"","ast-hfb-above-header-display":"","ast-hfb-below-header-display":"","ast-hfb-mobile-header-display":"","site-post-title":"","ast-breadcrumbs-content":"","ast-featured-img":"","footer-sml-layout":"","theme-transparent-header-meta":"","adv-header-id-meta":"","stick-header-meta":"","header-above-stick-meta":"","header-main-stick-meta":"","header-below-stick-meta":"","astra-migrate-meta-layouts":"default","ast-page-background-enabled":"default","ast-page-background-meta":{"desktop":{"background-color":"var(--ast-global-color-4)","background-image":"","background-repeat":"repeat","background-position":"center center","background-size":"auto","background-attachment":"scroll","background-type":"","background-media":"","overlay-type":"","overlay-color":"","overlay-gradient":""},"tablet":{"background-color":"","background-image":"","background-repeat":"repeat","background-position":"center center","background-size":"auto","background-attachment":"scroll","background-type":"","background-media":"","overlay-type":"","overlay-color":"","overlay-gradient":""},"mobile":{"background-color":"","background-image":"","background-repeat":"repeat","background-position":"center center","background-size":"auto","background-attachment":"scroll","background-type":"","background-media":"","overlay-type":"","overlay-color":"","overlay-gradient":""}},"ast-content-background-meta":{"desktop":{"background-color":"var(--ast-global-color-5)","background-image":"","background-repeat":"repeat","background-position":"center center","background-size":"auto","background-attachment":"scroll","background-type":"","background-media":"","overlay-type":"","overlay-color":"","overlay-gradient":""},"tablet":{"background-color":"var(--ast-global-color-5)","background-image":"","background-repeat":"repeat","background-position":"center center","background-size":"auto","background-attachment":"scroll","background-type":"","background-media":"","overlay-type":"","overlay-color":"","overlay-gradient":""},"mobile":{"background-color":"var(--ast-global-color-5)","background-image":"","background-repeat":"repeat","background-position":"center center","background-size":"auto","background-attachment":"scroll","background-type":"","background-media":"","overlay-type":"","overlay-color":"","overlay-gradient":""}},"footnotes":""},"categories":[1],"tags":[13480,81108,20058,81109,27618,8324],"class_list":["post-28478","post","type-post","status-publish","format-standard","hentry","category-sin-categoria","tag-amparo-belloch-fuster","tag-esther-ayllon-negrillo","tag-jose-sanchez-canovas","tag-pascual-orts-luis-m","tag-rafael-ballester-arnal","tag-victor-sobradillo-pena"],"_links":{"self":[{"href":"https:\/\/www.deberes.net\/tesis\/wp-json\/wp\/v2\/posts\/28478","targetHints":{"allow":["GET"]}}],"collection":[{"href":"https:\/\/www.deberes.net\/tesis\/wp-json\/wp\/v2\/posts"}],"about":[{"href":"https:\/\/www.deberes.net\/tesis\/wp-json\/wp\/v2\/types\/post"}],"author":[{"embeddable":true,"href":"https:\/\/www.deberes.net\/tesis\/wp-json\/wp\/v2\/users\/1"}],"replies":[{"embeddable":true,"href":"https:\/\/www.deberes.net\/tesis\/wp-json\/wp\/v2\/comments?post=28478"}],"version-history":[{"count":0,"href":"https:\/\/www.deberes.net\/tesis\/wp-json\/wp\/v2\/posts\/28478\/revisions"}],"wp:attachment":[{"href":"https:\/\/www.deberes.net\/tesis\/wp-json\/wp\/v2\/media?parent=28478"}],"wp:term":[{"taxonomy":"category","embeddable":true,"href":"https:\/\/www.deberes.net\/tesis\/wp-json\/wp\/v2\/categories?post=28478"},{"taxonomy":"post_tag","embeddable":true,"href":"https:\/\/www.deberes.net\/tesis\/wp-json\/wp\/v2\/tags?post=28478"}],"curies":[{"name":"wp","href":"https:\/\/api.w.org\/{rel}","templated":true}]}}