{"id":28497,"date":"2004-04-02T00:00:00","date_gmt":"2004-04-02T00:00:00","guid":{"rendered":"https:\/\/www.deberes.net\/tesis\/sin-categoria\/metodo-aproximado-para-estimar-el-estado-la%c2%admite-ultimo-en-entramados-metalicos-esbeltos\/"},"modified":"2004-04-02T00:00:00","modified_gmt":"2004-04-02T00:00:00","slug":"metodo-aproximado-para-estimar-el-estado-la%c2%admite-ultimo-en-entramados-metalicos-esbeltos","status":"publish","type":"post","link":"https:\/\/www.deberes.net\/tesis\/politecnica-de-valencia\/metodo-aproximado-para-estimar-el-estado-la%c2%admite-ultimo-en-entramados-metalicos-esbeltos\/","title":{"rendered":"M\u00e9todo aproximado para estimar el estado l\u00edmite \u00faltimo en entramados met\u00e1licos esbeltos"},"content":{"rendered":"<h2>Tesis doctoral de <strong> Antonio Aguero Ram\u00f3n-ll\u00edn <\/strong><\/h2>\n<p>En la presente tesis, para facilitar el dimensionamiento de entramados met\u00e1licos constituidos por piezas esbeltas, se desarrolla un m\u00e9todo pr\u00e1ctico para estimar su estado l\u00edmite \u00faltimo.  el c\u00e1lculo se fundamenta en un an\u00e1lisis no-lineal simplificado de la estructura con imperfecciones. Los esfuerzos primarios que se obtienen del an\u00e1lisis lineal de la estructura sin imperfecciones se complementan con unos esfuerzos secundarios asociados a todos los factores no considerados en el an\u00e1lisis: imperfecciones geom\u00e9tricas, tensiones residuales, no-linealidades mec\u00e1nicas y geom\u00e9tricas, etc.. Con ello se puede prescindir de los coeficientes \u00abamplificadores\u00bb de esfuerzos (*) o de los coeficientes \u00abreductores\u00bb de la resistencia de las secciones (*), utilizados por las normas y que dan lugar a formulaciones pocos transparentes.  se propone una metodolog\u00eda para definir las imperfecciones geom\u00e9tricas equivalentes. Esta forma de proceder es la cl\u00e1sica teor\u00eda de las preflecha latente de dutheil en la que se basa el m\u00e9todo * para el dise\u00f1o de barras comprimidas. Recientemente el euroc\u00f3digo (ec3) la ha generalizado para p\u00f3rticos de edificaci\u00f3n y aqu\u00ed se extiende su aplicaci\u00f3n a cualquier tipolog\u00eda estructural.  los esfuerzos secundarios dependen de los efectos no-lineales geom\u00e9tricos y de la forma y magnitud de la imperfecci\u00f3n geom\u00e9trica seleccionada. La forma m\u00e1s desfavroables es la definida por el primer modo de pandeo y su magnitud se selecciona de modo que coinciden las cargas depandeo obtenidas con los m\u00e9todos tradicionales y las obtenidas con el m\u00e9todo que aqu\u00ed se proponen. As\u00ed, todos los estudios experimentales y anal\u00edticos que han servido de base para la confecci\u00f3n de las normas son la base de esta propuesta en la que la magnitud de la imperfecci\u00f3n se define utilizando las \u00abcargas patr\u00f3n\u00bb, es decir, casos imples bien resueltos por las nomas. Las complejas formuladas interacci\u00f3n que se utilizan para abordar los<\/p>\n<p>&nbsp;<\/p>\n<h3>Datos acad\u00e9micos de la tesis doctoral \u00ab<strong>M\u00e9todo aproximado para estimar el estado l\u00edmite \u00faltimo en entramados met\u00e1licos esbeltos<\/strong>\u00ab<\/h3>\n<ul>\n<li><strong>T\u00edtulo de la tesis:<\/strong>\u00a0 M\u00e9todo aproximado para estimar el estado l\u00edmite \u00faltimo en entramados met\u00e1licos esbeltos <\/li>\n<li><strong>Autor:<\/strong>\u00a0 Antonio Aguero Ram\u00f3n-ll\u00edn <\/li>\n<li><strong>Universidad:<\/strong>\u00a0 Polit\u00e9cnica de Valencia<\/li>\n<li><strong>Fecha de lectura de la tesis:<\/strong>\u00a0 04\/02\/2004<\/li>\n<\/ul>\n<p>&nbsp;<\/p>\n<h3>Direcci\u00f3n y tribunal<\/h3>\n<ul>\n<li><strong>Director de la tesis<\/strong>\n<ul>\n<li> Atienza Reales Jos\u00e9 Ram\u00f3n<\/li>\n<\/ul>\n<\/li>\n<li><strong>Tribunal<\/strong>\n<ul>\n<li>Presidente del tribunal:  Rovira soler Juan  Antonio <\/li>\n<li>enrique Mirambell arrizabalaga (vocal)<\/li>\n<li>eugenio O\u00f1ate ib\u00e1\u00f1ez de navarra (vocal)<\/li>\n<li>angel Carlos Aparicio bengoechea (vocal)<\/li>\n<\/ul>\n<\/li>\n<\/ul>\n<p>&nbsp;<\/p>\n","protected":false},"excerpt":{"rendered":"<p>Tesis doctoral de Antonio Aguero Ram\u00f3n-ll\u00edn En la presente tesis, para facilitar el dimensionamiento de entramados met\u00e1licos constituidos por piezas [&hellip;]<\/p>\n","protected":false},"author":1,"featured_media":0,"comment_status":"open","ping_status":"open","sticky":false,"template":"","format":"standard","meta":{"site-sidebar-layout":"default","site-content-layout":"","ast-site-content-layout":"","site-content-style":"default","site-sidebar-style":"default","ast-global-header-display":"","ast-banner-title-visibility":"","ast-main-header-display":"","ast-hfb-above-header-display":"","ast-hfb-below-header-display":"","ast-hfb-mobile-header-display":"","site-post-title":"","ast-breadcrumbs-content":"","ast-featured-img":"","footer-sml-layout":"","theme-transparent-header-meta":"","adv-header-id-meta":"","stick-header-meta":"","header-above-stick-meta":"","header-main-stick-meta":"","header-below-stick-meta":"","astra-migrate-meta-layouts":"default","ast-page-background-enabled":"default","ast-page-background-meta":{"desktop":{"background-color":"var(--ast-global-color-4)","background-image":"","background-repeat":"repeat","background-position":"center center","background-size":"auto","background-attachment":"scroll","background-type":"","background-media":"","overlay-type":"","overlay-color":"","overlay-gradient":""},"tablet":{"background-color":"","background-image":"","background-repeat":"repeat","background-position":"center center","background-size":"auto","background-attachment":"scroll","background-type":"","background-media":"","overlay-type":"","overlay-color":"","overlay-gradient":""},"mobile":{"background-color":"","background-image":"","background-repeat":"repeat","background-position":"center center","background-size":"auto","background-attachment":"scroll","background-type":"","background-media":"","overlay-type":"","overlay-color":"","overlay-gradient":""}},"ast-content-background-meta":{"desktop":{"background-color":"var(--ast-global-color-5)","background-image":"","background-repeat":"repeat","background-position":"center center","background-size":"auto","background-attachment":"scroll","background-type":"","background-media":"","overlay-type":"","overlay-color":"","overlay-gradient":""},"tablet":{"background-color":"var(--ast-global-color-5)","background-image":"","background-repeat":"repeat","background-position":"center center","background-size":"auto","background-attachment":"scroll","background-type":"","background-media":"","overlay-type":"","overlay-color":"","overlay-gradient":""},"mobile":{"background-color":"var(--ast-global-color-5)","background-image":"","background-repeat":"repeat","background-position":"center center","background-size":"auto","background-attachment":"scroll","background-type":"","background-media":"","overlay-type":"","overlay-color":"","overlay-gradient":""}},"footnotes":""},"categories":[16820],"tags":[15827,81148,59179,15983,15730,72597],"class_list":["post-28497","post","type-post","status-publish","format-standard","hentry","category-politecnica-de-valencia","tag-angel-carlos-aparicio-bengoechea","tag-antonio-agaero-ramon-llin","tag-atienza-reales-jose-ramon","tag-enrique-mirambell-arrizabalaga","tag-eugenio-onate-ibanez-de-navarra","tag-rovira-soler-juan-antonio"],"_links":{"self":[{"href":"https:\/\/www.deberes.net\/tesis\/wp-json\/wp\/v2\/posts\/28497","targetHints":{"allow":["GET"]}}],"collection":[{"href":"https:\/\/www.deberes.net\/tesis\/wp-json\/wp\/v2\/posts"}],"about":[{"href":"https:\/\/www.deberes.net\/tesis\/wp-json\/wp\/v2\/types\/post"}],"author":[{"embeddable":true,"href":"https:\/\/www.deberes.net\/tesis\/wp-json\/wp\/v2\/users\/1"}],"replies":[{"embeddable":true,"href":"https:\/\/www.deberes.net\/tesis\/wp-json\/wp\/v2\/comments?post=28497"}],"version-history":[{"count":0,"href":"https:\/\/www.deberes.net\/tesis\/wp-json\/wp\/v2\/posts\/28497\/revisions"}],"wp:attachment":[{"href":"https:\/\/www.deberes.net\/tesis\/wp-json\/wp\/v2\/media?parent=28497"}],"wp:term":[{"taxonomy":"category","embeddable":true,"href":"https:\/\/www.deberes.net\/tesis\/wp-json\/wp\/v2\/categories?post=28497"},{"taxonomy":"post_tag","embeddable":true,"href":"https:\/\/www.deberes.net\/tesis\/wp-json\/wp\/v2\/tags?post=28497"}],"curies":[{"name":"wp","href":"https:\/\/api.w.org\/{rel}","templated":true}]}}