{"id":28536,"date":"2004-06-02T00:00:00","date_gmt":"2004-06-02T00:00:00","guid":{"rendered":"https:\/\/www.deberes.net\/tesis\/sin-categoria\/trayectoria-poetica-de-gregorio-de-matos\/"},"modified":"2004-06-02T00:00:00","modified_gmt":"2004-06-02T00:00:00","slug":"trayectoria-poetica-de-gregorio-de-matos","status":"publish","type":"post","link":"https:\/\/www.deberes.net\/tesis\/leon\/trayectoria-poetica-de-gregorio-de-matos\/","title":{"rendered":"Trayectoria poetica de gregorio de matos"},"content":{"rendered":"<h2>Tesis doctoral de <strong>  Rocha Medina M. Fatima <\/strong><\/h2>\n<p>La tesis doctoral trayectoria po\u00e9tica de gregorio de matos, bajo la perspectiva bajtiniana, invita a una posible ampliaci\u00f3n de la lectura de la obra del poeta brasile\u00f1o, evidenciando aproximaciones con los poetas espa\u00f1oles, g\u00f3ngora y quevedo. La opci\u00f3n metodol\u00f3gica de este trabajo se constituy\u00f3 por la b\u00fasqueda bibliogr\u00e1fica, trabajando con un corpus de textos gregorianos que, por la constituci\u00f3n lingu\u00edstica, de contenido y de est\u00e9tica, se aproximan al car\u00e1cter popular y sat\u00edrico-carnavalesco de la poes\u00eda.  el cap\u00edtulo uno trata de la recepci\u00f3n cr\u00edtica de gregorio de matos en una visi\u00f3n diacr\u00f3nica, con una mirada sobre el tiempo en que el poeta vivi\u00f3, destacando sus apologistas y sus detractores que le dieron el ep\u00edteto boca del infierno. Seguidamente, trata sobre la recepci\u00f3n de la obra desde la primera mitad del siglo xix, cuando el poeta surgi\u00f3 en el escenario cr\u00edtico de la colonia, hasta el siglo xx.  el cap\u00edtulo dos trata sobre la relaci\u00f3n que existe entre gregorio matos y su \u00e9poca, tratando de la espa\u00f1a del siglo de oro, el movimiento de contrarreforma, el barroco espa\u00f1ol y sus representantes m\u00e1s importantes, como relevantes factores en el entrelazamiento de las relaciones intertextuales y dial\u00f3gicas del poeta brasile\u00f1o.  el cap\u00edtulo tres presenta a gregorio en la colonia que, vista por los colonizadores ib\u00e9ricos como un para\u00edso, la invadieron para dominarla de manera intencionalmente perversa. Delante del discurso autoritario y contrarreformista de la iglesia tridentina, asociada a los respresentantes de los estratos pol\u00edtico-econ\u00f3micos y culturales, gregorio act\u00faa como un cronista que busca eternizar lo cotididano con su pena y su vena sat\u00edrica, riendo y haciendo re\u00edr de todos los que componen la ciudad, de modo especial la burgues\u00eda y los representantes de la iglesia.  el cuarto cap\u00edtulo se fija en el mundo del desorden ordenado liderado por el poeta. Es sugerida la faz carnavalesc<\/p>\n<p>&nbsp;<\/p>\n<h3>Datos acad\u00e9micos de la tesis doctoral \u00ab<strong>Trayectoria poetica de gregorio de matos<\/strong>\u00ab<\/h3>\n<ul>\n<li><strong>T\u00edtulo de la tesis:<\/strong>\u00a0 Trayectoria poetica de gregorio de matos <\/li>\n<li><strong>Autor:<\/strong>\u00a0  Rocha Medina M. Fatima <\/li>\n<li><strong>Universidad:<\/strong>\u00a0 Le\u00f3n<\/li>\n<li><strong>Fecha de lectura de la tesis:<\/strong>\u00a0 06\/02\/2004<\/li>\n<\/ul>\n<p>&nbsp;<\/p>\n<h3>Direcci\u00f3n y tribunal<\/h3>\n<ul>\n<li><strong>Director de la tesis<\/strong>\n<ul>\n<li>Juan Matas Caballero<\/li>\n<\/ul>\n<\/li>\n<li><strong>Tribunal<\/strong>\n<ul>\n<li>Presidente del tribunal: Jos\u00e9 Mar\u00eda Balcells dom\u00e9nech <\/li>\n<li>german Vega garcia luengos (vocal)<\/li>\n<li>Jos\u00e9 Mar\u00eda Reyes cano (vocal)<\/li>\n<li>ignacio Diez fernandez (vocal)<\/li>\n<\/ul>\n<\/li>\n<\/ul>\n<p>&nbsp;<\/p>\n","protected":false},"excerpt":{"rendered":"<p>Tesis doctoral de Rocha Medina M. Fatima La tesis doctoral trayectoria po\u00e9tica de gregorio de matos, bajo la perspectiva bajtiniana, [&hellip;]<\/p>\n","protected":false},"author":1,"featured_media":0,"comment_status":"open","ping_status":"open","sticky":false,"template":"","format":"standard","meta":{"site-sidebar-layout":"default","site-content-layout":"","ast-site-content-layout":"","site-content-style":"default","site-sidebar-style":"default","ast-global-header-display":"","ast-banner-title-visibility":"","ast-main-header-display":"","ast-hfb-above-header-display":"","ast-hfb-below-header-display":"","ast-hfb-mobile-header-display":"","site-post-title":"","ast-breadcrumbs-content":"","ast-featured-img":"","footer-sml-layout":"","theme-transparent-header-meta":"","adv-header-id-meta":"","stick-header-meta":"","header-above-stick-meta":"","header-main-stick-meta":"","header-below-stick-meta":"","astra-migrate-meta-layouts":"default","ast-page-background-enabled":"default","ast-page-background-meta":{"desktop":{"background-color":"var(--ast-global-color-4)","background-image":"","background-repeat":"repeat","background-position":"center center","background-size":"auto","background-attachment":"scroll","background-type":"","background-media":"","overlay-type":"","overlay-color":"","overlay-gradient":""},"tablet":{"background-color":"","background-image":"","background-repeat":"repeat","background-position":"center center","background-size":"auto","background-attachment":"scroll","background-type":"","background-media":"","overlay-type":"","overlay-color":"","overlay-gradient":""},"mobile":{"background-color":"","background-image":"","background-repeat":"repeat","background-position":"center center","background-size":"auto","background-attachment":"scroll","background-type":"","background-media":"","overlay-type":"","overlay-color":"","overlay-gradient":""}},"ast-content-background-meta":{"desktop":{"background-color":"var(--ast-global-color-5)","background-image":"","background-repeat":"repeat","background-position":"center center","background-size":"auto","background-attachment":"scroll","background-type":"","background-media":"","overlay-type":"","overlay-color":"","overlay-gradient":""},"tablet":{"background-color":"var(--ast-global-color-5)","background-image":"","background-repeat":"repeat","background-position":"center center","background-size":"auto","background-attachment":"scroll","background-type":"","background-media":"","overlay-type":"","overlay-color":"","overlay-gradient":""},"mobile":{"background-color":"var(--ast-global-color-5)","background-image":"","background-repeat":"repeat","background-position":"center center","background-size":"auto","background-attachment":"scroll","background-type":"","background-media":"","overlay-type":"","overlay-color":"","overlay-gradient":""}},"footnotes":""},"categories":[4430],"tags":[8785,81220,53398,1364,38048,81219],"class_list":["post-28536","post","type-post","status-publish","format-standard","hentry","category-leon","tag-german-vega-garcia-luengos","tag-ignacio-diez-fernandez","tag-jose-maria-balcells-domenech","tag-jose-maria-reyes-cano","tag-juan-matas-caballero","tag-rocha-medina-m-fatima"],"_links":{"self":[{"href":"https:\/\/www.deberes.net\/tesis\/wp-json\/wp\/v2\/posts\/28536","targetHints":{"allow":["GET"]}}],"collection":[{"href":"https:\/\/www.deberes.net\/tesis\/wp-json\/wp\/v2\/posts"}],"about":[{"href":"https:\/\/www.deberes.net\/tesis\/wp-json\/wp\/v2\/types\/post"}],"author":[{"embeddable":true,"href":"https:\/\/www.deberes.net\/tesis\/wp-json\/wp\/v2\/users\/1"}],"replies":[{"embeddable":true,"href":"https:\/\/www.deberes.net\/tesis\/wp-json\/wp\/v2\/comments?post=28536"}],"version-history":[{"count":0,"href":"https:\/\/www.deberes.net\/tesis\/wp-json\/wp\/v2\/posts\/28536\/revisions"}],"wp:attachment":[{"href":"https:\/\/www.deberes.net\/tesis\/wp-json\/wp\/v2\/media?parent=28536"}],"wp:term":[{"taxonomy":"category","embeddable":true,"href":"https:\/\/www.deberes.net\/tesis\/wp-json\/wp\/v2\/categories?post=28536"},{"taxonomy":"post_tag","embeddable":true,"href":"https:\/\/www.deberes.net\/tesis\/wp-json\/wp\/v2\/tags?post=28536"}],"curies":[{"name":"wp","href":"https:\/\/api.w.org\/{rel}","templated":true}]}}